{"id":19924,"date":"2026-08-31T08:26:58","date_gmt":"2026-08-31T08:26:58","guid":{"rendered":"https:\/\/radiostavanger.no\/?p=19924"},"modified":"2026-08-31T08:26:58","modified_gmt":"2026-08-31T08:26:58","slug":"aldri-opplevd-lignende-radio-stavanger","status":"publish","type":"post","link":"https:\/\/radiostavanger.no\/?p=19924","title":{"rendered":"\u2013 Aldri opplevd lignende \u2013 Radio Stavanger"},"content":{"rendered":"<p><br \/>\n<\/p>\n<div id=\"mvp-content-main\">\n<p class=\"radioh-ingress\"><strong>Tobias Gulliksen hadde angivelig takket ja til en overgang til LSK. Vel framme i Norge skal han ha ombestemt seg, til \u00c5r\u00e5sen-klubbens store frustrasjon.<\/strong>\n<\/p>\n<p><strong>Sport<\/strong>: Det er TV 2 og Romerikes Blad som melder om den spesielle historien.\n<\/p>\n<p>\u2013 Dette er ganske sjukt. Jeg har aldri opplevd lignende, sier Lillestr\u00f8ms sportssjef Espen Olsen til TV 2.\n<\/p>\n<p>Han hevder klubben og Rapid Wien-spiller Gulliksen l\u00f8rdag var enige om en l\u00e5neovergang. Da spissen s\u00e5 landet p\u00e5 norsk jord s\u00f8ndag, hadde han if\u00f8lge Olsen ombestemt seg p\u00e5 flyet.\n<\/p>\n<p>S\u00e5 sent som en halvtime f\u00f8r flyet gikk fra \u00d8sterrike skal spissen ha bekreftet at han \u00f8nsket seg til LSK, forteller sportssjefen.<\/p>\n<p>S\u00f8ndag kveld kom bekreftelsen p\u00e5 at Gulliksen ikke blir LSK-spiller.\n<\/p>\n<p>\u2013 S\u00e5 hadde vi et nytt m\u00f8te i g\u00e5r kveld, etter v\u00e5r kamp, der vi har en kort telefonsamtale med agentene og Tobias sj\u00f8l. Der sier han \u00abbeklager, men jeg drar til Tyrkia\u00bb, sier Olsen.\n<\/p>\n<p>LSK skal spille i europaligaen denne sesongen. L\u00e5net av Gulliksen var ment \u00e5 gjelde ut januar, slik at han kunne fullf\u00f8re ligaspillet i Europa med klubben.\n<\/p>\n<p>Gulliksen har tidligere spilt eliteseriefotball for Str\u00f8msgodset og Bod\u00f8\/Glimt. Han spilte deretter halvannen sesong i svenske Djurg\u00e5rden, f\u00f8r han ble solgt til Rapid i fjor sommer.\n<\/p>\n<p>(\u00a9NTB)<\/p>\n<\/p><\/div>\n<p><script async defer crossorigin=\"anonymous\" data-lazy=\"w3tc\" data-src=\"https:\/\/connect.facebook.net\/nb_NO\/sdk.js#xfbml=1&#038;version=v18.0\"><\/script><br \/>\n<br \/><br \/>\n<br \/><a href=\"https:\/\/radioh.no\/overgang-gikk-i-vasken-for-lsk-etter-drama-i-tolvte-time-aldri-opplevd-lignende\/\">Kilde <\/a><\/p>","protected":false},"excerpt":{"rendered":"<p>Tobias Gulliksen hadde angivelig takket ja til en overgang til LSK. Vel framme i Norge skal han ha ombestemt seg, til \u00c5r\u00e5sen-klubbens store frustrasjon. Sport: Det er TV 2 og Romerikes Blad som melder om den spesielle historien. \u2013 Dette er ganske sjukt. Jeg har aldri opplevd lignende, sier Lillestr\u00f8ms sportssjef Espen Olsen til TV [&hellip;]<\/p>","protected":false},"author":1,"featured_media":19925,"comment_status":"","ping_status":"","sticky":false,"template":"","format":"standard","meta":{"footnotes":""},"categories":[107],"tags":[],"tmauthors":[],"class_list":["post-19924","post","type-post","status-publish","format-standard","has-post-thumbnail","category-nyheter"],"_links":{"self":[{"href":"https:\/\/radiostavanger.no\/index.php?rest_route=\/wp\/v2\/posts\/19924","targetHints":{"allow":["GET"]}}],"collection":[{"href":"https:\/\/radiostavanger.no\/index.php?rest_route=\/wp\/v2\/posts"}],"about":[{"href":"https:\/\/radiostavanger.no\/index.php?rest_route=\/wp\/v2\/types\/post"}],"author":[{"embeddable":true,"href":"https:\/\/radiostavanger.no\/index.php?rest_route=\/wp\/v2\/users\/1"}],"replies":[{"embeddable":true,"href":"https:\/\/radiostavanger.no\/index.php?rest_route=%2Fwp%2Fv2%2Fcomments&post=19924"}],"version-history":[{"count":0,"href":"https:\/\/radiostavanger.no\/index.php?rest_route=\/wp\/v2\/posts\/19924\/revisions"}],"wp:featuredmedia":[{"embeddable":true,"href":"https:\/\/radiostavanger.no\/index.php?rest_route=\/wp\/v2\/media\/19925"}],"wp:attachment":[{"href":"https:\/\/radiostavanger.no\/index.php?rest_route=%2Fwp%2Fv2%2Fmedia&parent=19924"}],"wp:term":[{"taxonomy":"category","embeddable":true,"href":"https:\/\/radiostavanger.no\/index.php?rest_route=%2Fwp%2Fv2%2Fcategories&post=19924"},{"taxonomy":"post_tag","embeddable":true,"href":"https:\/\/radiostavanger.no\/index.php?rest_route=%2Fwp%2Fv2%2Ftags&post=19924"},{"taxonomy":"tmauthors","embeddable":true,"href":"https:\/\/radiostavanger.no\/index.php?rest_route=%2Fwp%2Fv2%2Ftmauthors&post=19924"}],"curies":[{"name":"wp","href":"https:\/\/api.w.org\/{rel}","templated":true}]}}