{"id":19926,"date":"2026-08-31T08:38:52","date_gmt":"2026-08-31T08:38:52","guid":{"rendered":"https:\/\/radiostavanger.no\/?p=19926"},"modified":"2026-08-31T08:38:52","modified_gmt":"2026-08-31T08:38:52","slug":"arvid-maeland-tar-farvel-med-kong-harald-nrk-rogaland-lokale-nyheter-tv-og-radio","status":"publish","type":"post","link":"https:\/\/radiostavanger.no\/?p=19926","title":{"rendered":"Arvid M\u00e6land tar farvel med kong Harald \u2013 NRK Rogaland \u2013 Lokale nyheter, TV og radio"},"content":{"rendered":"<p><br \/>\n<\/p>\n<div data-main-content=\"\" data-ec-list=\"article_body\" data-ec-name=\"br\u00f8dtekst\">\n<p>\u2013 Det var litt dumt. Det er ikkje noko vi f\u00e5r gjort med det. Det blei for byr\u00e5kratisk, fortel M\u00e6land.<\/p>\n<p>NRK m\u00f8ter han i det han sj\u00f8lv har d\u00f8ypt Kongsdalen p\u00e5 Lauperak i Bjerkreim.<\/p>\n<p>Planen var \u00e5 f\u00e5 p\u00e5 plass ei 30 gonger 20 meter stor maske av kong Harald p\u00e5 ein fjellvegg p\u00e5 garden.<\/p>\n<div id=\"1.18008389.75f69f61\" class=\"g100 col fc s10 sl12 sl18 sg6 sg9 image-reference image-reference--ORIGINAL\"><!-- include: \/serum\/render?id=1.18008389&size=10&perspective=RICH&alignment=CENTER&caption=Vi+kjem+til+%C3%A5+sakne+kongen%2C+men+vi+er+utruleg+heldige+som+har+f%C3%A5tt+levd+under+hans+tid%2C+seier+M%C3%A6land.+&type=image&aspect=ORIGINAL&parentSize=10 --><!-- START: \/templates\/image\/image-rich.jsp --><\/p>\n<figure class=\"image widget rich\">\n<div style=\"padding-bottom:66.66667%;\" class=\"responsive-img ORIGINAL\"><img decoding=\"async\" sizes=\"(min-width:1180px) 639px, (min-width:720px) 56vw, 100vw\" srcset=\"https:\/\/gfx.nrk.no\/YNRKBdMdu-bpfVZ1Ad4Wgg27cKxAptkyvMj0-aCf41Lg.jpg 80w, https:\/\/gfx.nrk.no\/YNRKBdMdu-bpfVZ1Ad4WggJfEy_gFVGLXMj0-aCf41Lg.jpg 160w, https:\/\/gfx.nrk.no\/YNRKBdMdu-bpfVZ1Ad4WggLIhun_R1R0HMj0-aCf41Lg.jpg 350w, https:\/\/gfx.nrk.no\/YNRKBdMdu-bpfVZ1Ad4WggmhVIM5XJgWDMj0-aCf41Lg.jpg 450w, https:\/\/gfx.nrk.no\/YNRKBdMdu-bpfVZ1Ad4WggHkAcMvYAbjXMj0-aCf41Lg.jpg 650w, https:\/\/gfx.nrk.no\/YNRKBdMdu-bpfVZ1Ad4Wggne3cAo-7FUDMj0-aCf41Lg.jpg 1000w, https:\/\/gfx.nrk.no\/YNRKBdMdu-bpfVZ1Ad4WggSyun_vmno6vMj0-aCf41Lg.jpg 1200w, https:\/\/gfx.nrk.no\/YNRKBdMdu-bpfVZ1Ad4WggfmWkLuVbRTLMj0-aCf41Lg.jpg 1600w, https:\/\/gfx.nrk.no\/YNRKBdMdu-bpfVZ1Ad4WggXRB32GyKb7fMj0-aCf41Lg.jpg 2000w\" src=\"data:image\/gif;base64,R0lGODlhAQABAIAAAAAAAP\/\/\/yH5BAEAAAAALAAAAAABAAEAAAIBRAA7\" loading=\"eager\" alt=\"Arvid M\u00e6land p\u00e5 garden p\u00e5 Lauperak\" title=\"Foto: Arild Eskeland \/ NRK\"\/><\/div><figcaption>\n<p class=\"\">Vi kjem til \u00e5 sakne kongen, men vi er utruleg heldige som har f\u00e5tt levd under hans tid, seier M\u00e6land. <\/p>\n<p><small>Foto: Arild Eskeland \/ NRK<\/small><br \/>\n<\/figcaption><\/figure>\n<p><!-- END: \/templates\/image\/image-rich.jsp -->\n<\/div>\n<p>Prosjektet var tenkt som ein hyllest til Kong Harald, men kom aldri i skikkeleg i gang. No s\u00f8rger han over kong Haralds bortgang.<\/p>\n<p>\u2013 Han var ein folkekonge av dimensjonar. Tenk \u00e5 f\u00e5 vere p\u00e5 post til det siste. Vi kjem til \u00e5 sakna kongen, men no ser vi sonen hans. Han kjem til bli ein like konge, konge.<\/p>\n<div id=\"1.18008372.7417803f\" class=\"g100 col fc s10 sl12 sl18 sg6 sg9 image-reference image-reference--ORIGINAL\"><!-- include: \/serum\/render?id=1.18008372&size=10&perspective=RICH&alignment=CENTER&caption=Slik+blei+id%C3%A9en+presentert+for+f%C3%B8rste+gong.+&type=image&aspect=ORIGINAL&parentSize=10 --><!-- START: \/templates\/image\/image-rich.jsp --><\/p>\n<figure class=\"image widget rich\">\n<div style=\"padding-bottom:75.0%;\" class=\"responsive-img ORIGINAL\"><img decoding=\"async\" sizes=\"(min-width:1180px) 639px, (min-width:720px) 56vw, 100vw\" srcset=\"https:\/\/gfx.nrk.no\/XxQz31QYzRGk1BT4O4BTjQDcTHEzsUESRHAT5EhGRDkQ.jpg 80w, https:\/\/gfx.nrk.no\/XxQz31QYzRGk1BT4O4BTjQO260v1K8mYlHAT5EhGRDkQ.jpg 160w, https:\/\/gfx.nrk.no\/XxQz31QYzRGk1BT4O4BTjQERCpVOyLnOxHAT5EhGRDkQ.jpg 350w, https:\/\/gfx.nrk.no\/XxQz31QYzRGk1BT4O4BTjQlGSh5aMY6udHAT5EhGRDkQ.jpg 450w, https:\/\/gfx.nrk.no\/XxQz31QYzRGk1BT4O4BTjQb32dpYZfavNHAT5EhGRDkQ.jpg 650w, https:\/\/gfx.nrk.no\/XxQz31QYzRGk1BT4O4BTjQYLmorsJEaixHAT5EhGRDkQ.jpg 1000w, https:\/\/gfx.nrk.no\/XxQz31QYzRGk1BT4O4BTjQ442DOSIQoDRHAT5EhGRDkQ.jpg 1200w, https:\/\/gfx.nrk.no\/XxQz31QYzRGk1BT4O4BTjQwEZT52mqCqBHAT5EhGRDkQ.jpg 1600w, https:\/\/gfx.nrk.no\/XxQz31QYzRGk1BT4O4BTjQKQ_JWJN3BwpHAT5EhGRDkQ.jpg 2000w\" src=\"data:image\/gif;base64,R0lGODlhAQABAIAAAAAAAP\/\/\/yH5BAEAAAAALAAAAAABAAEAAAIBRAA7\" loading=\"eager\" alt=\"Fotomontasje av kong Harald i fjellet i Lauperak i Bjerkreim, etter ide fra Arvid M\u00e6land.\" title=\"Foto: Fotomontasje\"\/><\/div><figcaption>\n<p class=\"\">Slik blei id\u00e9en presentert for f\u00f8rste gong. <\/p>\n<p><small>Foto: Fotomontasje<\/small><br \/>\n<\/figcaption><\/figure>\n<p><!-- END: \/templates\/image\/image-rich.jsp -->\n<\/div>\n<p>M\u00e6land blei kjend for folk flest gjennom NRK-serien \u00abCowboyen og kongen\u00bb, der vi mellom anna f\u00f8lger han i fors\u00f8ket p\u00e5 \u00e5 reise monumentet av kong Harald.<\/p>\n<div id=\"1.18008395.77b98f81\" class=\"g100 col fln s10 sl12 sl18 sg6 sg9 video-reference\"><!-- include: \/serum\/render?id=1.18008395&size=10&perspective=RICH&alignment=AUTO&caption=Arvid+vil+lage+sitt+eige+Mount+Rushmore+av+kongen+i+fjellet.+Det+h%C3%B8yrest+umogleg+ut%2C+men+ikkje+for+Arvid.&variant=player&parentSize=10 --><\/p>\n<figure class=\"image nrkno-embed-initialize video widget rich\" id=\"video-cc85d67f-3367-4356-a3b6-aa588cf1f215\" nrkno-embed-type=\"nrkno-embed-nrkno-player\" data-video-id=\"cc85d67f-3367-4356-a3b6-aa588cf1f215\" data-video-source=\"POTION\" data-video-type=\"DEFAULT\" data-title=\"Cowboyen og kongen 2\" data-ec-id=\"potion:cc85d67f-3367-4356-a3b6-aa588cf1f215\" data-ec-name=\"Arvid vil lage sitt eige Mount Rushmore av kongen i fjellet. Det h\u00f8yrest umogleg ut, men ikkje for Arvid.\" data-audio-as-video=\"false\" data-player-mode=\"default\" data-canonical-url=\"https:\/\/www.nrk.no\/video\/cc85d67f-3367-4356-a3b6-aa588cf1f215\" data-autoplay=\"false\" data-ps-id=\"cc85d67f-3367-4356-a3b6-aa588cf1f215\" data-aspect-ratio=\"16x9\" data-type=\"DEFAULT\" data-lazy-autoplay=\"false\" data-video-offset=\"0\"><figcaption>\n<p>Arvid vil lage sitt eige Mount Rushmore av kongen i fjellet. Det h\u00f8yrest umogleg ut, men ikkje for Arvid.<\/p>\n<\/figcaption><\/figure>\n<\/div>\n<h2>Fekk id\u00e9en p\u00e5 Mount Rushmore<\/h2>\n<p>Id\u00e9en til det mektige monumentet fekk M\u00e6land etter ein tur til USA.<\/p>\n<p>\u2013 Bror min sa eg m\u00e5tte f\u00e5 malt ein cowboy der oppe i fjellet, men s\u00e5 hadde eg akkurat vore p\u00e5 Mount Rushmore. D\u00e5 tente id\u00e9en seg, fortel han.<\/p>\n<div id=\"1.17369580.f46a9b85\" class=\"g100 col fc s10 sl12 sl18 sg6 sg9 image-reference image-reference--ORIGINAL\"><!-- include: \/serum\/render?id=1.17369580&size=10&perspective=RICH&alignment=CENTER&caption=Mount+Rushmore+i+South+Dakota+er+eit+nasjonalt+minnesmerke+der+hovuda+til+presidentane+Washington%2C+Jefferson%2C+Roosevelt+og+Lincoln+er+hogde+ut+i+berget.&type=image&aspect=ORIGINAL&parentSize=10 --><!-- START: \/templates\/image\/image-rich.jsp --><\/p>\n<figure class=\"image widget rich\">\n<div style=\"padding-bottom:66.66667%;\" class=\"responsive-img ORIGINAL\"><img decoding=\"async\" sizes=\"(min-width:1180px) 639px, (min-width:720px) 56vw, 100vw\" srcset=\"https:\/\/gfx.nrk.no\/xt1xVFIvhilY1h6QHNWxbwmRNG4bJP2bHnN7vyVR2szw.jpg 80w, https:\/\/gfx.nrk.no\/xt1xVFIvhilY1h6QHNWxbw0PbBIWaNiXXnN7vyVR2szw.jpg 160w, https:\/\/gfx.nrk.no\/xt1xVFIvhilY1h6QHNWxbwA6aRiY56jdPnN7vyVR2szw.jpg 350w, https:\/\/gfx.nrk.no\/xt1xVFIvhilY1h6QHNWxbwL9_n4-RslvPnN7vyVR2szw.jpg 450w, https:\/\/gfx.nrk.no\/xt1xVFIvhilY1h6QHNWxbwVlTprvD2-I_nN7vyVR2szw.jpg 650w, https:\/\/gfx.nrk.no\/xt1xVFIvhilY1h6QHNWxbwGMWmbEc6J5LnN7vyVR2szw.jpg 1000w, https:\/\/gfx.nrk.no\/xt1xVFIvhilY1h6QHNWxbwnWPVH8gjP9PnN7vyVR2szw.jpg 1200w, https:\/\/gfx.nrk.no\/xt1xVFIvhilY1h6QHNWxbwQHCkrUVaoIznN7vyVR2szw.jpg 1600w, https:\/\/gfx.nrk.no\/xt1xVFIvhilY1h6QHNWxbwv5SB0NPcm7bnN7vyVR2szw.jpg 2000w\" src=\"data:image\/gif;base64,R0lGODlhAQABAIAAAAAAAP\/\/\/yH5BAEAAAAALAAAAAABAAEAAAIBRAA7\" loading=\"eager\" alt=\"Nummer to fra venstre, Thomas Jefferson. En av USAs landsfedere. Foto: AFP \/ Kerem Yucel \" title=\"Foto: AFP\"\/><\/div><figcaption>\n<p class=\"\">Mount Rushmore i South Dakota er eit nasjonalt minnesmerke der hovuda til presidentane Washington, Jefferson, Roosevelt og Lincoln er hogde ut i berget.<\/p>\n<p><small>Foto: AFP<\/small><br \/>\n<\/figcaption><\/figure>\n<p><!-- END: \/templates\/image\/image-rich.jsp -->\n<\/div>\n<p>M\u00e6land meinte nemleg synet p\u00e5 kongefamilien hadde endra seg.<\/p>\n<p>\u2013 D\u00e5 eg var liten hadde folk bilete av kongen og dronninga i heimane sine, men s\u00e5 forsvann dei til utedoen. Det synest eg var veldig gale, seier M\u00e6land.<\/p>\n<p>\u2013 Eit folk m\u00e5 ha ein samlande leiar, statsministrar kjem og g\u00e5r, held han fram.<\/p>\n<p><!-- \/\/ Reference Autonomous --><\/p>\n<h2>Sende melding til hoffet<\/h2>\n<p>Sj\u00f8lv om prosjektet m\u00f8tte byr\u00e5kratiske hindringar, seier M\u00e6land at han opplevde stor st\u00f8tte fr\u00e5 folk flest. Han tok ogs\u00e5 kontakt med kongehuset fleire gonger for \u00e5 opplyse om prosjektet.<\/p>\n<div id=\"1.18008334.f4242600\" class=\"g100 col fc s10 sl12 sl18 sg6 sg9 image-reference image-reference--ORIGINAL\"><!-- include: \/serum\/render?id=1.18008334&size=10&perspective=RICH&alignment=CENTER&caption=%E2%80%93+Vi+har+d%C3%B8ypt+det+Kongsdalen+her+inne%2C+seier+M%C3%A6land+om+garden+p%C3%A5+Lauperak.+&type=image&aspect=ORIGINAL&parentSize=10 --><!-- START: \/templates\/image\/image-rich.jsp --><\/p>\n<figure class=\"image widget rich\">\n<div style=\"padding-bottom:66.66667%;\" class=\"responsive-img ORIGINAL\"><img decoding=\"async\" sizes=\"(min-width:1180px) 639px, (min-width:720px) 56vw, 100vw\" srcset=\"https:\/\/gfx.nrk.no\/KrPGvwx2_oAYiAv2kf99RQJiv1Z3x9xzvrx8MZ7I1ZPg.jpg 80w, https:\/\/gfx.nrk.no\/KrPGvwx2_oAYiAv2kf99RQAeeIKCUhiz_rx8MZ7I1ZPg.jpg 160w, https:\/\/gfx.nrk.no\/KrPGvwx2_oAYiAv2kf99RQ4Av8rrVmXuvrx8MZ7I1ZPg.jpg 350w, https:\/\/gfx.nrk.no\/KrPGvwx2_oAYiAv2kf99RQXjQknDs3bVDrx8MZ7I1ZPg.jpg 450w, https:\/\/gfx.nrk.no\/KrPGvwx2_oAYiAv2kf99RQy_VZnjEYFAHrx8MZ7I1ZPg.jpg 650w, https:\/\/gfx.nrk.no\/KrPGvwx2_oAYiAv2kf99RQfNipAjZM6pfrx8MZ7I1ZPg.jpg 1000w, https:\/\/gfx.nrk.no\/KrPGvwx2_oAYiAv2kf99RQut27nt_jo4nrx8MZ7I1ZPg.jpg 1200w, https:\/\/gfx.nrk.no\/KrPGvwx2_oAYiAv2kf99RQ_VPhArB3sH3rx8MZ7I1ZPg.jpg 1600w, https:\/\/gfx.nrk.no\/KrPGvwx2_oAYiAv2kf99RQUbPdV2nP21vrx8MZ7I1ZPg.jpg 2000w\" src=\"data:image\/gif;base64,R0lGODlhAQABAIAAAAAAAP\/\/\/yH5BAEAAAAALAAAAAABAAEAAAIBRAA7\" loading=\"eager\" alt=\"Kongsdalen p\u00e5 Lauperak\" title=\"Foto: Arild Eskeland \/ NRK\"\/><\/div><figcaption>\n<p class=\"\">\u2013 Vi har d\u00f8ypt det Kongsdalen her inne, seier M\u00e6land om garden p\u00e5 Lauperak. <\/p>\n<p><small>Foto: Arild Eskeland \/ NRK<\/small><br \/>\n<\/figcaption><\/figure>\n<p><!-- END: \/templates\/image\/image-rich.jsp -->\n<\/div>\n<p>\u2013 Eg sende melding til hoffet tre gonger. Dei svara at dei ikkje kunne uttale seg om saka, men eg h\u00f8yrde via omvegar at kongen synest det var ganske kult.<\/p>\n<p>Sj\u00f8lv om monumentet i fjellet manglar, har kong Harald set avtrykk i dalen.<\/p>\n<p>\u2013 Vi har d\u00f8ypt det Kongsdalen her inne, sj\u00f8lv om det ikkje viser p\u00e5 \u00abGPS-en\u00bb end\u00e5.<\/p>\n<p>\u2013 Og s\u00e5 har vi ein statue av han i tre oppi i svingen. Kongen er ein del av dalen.<\/p>\n<div id=\"1.18008332.f7e26444\" class=\"g100 col fc s10 sl12 sl18 sg6 sg9 image-reference image-reference--ORIGINAL\"><!-- include: \/serum\/render?id=1.18008332&size=10&perspective=RICH&alignment=CENTER&caption=Arvid+M%C3%A6land+har+laga+ein+statue+av+kongen+%28t.h.%29+som+st%C3%A5r+p%C3%A5+garden+i+Lauperak.+&type=image&aspect=ORIGINAL&parentSize=10 --><!-- START: \/templates\/image\/image-rich.jsp --><\/p>\n<figure class=\"image widget rich\">\n<div style=\"padding-bottom:66.66667%;\" class=\"responsive-img ORIGINAL\"><img decoding=\"async\" sizes=\"(min-width:1180px) 639px, (min-width:720px) 56vw, 100vw\" srcset=\"https:\/\/gfx.nrk.no\/QsQlq9ayolmRIzzfUcK-NgG9fVbi8vayus21ESJZUk_A.jpg 80w, https:\/\/gfx.nrk.no\/QsQlq9ayolmRIzzfUcK-Ng-ROinM_Xq3ms21ESJZUk_A.jpg 160w, https:\/\/gfx.nrk.no\/QsQlq9ayolmRIzzfUcK-NgElZGdRmj-bKs21ESJZUk_A.jpg 350w, https:\/\/gfx.nrk.no\/QsQlq9ayolmRIzzfUcK-Ng-sMGzEsHnfms21ESJZUk_A.jpg 450w, https:\/\/gfx.nrk.no\/QsQlq9ayolmRIzzfUcK-Ng9v12OyvfLeqs21ESJZUk_A.jpg 650w, https:\/\/gfx.nrk.no\/QsQlq9ayolmRIzzfUcK-NgkC1FxqudVZas21ESJZUk_A.jpg 1000w, https:\/\/gfx.nrk.no\/QsQlq9ayolmRIzzfUcK-NgN3FAX43Pc7-s21ESJZUk_A.jpg 1200w, https:\/\/gfx.nrk.no\/QsQlq9ayolmRIzzfUcK-NgZuCvlSD3JtSs21ESJZUk_A.jpg 1600w, https:\/\/gfx.nrk.no\/QsQlq9ayolmRIzzfUcK-NgpeK4AWZasDGs21ESJZUk_A.jpg 2000w\" src=\"data:image\/gif;base64,R0lGODlhAQABAIAAAAAAAP\/\/\/yH5BAEAAAAALAAAAAABAAEAAAIBRAA7\" loading=\"eager\" alt=\"To utsk\u00e5rne trefigurer st\u00e5r ved et skilt merket Velkommen til Kongsdalen med fjell og fjord bak. (Bildebeskrivelsen er laget av en KI-tjeneste)\" title=\"Foto: Arild Eskeland \/ NRK\"\/><\/div><figcaption>\n<p class=\"\">Arvid M\u00e6land har laga ein statue av kongen (t.h.) som st\u00e5r p\u00e5 garden i Lauperak. <\/p>\n<p><small>Foto: Arild Eskeland \/ NRK<\/small><br \/>\n<\/figcaption><\/figure>\n<p><!-- END: \/templates\/image\/image-rich.jsp -->\n<\/div>\n<h2>Kan kome fleire der oppe etter kvart<\/h2>\n<p>Trass i sorga over at kong Harald no er borte, meiner M\u00e6land at kongen fekk ein verdig slutt p\u00e5 eit langt liv i teneste for landet.<\/p>\n<div id=\"1.18008400.7927f29b\" class=\"g100 col fc s10 sl12 sl18 sg6 sg9 image-reference image-reference--ORIGINAL\"><!-- include: \/serum\/render?id=1.18008400&size=10&perspective=RICH&alignment=CENTER&caption=%E2%80%93+Eg+meiner+kong+Harald+var+veldig+flott%2C+seier+M%C3%A6land.+Her+fotografert+i+samband+med+serien+%C2%ABCowboyen+og+kongen%C2%BB.+&type=image&aspect=ORIGINAL&parentSize=10 --><!-- START: \/templates\/image\/image-rich.jsp --><\/p>\n<figure class=\"image widget rich\">\n<div style=\"padding-bottom:66.79678%;\" class=\"responsive-img ORIGINAL\"><img decoding=\"async\" sizes=\"(min-width:1180px) 639px, (min-width:720px) 56vw, 100vw\" srcset=\"https:\/\/gfx.nrk.no\/Hp-LRRWIj10XMg-R5KeTawpytpIqD7Nb9HnrV67F9eUQ.jpg 80w, https:\/\/gfx.nrk.no\/Hp-LRRWIj10XMg-R5KeTawDTbXNPCFNf9HnrV67F9eUQ.jpg 160w, https:\/\/gfx.nrk.no\/Hp-LRRWIj10XMg-R5KeTawHTDzQROqhJJHnrV67F9eUQ.jpg 350w, https:\/\/gfx.nrk.no\/Hp-LRRWIj10XMg-R5KeTawtUw35iSrHcdHnrV67F9eUQ.jpg 450w, https:\/\/gfx.nrk.no\/Hp-LRRWIj10XMg-R5KeTawVEFfxBoeGq1HnrV67F9eUQ.jpg 650w, https:\/\/gfx.nrk.no\/Hp-LRRWIj10XMg-R5KeTaw5h1d-5yljj1HnrV67F9eUQ.jpg 1000w, https:\/\/gfx.nrk.no\/Hp-LRRWIj10XMg-R5KeTaw_LEPJZPWaLtHnrV67F9eUQ.jpg 1200w, https:\/\/gfx.nrk.no\/Hp-LRRWIj10XMg-R5KeTawBCBhhBI1QFtHnrV67F9eUQ.jpg 1600w, https:\/\/gfx.nrk.no\/Hp-LRRWIj10XMg-R5KeTawj9PQj9rUivRHnrV67F9eUQ.jpg 2000w\" src=\"data:image\/gif;base64,R0lGODlhAQABAIAAAAAAAP\/\/\/yH5BAEAAAAALAAAAAABAAEAAAIBRAA7\" loading=\"eager\" alt=\"Arvid M\u00e6land i Cowboyen og kongen p\u00e5 fjellet \" title=\"Foto: NRK\"\/><\/div><figcaption>\n<p class=\"\">\u2013 Eg meiner kong Harald var veldig flott, seier M\u00e6land. Her fotografert i samband med serien \u00abCowboyen og kongen\u00bb. <\/p>\n<p><small>Foto: NRK<\/small><br \/>\n<\/figcaption><\/figure>\n<p><!-- END: \/templates\/image\/image-rich.jsp -->\n<\/div>\n<p>\u2013 Tenk \u00e5 f\u00e5 vere p\u00e5 post til det siste og d\u00f8y p\u00e5 topp. Vi kjem til \u00e5 sakne kongen, men vi er utruleg heldige som har f\u00e5tt levd under hans tid.<\/p>\n<p><em>Vil du no ha eit monument av kong Haakon i fjellet? <\/em><\/p>\n<p>\u2013 Eg meiner kong Harald var veldig flott, men fjellet er stort og det kan kome fleire der oppe etter kvart.<\/p>\n<p><!-- include: \/serum\/render?id=1.16930046&size=18&perspective=RICH&alignment=AUTO --><!-- START: \/templates\/section\/section.jsp --><\/p>\n<p><!-- END: \/templates\/section\/section.jsp -->\n<\/div>\n<p>\n<span class=\"article-publish-date publish-date \"><br \/>\n<span class=\"article-dateline-annotation\">Publisert<\/span><br \/>\n<time class=\"datetime-absolute datePublished\" datetime=\"2026-08-31T10:25:53+02:00\"><br \/>\n31.08.2026, kl. 10.25<br \/>\n<\/time><br \/>\n<\/span>\n<\/p>\n<p><br \/>\n<br \/><a href=\"https:\/\/www.nrk.no\/rogaland\/arvid-maeland-tar-farvel-med-kong-harald-1.18008188\">Kildelink <\/a><\/p>","protected":false},"excerpt":{"rendered":"<p>\u2013 Det var litt dumt. Det er ikkje noko vi f\u00e5r gjort med det. Det blei for byr\u00e5kratisk, fortel M\u00e6land. NRK m\u00f8ter han i det han sj\u00f8lv har d\u00f8ypt Kongsdalen p\u00e5 Lauperak i Bjerkreim. Planen var \u00e5 f\u00e5 p\u00e5 plass ei 30 gonger 20 meter stor maske av kong Harald p\u00e5 ein fjellvegg p\u00e5 garden. [&hellip;]<\/p>","protected":false},"author":1,"featured_media":19927,"comment_status":"","ping_status":"","sticky":false,"template":"","format":"standard","meta":{"footnotes":""},"categories":[108],"tags":[],"tmauthors":[],"class_list":["post-19926","post","type-post","status-publish","format-standard","has-post-thumbnail","category-lokalnyheter"],"_links":{"self":[{"href":"https:\/\/radiostavanger.no\/index.php?rest_route=\/wp\/v2\/posts\/19926","targetHints":{"allow":["GET"]}}],"collection":[{"href":"https:\/\/radiostavanger.no\/index.php?rest_route=\/wp\/v2\/posts"}],"about":[{"href":"https:\/\/radiostavanger.no\/index.php?rest_route=\/wp\/v2\/types\/post"}],"author":[{"embeddable":true,"href":"https:\/\/radiostavanger.no\/index.php?rest_route=\/wp\/v2\/users\/1"}],"replies":[{"embeddable":true,"href":"https:\/\/radiostavanger.no\/index.php?rest_route=%2Fwp%2Fv2%2Fcomments&post=19926"}],"version-history":[{"count":0,"href":"https:\/\/radiostavanger.no\/index.php?rest_route=\/wp\/v2\/posts\/19926\/revisions"}],"wp:featuredmedia":[{"embeddable":true,"href":"https:\/\/radiostavanger.no\/index.php?rest_route=\/wp\/v2\/media\/19927"}],"wp:attachment":[{"href":"https:\/\/radiostavanger.no\/index.php?rest_route=%2Fwp%2Fv2%2Fmedia&parent=19926"}],"wp:term":[{"taxonomy":"category","embeddable":true,"href":"https:\/\/radiostavanger.no\/index.php?rest_route=%2Fwp%2Fv2%2Fcategories&post=19926"},{"taxonomy":"post_tag","embeddable":true,"href":"https:\/\/radiostavanger.no\/index.php?rest_route=%2Fwp%2Fv2%2Ftags&post=19926"},{"taxonomy":"tmauthors","embeddable":true,"href":"https:\/\/radiostavanger.no\/index.php?rest_route=%2Fwp%2Fv2%2Ftmauthors&post=19926"}],"curies":[{"name":"wp","href":"https:\/\/api.w.org\/{rel}","templated":true}]}}