{"id":19932,"date":"2026-08-31T08:52:05","date_gmt":"2026-08-31T08:52:05","guid":{"rendered":"https:\/\/radiostavanger.no\/?p=19932"},"modified":"2026-08-31T08:52:05","modified_gmt":"2026-08-31T08:52:05","slug":"det-blir-debatten-sending-pa-nrk-tirsdag-radio-stavanger","status":"publish","type":"post","link":"https:\/\/radiostavanger.no\/?p=19932","title":{"rendered":"Det blir \u00abDebatten\u00bb-sending p\u00e5 NRK tirsdag \u2013 Radio Stavanger"},"content":{"rendered":"<p><br \/>\n<\/p>\n<div id=\"mvp-content-main\">\n<p class=\"radioh-ingress\"><strong>Det bekrefter programleder Steinar Suvatne til Dagbladet.<\/strong>\n<\/p>\n<p><strong>Innenriks<\/strong>: \u2013 Jeg kan bekrefte at det blir \u00abDebatten\u00bb-sending i morgen. Vi jobber n\u00e5 med \u00e5 avklare tema og gjester, skriver han til avisen.\n<\/p>\n<p>NRK avlyste torsdag programmet p\u00e5 grunn av kong Haralds helsetilstand.\n<\/p>\n<p>Tirsdag er det tilbake p\u00e5 skjermen.\n<\/p>\n<p>(\u00a9NTB)<\/p>\n<\/p><\/div>\n<p><script async defer crossorigin=\"anonymous\" data-lazy=\"w3tc\" data-src=\"https:\/\/connect.facebook.net\/nb_NO\/sdk.js#xfbml=1&#038;version=v18.0\"><\/script><br \/>\n<br \/><br \/>\n<br \/><a href=\"https:\/\/radioh.no\/det-blir-debatten-sending-pa-nrk-tirsdag\/\">Kilde <\/a><\/p>","protected":false},"excerpt":{"rendered":"<p>Det bekrefter programleder Steinar Suvatne til Dagbladet. Innenriks: \u2013 Jeg kan bekrefte at det blir \u00abDebatten\u00bb-sending i morgen. Vi jobber n\u00e5 med \u00e5 avklare tema og gjester, skriver han til avisen. NRK avlyste torsdag programmet p\u00e5 grunn av kong Haralds helsetilstand. Tirsdag er det tilbake p\u00e5 skjermen. (\u00a9NTB) Kilde<\/p>","protected":false},"author":1,"featured_media":19933,"comment_status":"","ping_status":"","sticky":false,"template":"","format":"standard","meta":{"footnotes":""},"categories":[107],"tags":[],"tmauthors":[],"class_list":["post-19932","post","type-post","status-publish","format-standard","has-post-thumbnail","category-nyheter"],"_links":{"self":[{"href":"https:\/\/radiostavanger.no\/index.php?rest_route=\/wp\/v2\/posts\/19932","targetHints":{"allow":["GET"]}}],"collection":[{"href":"https:\/\/radiostavanger.no\/index.php?rest_route=\/wp\/v2\/posts"}],"about":[{"href":"https:\/\/radiostavanger.no\/index.php?rest_route=\/wp\/v2\/types\/post"}],"author":[{"embeddable":true,"href":"https:\/\/radiostavanger.no\/index.php?rest_route=\/wp\/v2\/users\/1"}],"replies":[{"embeddable":true,"href":"https:\/\/radiostavanger.no\/index.php?rest_route=%2Fwp%2Fv2%2Fcomments&post=19932"}],"version-history":[{"count":0,"href":"https:\/\/radiostavanger.no\/index.php?rest_route=\/wp\/v2\/posts\/19932\/revisions"}],"wp:featuredmedia":[{"embeddable":true,"href":"https:\/\/radiostavanger.no\/index.php?rest_route=\/wp\/v2\/media\/19933"}],"wp:attachment":[{"href":"https:\/\/radiostavanger.no\/index.php?rest_route=%2Fwp%2Fv2%2Fmedia&parent=19932"}],"wp:term":[{"taxonomy":"category","embeddable":true,"href":"https:\/\/radiostavanger.no\/index.php?rest_route=%2Fwp%2Fv2%2Fcategories&post=19932"},{"taxonomy":"post_tag","embeddable":true,"href":"https:\/\/radiostavanger.no\/index.php?rest_route=%2Fwp%2Fv2%2Ftags&post=19932"},{"taxonomy":"tmauthors","embeddable":true,"href":"https:\/\/radiostavanger.no\/index.php?rest_route=%2Fwp%2Fv2%2Ftmauthors&post=19932"}],"curies":[{"name":"wp","href":"https:\/\/api.w.org\/{rel}","templated":true}]}}