{"id":19936,"date":"2026-08-31T09:03:59","date_gmt":"2026-08-31T09:03:59","guid":{"rendered":"https:\/\/radiostavanger.no\/?p=19936"},"modified":"2026-08-31T09:03:59","modified_gmt":"2026-08-31T09:03:59","slug":"slik-blir-kollektivtilbudet-i-oslo-i-forbindelse-med-kongens-gravferd-radio-stavanger","status":"publish","type":"post","link":"https:\/\/radiostavanger.no\/?p=19936","title":{"rendered":"Slik blir kollektivtilbudet i Oslo i forbindelse med kongens gravferd \u2013 Radio Stavanger"},"content":{"rendered":"<p><br \/>\n<\/p>\n<div id=\"mvp-content-main\">\n<p class=\"radioh-ingress\"><strong>Store deler av Oslo sentrum stenges av i forbindelse med kong Haralds gravferd 9. september. Slik p\u00e5virker det kollektivtrafikken.<\/strong>\n<\/p>\n<p><strong>Innenriks<\/strong>: \u2013 Dette er en veldig trist tid for det norske folk. Derfor gj\u00f8r kollektivtransporten tilpasninger for gravferden og gir rom til \u00e5 s\u00f8rge, sier M\u00f8yfrid Aandstad, driftsdirekt\u00f8r i Ruter.\n<\/p>\n<p>\u00abMange \u00f8nsker naturligvis \u00e5 dra til byen for \u00e5 vise respekt. Skal du til sentrum denne dagen, er det best \u00e5 ta T-banen\u00bb, skriver kollektivselskapet i en pressemelding.\n<\/p>\n<p>T-banen vil kj\u00f8re som normalt, men med to unntak:\n<\/p>\n<p>Trikken vil ikke kj\u00f8re i sentrum. Det f\u00f8rer til f\u00f8lgende innstillinger:<\/p>\n<p>Ruter opplyser at bussene vil tilpasse seg den trafikkfrie sonen, men skriver at de vil komme tilbake til hvordan dette p\u00e5virker busstilbudet i sentrum.\n<\/p>\n<p>Reisende oppfordres til \u00e5 beregne god tid, vise hensyn og holde seg oppdatert i Ruter-appen.\n<\/p>\n<p>(\u00a9NTB)\n<\/p>\n<\/p><\/div>\n<p><script async defer crossorigin=\"anonymous\" data-lazy=\"w3tc\" data-src=\"https:\/\/connect.facebook.net\/nb_NO\/sdk.js#xfbml=1&#038;version=v18.0\"><\/script><br \/>\n<br \/><br \/>\n<br \/><a href=\"https:\/\/radioh.no\/slik-blir-kollektivtilbudet-i-oslo-i-forbindelse-med-kongens-gravferd\/\">Kilde <\/a><\/p>","protected":false},"excerpt":{"rendered":"<p>Store deler av Oslo sentrum stenges av i forbindelse med kong Haralds gravferd 9. september. Slik p\u00e5virker det kollektivtrafikken. Innenriks: \u2013 Dette er en veldig trist tid for det norske folk. Derfor gj\u00f8r kollektivtransporten tilpasninger for gravferden og gir rom til \u00e5 s\u00f8rge, sier M\u00f8yfrid Aandstad, driftsdirekt\u00f8r i Ruter. \u00abMange \u00f8nsker naturligvis \u00e5 dra til [&hellip;]<\/p>","protected":false},"author":1,"featured_media":19937,"comment_status":"","ping_status":"","sticky":false,"template":"","format":"standard","meta":{"footnotes":""},"categories":[107],"tags":[],"tmauthors":[],"class_list":["post-19936","post","type-post","status-publish","format-standard","has-post-thumbnail","category-nyheter"],"_links":{"self":[{"href":"https:\/\/radiostavanger.no\/index.php?rest_route=\/wp\/v2\/posts\/19936","targetHints":{"allow":["GET"]}}],"collection":[{"href":"https:\/\/radiostavanger.no\/index.php?rest_route=\/wp\/v2\/posts"}],"about":[{"href":"https:\/\/radiostavanger.no\/index.php?rest_route=\/wp\/v2\/types\/post"}],"author":[{"embeddable":true,"href":"https:\/\/radiostavanger.no\/index.php?rest_route=\/wp\/v2\/users\/1"}],"replies":[{"embeddable":true,"href":"https:\/\/radiostavanger.no\/index.php?rest_route=%2Fwp%2Fv2%2Fcomments&post=19936"}],"version-history":[{"count":0,"href":"https:\/\/radiostavanger.no\/index.php?rest_route=\/wp\/v2\/posts\/19936\/revisions"}],"wp:featuredmedia":[{"embeddable":true,"href":"https:\/\/radiostavanger.no\/index.php?rest_route=\/wp\/v2\/media\/19937"}],"wp:attachment":[{"href":"https:\/\/radiostavanger.no\/index.php?rest_route=%2Fwp%2Fv2%2Fmedia&parent=19936"}],"wp:term":[{"taxonomy":"category","embeddable":true,"href":"https:\/\/radiostavanger.no\/index.php?rest_route=%2Fwp%2Fv2%2Fcategories&post=19936"},{"taxonomy":"post_tag","embeddable":true,"href":"https:\/\/radiostavanger.no\/index.php?rest_route=%2Fwp%2Fv2%2Ftags&post=19936"},{"taxonomy":"tmauthors","embeddable":true,"href":"https:\/\/radiostavanger.no\/index.php?rest_route=%2Fwp%2Fv2%2Ftmauthors&post=19936"}],"curies":[{"name":"wp","href":"https:\/\/api.w.org\/{rel}","templated":true}]}}