{"id":19940,"date":"2026-08-31T09:29:30","date_gmt":"2026-08-31T09:29:30","guid":{"rendered":"https:\/\/radiostavanger.no\/?p=19940"},"modified":"2026-08-31T09:29:30","modified_gmt":"2026-08-31T09:29:30","slug":"ambulansearbeider-hardt-skadet-etter-eksplosjon-i-oygarden-radio-stavanger","status":"publish","type":"post","link":"https:\/\/radiostavanger.no\/?p=19940","title":{"rendered":"Ambulansearbeider hardt skadet etter eksplosjon i \u00d8ygarden \u2013 Radio Stavanger"},"content":{"rendered":"<p><br \/>\n<\/p>\n<div id=\"mvp-content-main\">\n<p class=\"radioh-ingress\"><strong>En ambulansearbeider var blant de skadede etter en kraftig eksplosjon i \u00d8ygarden 25. august. Vedkommende er hardt skadet, opplyser Helse Bergen.<\/strong>\n<\/p>\n<p><strong>Innenriks<\/strong>: \u00c9n person d\u00f8de og to ble skadet etter en eksplosjon og brann i et bygg med flere leiligheter p\u00e5 Foldnes i \u00d8ygarden forrige uke.\n<\/p>\n<p>Blant de skadede var en ambulansearbeider som rykket ut etter en bekymringsmelding om en beboers psykiske helse.\n<\/p>\n<p>\u00abDen ansatte som var involvert i hendelsen, ble hardt skadet. Ligger fortsatt p\u00e5 sykehus, men er stabil.\u00bb\n<\/p>\n<p>Det opplyser kommunikasjonsdirekt\u00f8r Erik Vigander i Helse Bergen i en SMS til BT og BA.<\/p>\n<p>Begge avisene skriver at en av politiets teorier er at eksplosjonen skyldes gass fra en propanbeholder.\n<\/p>\n<p>(\u00a9NTB)\n<\/p>\n<\/p><\/div>\n<p><script async defer crossorigin=\"anonymous\" data-lazy=\"w3tc\" data-src=\"https:\/\/connect.facebook.net\/nb_NO\/sdk.js#xfbml=1&#038;version=v18.0\"><\/script><br \/>\n<br \/><br \/>\n<br \/><a href=\"https:\/\/radioh.no\/ambulansearbeider-hardt-skadet-etter-eksplosjon-i-oygarden\/\">Kilde <\/a><\/p>","protected":false},"excerpt":{"rendered":"<p>En ambulansearbeider var blant de skadede etter en kraftig eksplosjon i \u00d8ygarden 25. august. Vedkommende er hardt skadet, opplyser Helse Bergen. Innenriks: \u00c9n person d\u00f8de og to ble skadet etter en eksplosjon og brann i et bygg med flere leiligheter p\u00e5 Foldnes i \u00d8ygarden forrige uke. Blant de skadede var en ambulansearbeider som rykket ut [&hellip;]<\/p>","protected":false},"author":1,"featured_media":19941,"comment_status":"","ping_status":"","sticky":false,"template":"","format":"standard","meta":{"footnotes":""},"categories":[107],"tags":[],"tmauthors":[],"class_list":["post-19940","post","type-post","status-publish","format-standard","has-post-thumbnail","category-nyheter"],"_links":{"self":[{"href":"https:\/\/radiostavanger.no\/index.php?rest_route=\/wp\/v2\/posts\/19940","targetHints":{"allow":["GET"]}}],"collection":[{"href":"https:\/\/radiostavanger.no\/index.php?rest_route=\/wp\/v2\/posts"}],"about":[{"href":"https:\/\/radiostavanger.no\/index.php?rest_route=\/wp\/v2\/types\/post"}],"author":[{"embeddable":true,"href":"https:\/\/radiostavanger.no\/index.php?rest_route=\/wp\/v2\/users\/1"}],"replies":[{"embeddable":true,"href":"https:\/\/radiostavanger.no\/index.php?rest_route=%2Fwp%2Fv2%2Fcomments&post=19940"}],"version-history":[{"count":0,"href":"https:\/\/radiostavanger.no\/index.php?rest_route=\/wp\/v2\/posts\/19940\/revisions"}],"wp:featuredmedia":[{"embeddable":true,"href":"https:\/\/radiostavanger.no\/index.php?rest_route=\/wp\/v2\/media\/19941"}],"wp:attachment":[{"href":"https:\/\/radiostavanger.no\/index.php?rest_route=%2Fwp%2Fv2%2Fmedia&parent=19940"}],"wp:term":[{"taxonomy":"category","embeddable":true,"href":"https:\/\/radiostavanger.no\/index.php?rest_route=%2Fwp%2Fv2%2Fcategories&post=19940"},{"taxonomy":"post_tag","embeddable":true,"href":"https:\/\/radiostavanger.no\/index.php?rest_route=%2Fwp%2Fv2%2Ftags&post=19940"},{"taxonomy":"tmauthors","embeddable":true,"href":"https:\/\/radiostavanger.no\/index.php?rest_route=%2Fwp%2Fv2%2Ftmauthors&post=19940"}],"curies":[{"name":"wp","href":"https:\/\/api.w.org\/{rel}","templated":true}]}}