{"id":19942,"date":"2026-08-31T09:35:11","date_gmt":"2026-08-31T09:35:11","guid":{"rendered":"https:\/\/radiostavanger.no\/?p=19942"},"modified":"2026-08-31T09:35:11","modified_gmt":"2026-08-31T09:35:11","slug":"udi-legger-ned-sju-mottak-radio-stavanger","status":"publish","type":"post","link":"https:\/\/radiostavanger.no\/?p=19942","title":{"rendered":"UDI legger ned sju mottak \u2013 Radio Stavanger"},"content":{"rendered":"<p><br \/>\n<\/p>\n<div id=\"mvp-content-main\">\n<p class=\"radioh-ingress\"><strong>Sju asylmottak med til sammen 1050 plasser legges ned, opplyser Utlendingsdirektoratet (UDI). Trolig blir flere mottak lagt ned fremover.<\/strong>\n<\/p>\n<p><strong>Stord<\/strong>: \u00c5rsaken er at det har kommet f\u00e6rre asyls\u00f8kere til Norge enn det var planlagt for. Det har ankommet om lag like mange ukrainere som ansl\u00e5tt, men vesentlig f\u00e6rre asyls\u00f8kere fra andre land, opplyser mottaksdirekt\u00f8r Heidi Bottolfs i UDI i en pressemelding.\n<\/p>\n<p>Mottakene som n\u00e5 legges ned, ligger i Kongsvinger i Innlandet, H\u00e5 i Rogaland, Ulstein i M\u00f8re og Romsdal, Stord i Vestland, Vang i Innlandet, Nordreisa i Troms og Lyngdal i Agder. Driften legges ned ved \u00e5rsskiftet.\n<\/p>\n<p>UDI har i dag 9100 beboere fordelt p\u00e5 106 mottak og avdelinger, mens totalkapasiteten er p\u00e5 14.311 mottaksplasser. Det ventes at nedgangen fortsetter i f\u00f8rste halvdel av 2027.\n<\/p>\n<p>\u2013 Fortsetter denne trenden, vil det bli behov for \u00e5 avvikle enda flere mottak innen kort tid, sier Bottolfs.<\/p>\n<p>(\u00a9NTB)\n<\/p>\n<\/p><\/div>\n<p><script async defer crossorigin=\"anonymous\" data-lazy=\"w3tc\" data-src=\"https:\/\/connect.facebook.net\/nb_NO\/sdk.js#xfbml=1&#038;version=v18.0\"><\/script><br \/>\n<br \/><br \/>\n<br \/><a href=\"https:\/\/radioh.no\/udi-legger-ned-sju-mottak\/\">Kilde <\/a><\/p>","protected":false},"excerpt":{"rendered":"<p>Sju asylmottak med til sammen 1050 plasser legges ned, opplyser Utlendingsdirektoratet (UDI). Trolig blir flere mottak lagt ned fremover. Stord: \u00c5rsaken er at det har kommet f\u00e6rre asyls\u00f8kere til Norge enn det var planlagt for. Det har ankommet om lag like mange ukrainere som ansl\u00e5tt, men vesentlig f\u00e6rre asyls\u00f8kere fra andre land, opplyser mottaksdirekt\u00f8r Heidi [&hellip;]<\/p>","protected":false},"author":1,"featured_media":2409,"comment_status":"","ping_status":"","sticky":false,"template":"","format":"standard","meta":{"footnotes":""},"categories":[107],"tags":[],"tmauthors":[],"class_list":["post-19942","post","type-post","status-publish","format-standard","has-post-thumbnail","category-nyheter"],"_links":{"self":[{"href":"https:\/\/radiostavanger.no\/index.php?rest_route=\/wp\/v2\/posts\/19942","targetHints":{"allow":["GET"]}}],"collection":[{"href":"https:\/\/radiostavanger.no\/index.php?rest_route=\/wp\/v2\/posts"}],"about":[{"href":"https:\/\/radiostavanger.no\/index.php?rest_route=\/wp\/v2\/types\/post"}],"author":[{"embeddable":true,"href":"https:\/\/radiostavanger.no\/index.php?rest_route=\/wp\/v2\/users\/1"}],"replies":[{"embeddable":true,"href":"https:\/\/radiostavanger.no\/index.php?rest_route=%2Fwp%2Fv2%2Fcomments&post=19942"}],"version-history":[{"count":0,"href":"https:\/\/radiostavanger.no\/index.php?rest_route=\/wp\/v2\/posts\/19942\/revisions"}],"wp:featuredmedia":[{"embeddable":true,"href":"https:\/\/radiostavanger.no\/index.php?rest_route=\/wp\/v2\/media\/2409"}],"wp:attachment":[{"href":"https:\/\/radiostavanger.no\/index.php?rest_route=%2Fwp%2Fv2%2Fmedia&parent=19942"}],"wp:term":[{"taxonomy":"category","embeddable":true,"href":"https:\/\/radiostavanger.no\/index.php?rest_route=%2Fwp%2Fv2%2Fcategories&post=19942"},{"taxonomy":"post_tag","embeddable":true,"href":"https:\/\/radiostavanger.no\/index.php?rest_route=%2Fwp%2Fv2%2Ftags&post=19942"},{"taxonomy":"tmauthors","embeddable":true,"href":"https:\/\/radiostavanger.no\/index.php?rest_route=%2Fwp%2Fv2%2Ftmauthors&post=19942"}],"curies":[{"name":"wp","href":"https:\/\/api.w.org\/{rel}","templated":true}]}}