{"id":19947,"date":"2026-08-31T09:53:55","date_gmt":"2026-08-31T09:53:55","guid":{"rendered":"https:\/\/radiostavanger.no\/?p=19947"},"modified":"2026-08-31T09:53:55","modified_gmt":"2026-08-31T09:53:55","slug":"kavlibanketten-avlyses-etter-kongens-dodsfall-radio-stavanger","status":"publish","type":"post","link":"https:\/\/radiostavanger.no\/?p=19947","title":{"rendered":"Kavlibanketten avlyses etter kongens d\u00f8dsfall \u2013 Radio Stavanger"},"content":{"rendered":"<p><br \/>\n<\/p>\n<div id=\"mvp-content-main\">\n<p class=\"radioh-ingress\"><strong>Kavliprisen blir utdelt tirsdag ettermiddag, men banketten samme kveld er avlyst.<\/strong>\n<\/p>\n<p><strong>Innenriks<\/strong>: Det skriver Khrono.\n<\/p>\n<p>Statsminister Jonas Gahr St\u00f8re (Ap) skal tirsdag dele ut Kavliprisen til ti prisvinnere. Prisene deles ut innen astrofysikk, nanovitenskap og nevrovitenskap.\n<\/p>\n<p>Tidligere \u00e5r har kongen delt ut den gjeve prisen, men det var i \u00e5r avklart p\u00e5 forh\u00e5nd at statsministeren skulle f\u00e5 oppgaven denne gang.\n<\/p>\n<p>Kavliprisen er et samarbeid mellom Det Norske Videnskaps-Akademi, Kunnskapsdepartementet og stiftelsen The Kavli Foundation.<\/p>\n<p>Prisvinnerne ankom Norge f\u00f8r helgen, og skulle fredag ha v\u00e6rt i audiens p\u00e5 Slottet. Audiensen ble avlyst p\u00e5 grunn av kong Haralds d\u00f8dsfall.\n<\/p>\n<p>Prisutdelingen skulle opprinnelig foreg\u00e5 klokken 13, men utsettes til 16 da kong Haakon skal avlegge ed i Stortinget.\n<\/p>\n<p>Banketten skulle holdes i Oslo r\u00e5dhus tirsdag kveld med forsknings- og h\u00f8yere utdanningsminister Sigrun Aasland som vertskap og 600 inviterte gjester.\n<\/p>\n<p>I stedet for bankett blir det i \u00e5r en mindre middag tirsdag kveld.\n<\/p>\n<p>(\u00a9NTB)<\/p>\n<\/p><\/div>\n<p><script async defer crossorigin=\"anonymous\" data-lazy=\"w3tc\" data-src=\"https:\/\/connect.facebook.net\/nb_NO\/sdk.js#xfbml=1&#038;version=v18.0\"><\/script><br \/>\n<br \/><br \/>\n<br \/><a href=\"https:\/\/radioh.no\/kavlibanketten-avlyses-etter-kongens-dodsfall\/\">Kilde <\/a><\/p>","protected":false},"excerpt":{"rendered":"<p>Kavliprisen blir utdelt tirsdag ettermiddag, men banketten samme kveld er avlyst. Innenriks: Det skriver Khrono. Statsminister Jonas Gahr St\u00f8re (Ap) skal tirsdag dele ut Kavliprisen til ti prisvinnere. Prisene deles ut innen astrofysikk, nanovitenskap og nevrovitenskap. Tidligere \u00e5r har kongen delt ut den gjeve prisen, men det var i \u00e5r avklart p\u00e5 forh\u00e5nd at statsministeren [&hellip;]<\/p>","protected":false},"author":1,"featured_media":19948,"comment_status":"","ping_status":"","sticky":false,"template":"","format":"standard","meta":{"footnotes":""},"categories":[107],"tags":[],"tmauthors":[],"class_list":["post-19947","post","type-post","status-publish","format-standard","has-post-thumbnail","category-nyheter"],"_links":{"self":[{"href":"https:\/\/radiostavanger.no\/index.php?rest_route=\/wp\/v2\/posts\/19947","targetHints":{"allow":["GET"]}}],"collection":[{"href":"https:\/\/radiostavanger.no\/index.php?rest_route=\/wp\/v2\/posts"}],"about":[{"href":"https:\/\/radiostavanger.no\/index.php?rest_route=\/wp\/v2\/types\/post"}],"author":[{"embeddable":true,"href":"https:\/\/radiostavanger.no\/index.php?rest_route=\/wp\/v2\/users\/1"}],"replies":[{"embeddable":true,"href":"https:\/\/radiostavanger.no\/index.php?rest_route=%2Fwp%2Fv2%2Fcomments&post=19947"}],"version-history":[{"count":0,"href":"https:\/\/radiostavanger.no\/index.php?rest_route=\/wp\/v2\/posts\/19947\/revisions"}],"wp:featuredmedia":[{"embeddable":true,"href":"https:\/\/radiostavanger.no\/index.php?rest_route=\/wp\/v2\/media\/19948"}],"wp:attachment":[{"href":"https:\/\/radiostavanger.no\/index.php?rest_route=%2Fwp%2Fv2%2Fmedia&parent=19947"}],"wp:term":[{"taxonomy":"category","embeddable":true,"href":"https:\/\/radiostavanger.no\/index.php?rest_route=%2Fwp%2Fv2%2Fcategories&post=19947"},{"taxonomy":"post_tag","embeddable":true,"href":"https:\/\/radiostavanger.no\/index.php?rest_route=%2Fwp%2Fv2%2Ftags&post=19947"},{"taxonomy":"tmauthors","embeddable":true,"href":"https:\/\/radiostavanger.no\/index.php?rest_route=%2Fwp%2Fv2%2Ftmauthors&post=19947"}],"curies":[{"name":"wp","href":"https:\/\/api.w.org\/{rel}","templated":true}]}}