{"id":19951,"date":"2026-08-31T10:37:03","date_gmt":"2026-08-31T10:37:03","guid":{"rendered":"https:\/\/radiostavanger.no\/?p=19951"},"modified":"2026-08-31T10:37:03","modified_gmt":"2026-08-31T10:37:03","slug":"slik-kan-du-se-kong-haralds-bare-radio-stavanger","status":"publish","type":"post","link":"https:\/\/radiostavanger.no\/?p=19951","title":{"rendered":"Slik kan du se kong Haralds b\u00e5re \u2013 Radio Stavanger"},"content":{"rendered":"<p><br \/>\n<\/p>\n<div id=\"mvp-content-main\">\n<p class=\"radioh-ingress\"><strong>Fra tirsdag kan alle som \u00f8nsker det, ta farvel med kong Harald ved \u00e5 g\u00e5 sakte forbi b\u00e5ren i Slottskapellet.<\/strong>\n<\/p>\n<p><strong>Innenriks<\/strong>: Slottskapellet \u00e5pnes for folk tirsdag klokka 14\u201318. Deretter er Slottskapellet \u00e5pent hver dag fra klokka 10\u201318 til og med tirsdag 8. september.\n<\/p>\n<p>Slottskapellet ligger p\u00e5 h\u00f8yre side av Slottet, sett fra Slottsplassen.\n<\/p>\n<p>Kong Haralds b\u00e5re har st\u00e5tt i R\u00f8de salong siden overf\u00f8ringen fra Rikshospitalet fredag kveld, men flyttes i dag til Slottskapellet i en seremoni. Familien, hoffet og adjutantstaben skal deretter ta farvel i en privat minnestund.\n<\/p>\n<p>I Slottskapellet skal b\u00e5ren st\u00e5 p\u00e5 en fl\u00f8yelskledd katafalk, en slags opph\u00f8yd plattform, med familiens kranser og blomsterhjerter rundt. Kongekronen og rikssverdet plasseres p\u00e5 b\u00e5ren, og kong Haralds ordener plasseres ved b\u00e5rens fotende. Kisten er lukket.<\/p>\n<h2>Venter over 100.000<\/h2>\n<p>\nKadetter fra Forsvarets krigsskoler skal st\u00e5 b\u00e5revakt d\u00f8gnet rundt \u2013 to p\u00e5 hver side. 40 kadetter har f\u00e5tt oppdraget. Det ventes at mange kommer til \u00e5 ta turen for \u00e5 ta farvel med kong Harald.\n<\/p>\n<p>\u2013 Vi regner med at det kommer over 100.000 personer som skal g\u00e5 forbi b\u00e5ren med ulike reaksjoner. Det st\u00e5r kadettene og ser rett imot, p\u00e5 menneskene som g\u00e5r forbi, sier oberst Geir Pettersen, sjef for FHS Krigsskolen, til NRK.\n<\/p>\n<p>If\u00f8lge Pettersen sender Krigsskolen i Oslo, Sj\u00f8krigsskolen i Bergen og Luftkrigsskolen i Trondheim noen av sine aller beste folk til oppdraget.\n<\/p>\n<p>\u2013 Det handler om ferdigheter, verdier og erfaringer de har, sier han.\n<\/p>\n<h2>R\u00f8rt av blomsterhavet<\/h2>\n<p>\nI dagene etter at kong Harald d\u00f8de, har tusenvis lagt ned blomster og lys p\u00e5 Slottsplassen. Da kong Haakon l\u00f8rdag holdt minnetale for sin far, viste han til blomsterhavet og sa at det ga tr\u00f8st.<\/p>\n<p>\u2013 Vi er i sorg. Samtidig gir det tr\u00f8st og styrke at s\u00e5 mange s\u00f8rger sammen med oss. Det har v\u00e6rt en sterk og r\u00f8rende opplevelse \u00e5 se Slottsplassen bli fylt av folk, blomster, hilsener og lys. Tusen takk, sa han.\n<\/p>\n<p>Kong Harald gravlegges onsdag 9. september. Seremonien starter i Oslo domkirke klokka 13.\n<\/p>\n<p>(\u00a9NTB)\n<\/p>\n<\/p><\/div>\n<p><script async defer crossorigin=\"anonymous\" data-lazy=\"w3tc\" data-src=\"https:\/\/connect.facebook.net\/nb_NO\/sdk.js#xfbml=1&#038;version=v18.0\"><\/script><br \/>\n<br \/><br \/>\n<br \/><a href=\"https:\/\/radioh.no\/slik-kan-du-se-kong-haralds-bare\/\">Kilde <\/a><\/p>","protected":false},"excerpt":{"rendered":"<p>Fra tirsdag kan alle som \u00f8nsker det, ta farvel med kong Harald ved \u00e5 g\u00e5 sakte forbi b\u00e5ren i Slottskapellet. Innenriks: Slottskapellet \u00e5pnes for folk tirsdag klokka 14\u201318. Deretter er Slottskapellet \u00e5pent hver dag fra klokka 10\u201318 til og med tirsdag 8. september. Slottskapellet ligger p\u00e5 h\u00f8yre side av Slottet, sett fra Slottsplassen. Kong Haralds [&hellip;]<\/p>","protected":false},"author":1,"featured_media":19952,"comment_status":"","ping_status":"","sticky":false,"template":"","format":"standard","meta":{"footnotes":""},"categories":[107],"tags":[],"tmauthors":[],"class_list":["post-19951","post","type-post","status-publish","format-standard","has-post-thumbnail","category-nyheter"],"_links":{"self":[{"href":"https:\/\/radiostavanger.no\/index.php?rest_route=\/wp\/v2\/posts\/19951","targetHints":{"allow":["GET"]}}],"collection":[{"href":"https:\/\/radiostavanger.no\/index.php?rest_route=\/wp\/v2\/posts"}],"about":[{"href":"https:\/\/radiostavanger.no\/index.php?rest_route=\/wp\/v2\/types\/post"}],"author":[{"embeddable":true,"href":"https:\/\/radiostavanger.no\/index.php?rest_route=\/wp\/v2\/users\/1"}],"replies":[{"embeddable":true,"href":"https:\/\/radiostavanger.no\/index.php?rest_route=%2Fwp%2Fv2%2Fcomments&post=19951"}],"version-history":[{"count":0,"href":"https:\/\/radiostavanger.no\/index.php?rest_route=\/wp\/v2\/posts\/19951\/revisions"}],"wp:featuredmedia":[{"embeddable":true,"href":"https:\/\/radiostavanger.no\/index.php?rest_route=\/wp\/v2\/media\/19952"}],"wp:attachment":[{"href":"https:\/\/radiostavanger.no\/index.php?rest_route=%2Fwp%2Fv2%2Fmedia&parent=19951"}],"wp:term":[{"taxonomy":"category","embeddable":true,"href":"https:\/\/radiostavanger.no\/index.php?rest_route=%2Fwp%2Fv2%2Fcategories&post=19951"},{"taxonomy":"post_tag","embeddable":true,"href":"https:\/\/radiostavanger.no\/index.php?rest_route=%2Fwp%2Fv2%2Ftags&post=19951"},{"taxonomy":"tmauthors","embeddable":true,"href":"https:\/\/radiostavanger.no\/index.php?rest_route=%2Fwp%2Fv2%2Ftmauthors&post=19951"}],"curies":[{"name":"wp","href":"https:\/\/api.w.org\/{rel}","templated":true}]}}