{"id":19961,"date":"2026-08-31T11:39:56","date_gmt":"2026-08-31T11:39:56","guid":{"rendered":"https:\/\/radiostavanger.no\/?p=19961"},"modified":"2026-08-31T11:39:56","modified_gmt":"2026-08-31T11:39:56","slug":"grensekontroller-mellom-italia-og-spania-forlenges-radio-stavanger","status":"publish","type":"post","link":"https:\/\/radiostavanger.no\/?p=19961","title":{"rendered":"Grensekontroller mellom Italia og Spania forlenges \u2013 Radio Stavanger"},"content":{"rendered":"<p><br \/>\n<\/p>\n<div id=\"mvp-content-main\">\n<p class=\"radioh-ingress\"><strong>Striden om grensekontroller fortsetter. B\u00e5de Italia og Spania forlenger med 15 dager, melder nyhetsbyr\u00e5et Reuters.<\/strong>\n<\/p>\n<p><strong>Utenriks<\/strong>: Det var Italia som f\u00f8rst meldte om forlengelsen av grensekontrollene, som egentlig skulle ta slutt mandag 31. august.\n<\/p>\n<p>Senere har ogs\u00e5 Spania meldt om det samme.\n<\/p>\n<p>Italia suspenderte Schengen-avtalen med Spania 31. juli. Det skjedde etter at om lag 70.000 migranter tok seg inn i den spanske eksklaven Ceuta fra Marokko i begynnelsen av august.\n<\/p>\n<p>Spania har kalt Italias tiltak urettferdig og mener det g\u00e5r mot EUs interesser. Myndighetene i Madrid har sagt at ingen av de rundt 70.000 migrantene som ankom Ceuta, har tatt seg videre til det spanske fastlandet eller resten av Europa. De aller fleste av dem har blitt returnert til Marokko.<\/p>\n<p>(\u00a9NTB)\n<\/p>\n<\/p><\/div>\n<p><script async defer crossorigin=\"anonymous\" data-lazy=\"w3tc\" data-src=\"https:\/\/connect.facebook.net\/nb_NO\/sdk.js#xfbml=1&#038;version=v18.0\"><\/script><br \/>\n<br \/><br \/>\n<br \/><a href=\"https:\/\/radioh.no\/grensekontroller-mellom-italia-og-spania-forlenges\/\">Kilde <\/a><\/p>","protected":false},"excerpt":{"rendered":"<p>Striden om grensekontroller fortsetter. B\u00e5de Italia og Spania forlenger med 15 dager, melder nyhetsbyr\u00e5et Reuters. Utenriks: Det var Italia som f\u00f8rst meldte om forlengelsen av grensekontrollene, som egentlig skulle ta slutt mandag 31. august. Senere har ogs\u00e5 Spania meldt om det samme. Italia suspenderte Schengen-avtalen med Spania 31. juli. Det skjedde etter at om lag [&hellip;]<\/p>","protected":false},"author":1,"featured_media":19962,"comment_status":"","ping_status":"","sticky":false,"template":"","format":"standard","meta":{"footnotes":""},"categories":[107],"tags":[],"tmauthors":[],"class_list":["post-19961","post","type-post","status-publish","format-standard","has-post-thumbnail","category-nyheter"],"_links":{"self":[{"href":"https:\/\/radiostavanger.no\/index.php?rest_route=\/wp\/v2\/posts\/19961","targetHints":{"allow":["GET"]}}],"collection":[{"href":"https:\/\/radiostavanger.no\/index.php?rest_route=\/wp\/v2\/posts"}],"about":[{"href":"https:\/\/radiostavanger.no\/index.php?rest_route=\/wp\/v2\/types\/post"}],"author":[{"embeddable":true,"href":"https:\/\/radiostavanger.no\/index.php?rest_route=\/wp\/v2\/users\/1"}],"replies":[{"embeddable":true,"href":"https:\/\/radiostavanger.no\/index.php?rest_route=%2Fwp%2Fv2%2Fcomments&post=19961"}],"version-history":[{"count":0,"href":"https:\/\/radiostavanger.no\/index.php?rest_route=\/wp\/v2\/posts\/19961\/revisions"}],"wp:featuredmedia":[{"embeddable":true,"href":"https:\/\/radiostavanger.no\/index.php?rest_route=\/wp\/v2\/media\/19962"}],"wp:attachment":[{"href":"https:\/\/radiostavanger.no\/index.php?rest_route=%2Fwp%2Fv2%2Fmedia&parent=19961"}],"wp:term":[{"taxonomy":"category","embeddable":true,"href":"https:\/\/radiostavanger.no\/index.php?rest_route=%2Fwp%2Fv2%2Fcategories&post=19961"},{"taxonomy":"post_tag","embeddable":true,"href":"https:\/\/radiostavanger.no\/index.php?rest_route=%2Fwp%2Fv2%2Ftags&post=19961"},{"taxonomy":"tmauthors","embeddable":true,"href":"https:\/\/radiostavanger.no\/index.php?rest_route=%2Fwp%2Fv2%2Ftmauthors&post=19961"}],"curies":[{"name":"wp","href":"https:\/\/api.w.org\/{rel}","templated":true}]}}