{"id":19973,"date":"2026-08-31T12:16:08","date_gmt":"2026-08-31T12:16:08","guid":{"rendered":"https:\/\/radiostavanger.no\/?p=19973"},"modified":"2026-08-31T12:16:08","modified_gmt":"2026-08-31T12:16:08","slug":"frifunnet-for-overgrep-mot-kristoffer-nrk-rogaland-lokale-nyheter-tv-og-radio","status":"publish","type":"post","link":"https:\/\/radiostavanger.no\/?p=19973","title":{"rendered":"Frifunnet for overgrep mot \u00abKristoffer\u00bb \u2013 NRK Rogaland \u2013 Lokale nyheter, TV og radio"},"content":{"rendered":"<p><br \/>\n<\/p>\n<div data-main-content=\"\" data-ec-list=\"article_body\" data-ec-name=\"br\u00f8dtekst\">\n<p>Mannen var tiltalt for et overgrep p\u00e5 en parkeringsplass p\u00e5 Vestlandet. Overgrepet skal if\u00f8lge \u00abKristoffer\u00bb og tiltalen ha skjedd kort tid etter at sistnevnte fylte 14 \u00e5r v\u00e5ren 2022.<\/p>\n<p>Fra 2021 til 2023 var Kristoffer i kontakt med en rekke menn som han senere anmeldte for overgrep. Han og hans bistandsadvokat har v\u00e6rt sv\u00e6rt kritiske til etterforskningen og tidsbruken.<\/p>\n<p><strong>Kristoffer er et fiktivt navn som NRK har gitt den forn\u00e6rmede.<\/strong><\/p>\n<p>Rettssaken mot mannen i 30-\u00e5rene startet over tre \u00e5r og fire m\u00e5neder etter anmeldelsen fra Kristoffer i april 2023.<\/p>\n<p>Mannen ble p\u00e5grepet og avh\u00f8rt h\u00f8sten 2024. Og rettssaken var alts\u00e5 i august 2026.<\/p>\n<p>\u2013 Det er skammelig. Det er krenkelse av norsk lov og menneskerettighetene, sier bistandsadvokat Sigurd Kloms\u00e6t.<\/p>\n<p>Han er misforn\u00f8yd med dommen.<\/p>\n<p>\u2013 Jeg blir nedsl\u00e5tt.<\/p>\n<div id=\"1.16621922.81d16163\" class=\"g100 col fc s10 sl12 sl18 sg6 sg9 image-reference image-reference--F169\"><!-- include: \/serum\/render?id=1.16621922&size=10&perspective=RICH&alignment=CENTER&caption=Advokat+Sigurd+Kloms%C3%A6t+har+bist%C3%A5tt+Kristoffer+siden+november+2024.&type=image&aspect=F169&parentSize=10 --><!-- START: \/templates\/image\/image-rich.jsp --><\/p>\n<figure class=\"image widget rich\">\n<div class=\"responsive-img F169\"><img decoding=\"async\" sizes=\"(min-width:1180px) 639px, (min-width:720px) 56vw, 100vw\" srcset=\"https:\/\/gfx.nrk.no\/RbIg-9g24Y8u_BtiBLzUmQ3o_4SKZYm2XTP29aGfBgDA.jpg 80w, https:\/\/gfx.nrk.no\/RbIg-9g24Y8u_BtiBLzUmQ8uAdte6pdPDTP29aGfBgDA.jpg 160w, https:\/\/gfx.nrk.no\/RbIg-9g24Y8u_BtiBLzUmQpFhXTF7sSo7TP29aGfBgDA.jpg 350w, https:\/\/gfx.nrk.no\/RbIg-9g24Y8u_BtiBLzUmQYqu0JnvgvNbTP29aGfBgDA.jpg 450w, https:\/\/gfx.nrk.no\/RbIg-9g24Y8u_BtiBLzUmQHxBHWHH_v3rTP29aGfBgDA.jpg 650w, https:\/\/gfx.nrk.no\/RbIg-9g24Y8u_BtiBLzUmQ1nDrJNbk5hfTP29aGfBgDA.jpg 1000w, https:\/\/gfx.nrk.no\/RbIg-9g24Y8u_BtiBLzUmQw4xR-pi-7TLTP29aGfBgDA.jpg 1200w, https:\/\/gfx.nrk.no\/RbIg-9g24Y8u_BtiBLzUmQJ5_vnUzchlLTP29aGfBgDA.jpg 1600w, https:\/\/gfx.nrk.no\/RbIg-9g24Y8u_BtiBLzUmQpWE84r8qq-XTP29aGfBgDA.jpg 2000w\" src=\"data:image\/gif;base64,R0lGODlhAQABAIAAAAAAAP\/\/\/yH5BAEAAAAALAAAAAABAAEAAAIBRAA7\" loading=\"eager\" alt=\"Sigurd Kloms\u00e6t\" title=\"Foto: Ole J\u00f8rgen Kolstadbr\u00e5then \/ NRK\"\/><\/div><figcaption>\n<p class=\"\">Advokat Sigurd Kloms\u00e6t har bist\u00e5tt Kristoffer siden november 2024.<\/p>\n<p><small>Foto: Ole J\u00f8rgen Kolstadbr\u00e5then \/ NRK<\/small><br \/>\n<\/figcaption><\/figure>\n<p><!-- END: \/templates\/image\/image-rich.jsp -->\n<\/div>\n<h2>Fikk alkohol<\/h2>\n<p>Kristoffer forklarte i det tilrettelagte avh\u00f8ret fra april 2023 at han fikk penger, alkohol og r\u00f8yk av mennene han m\u00f8tte.<\/p>\n<p>Ogs\u00e5 i denne saken har retten kommet frem til at det var bevist utover enhver rimelig tvil at Kristoffer fikk sprit og tobakk av den tiltalte mannen.<\/p>\n<p>Retten mener det er bevist at de m\u00f8ttes i bilen denne natta.<\/p>\n<p>Men retten mener ikke det er bevist utover enhver rimelig tvil at det skjedde noe seksuelt.<\/p>\n<p>\u2013 Retten har anvendt beviskravene korrekt, og det er i tr\u00e5d med v\u00e5r p\u00e5stand, sier mannen sin forsvarer, advokatfullmektig Jonas K\u00e5re Wohlgemuth Wergeland.<\/p>\n<p>Han \u00f8nsker ikke \u00e5 kommentere hvordan hans klient har opplevd rettssaken, og hvordan han opplever dommen.<\/p>\n<h2>Retten: Kan ha blandet sammen menn<\/h2>\n<p>Mannen i 30-\u00e5rene forklarte i retten at han m\u00f8tte mange ukjente menn i denne perioden, men at det ikke alltid endte i sex.<\/p>\n<p>Han forklarte ogs\u00e5 at han ikke var en dominerende type. Han mente at det m\u00e5tte v\u00e6re motparten som m\u00e5tte ta initiativ.<\/p>\n<p>Retten kom frem til at Kristoffer kan ha blandet mannen i 30-\u00e5rene med noen av de andre som begikk overgrep mot Kristoffer.<\/p>\n<p>\u2013 Det er oppr\u00f8rende, sier bistandsadvokat Sigurd Kloms\u00e6t.<\/p>\n<p>Sammenblanding har v\u00e6rt tema i flere av dommene tidligere, men Kloms\u00e6t har avvist at dette er tilfellet, og han mener han har st\u00f8tte hos psykologspesialist Atle Austad.<\/p>\n<p>Austad har v\u00e6rt sakkyndig i flere av saken, og forklarte seg ogs\u00e5 i retten denne gangen.<!-- include: \/serum\/render?id=1.17807414&size=10&perspective=REFERENCE&alignment=AUTO&prefix=&variant=articlePlugSmallThumbnail&showDescription=false&parentSize=10 --><br \/>\n<!-- Reference Autonomous -->\n<\/p>\n<p><!-- \/\/ Reference Autonomous --><\/p>\n<p>\u2013 Det er ikke noe faglig holdepunkt for at forn\u00e6rmede har blandet sammen personer og hendelser, sier Kloms\u00e6t.<\/p>\n<p>Han har bedt p\u00e5talemyndigheten anke dommen. Selv vil han anke den sivile delen. Mannen i 30-\u00e5rene ble ikke d\u00f8mt til \u00e5 betale oppreisningserstatning.<\/p>\n<p>Han ble imidlertid d\u00f8mt for \u00e5 sende seksualiserte bilder av seg selv til Kristoffer ifra slutten 2021 til midten av 2023.<\/p>\n<p>Det fikk han 27 dagers fengsel for.<\/p>\n<p><em>Tidligere i sommer ble en annen mann d\u00f8mt for overgrep mot Kristoffer:<\/em><\/p>\n<p><!-- \/\/ Reference Autonomous --><\/p>\n<h2>To saker gjenst\u00e5r<\/h2>\n<p>Det er totalt 12 menn som har v\u00e6rt siktet for overgrep mot Kristoffer siden anmeldelsen i 2023. Ti av dem har n\u00e5 v\u00e6rt i retten, og to gjenst\u00e5r. Ni av dem har blitt d\u00f8mt.<\/p>\n<p><strong>Mannen i 30-\u00e5rene var den f\u00f8rste som ble helt frifunnet for overgrep.<\/strong><\/p>\n<p>\u2013 Vi ser at retten har vurdert bevisene annerledes enn p\u00e5talemyndigheten har gjort. Vi tar dommen til etterretning, og vil n\u00e5 g\u00e5 grundig gjennom den for \u00e5 se om det er grunnlag for \u00e5 anke, sier politiadvokat Emma Moore, som var aktor under rettssaken.<\/p>\n<p>Det er statsadvokaten som tar den endelige avgj\u00f8relsen om dommen skal ankes, if\u00f8lge Moore.<\/p>\n<p><!-- \/\/ Reference Autonomous --><\/p>\n<\/div>\n<p>\n<span class=\"article-publish-date publish-date \"><br \/>\n<span class=\"article-dateline-annotation\">Publisert<\/span><br \/>\n<time class=\"datetime-absolute datePublished\" datetime=\"2026-08-31T13:57:25+02:00\"><br \/>\n31.08.2026, kl. 13.57<br \/>\n<\/time><br \/>\n<\/span>\n<\/p>\n<p><br \/>\n<br \/><a href=\"https:\/\/www.nrk.no\/rogaland\/frifunnet-for-overgrep-mot-_kristoffer_-1.18008976\">Kildelink <\/a><\/p>","protected":false},"excerpt":{"rendered":"<p>Mannen var tiltalt for et overgrep p\u00e5 en parkeringsplass p\u00e5 Vestlandet. Overgrepet skal if\u00f8lge \u00abKristoffer\u00bb og tiltalen ha skjedd kort tid etter at sistnevnte fylte 14 \u00e5r v\u00e5ren 2022. Fra 2021 til 2023 var Kristoffer i kontakt med en rekke menn som han senere anmeldte for overgrep. Han og hans bistandsadvokat har v\u00e6rt sv\u00e6rt kritiske [&hellip;]<\/p>","protected":false},"author":1,"featured_media":19974,"comment_status":"","ping_status":"","sticky":false,"template":"","format":"standard","meta":{"footnotes":""},"categories":[108],"tags":[],"tmauthors":[],"class_list":["post-19973","post","type-post","status-publish","format-standard","has-post-thumbnail","category-lokalnyheter"],"_links":{"self":[{"href":"https:\/\/radiostavanger.no\/index.php?rest_route=\/wp\/v2\/posts\/19973","targetHints":{"allow":["GET"]}}],"collection":[{"href":"https:\/\/radiostavanger.no\/index.php?rest_route=\/wp\/v2\/posts"}],"about":[{"href":"https:\/\/radiostavanger.no\/index.php?rest_route=\/wp\/v2\/types\/post"}],"author":[{"embeddable":true,"href":"https:\/\/radiostavanger.no\/index.php?rest_route=\/wp\/v2\/users\/1"}],"replies":[{"embeddable":true,"href":"https:\/\/radiostavanger.no\/index.php?rest_route=%2Fwp%2Fv2%2Fcomments&post=19973"}],"version-history":[{"count":0,"href":"https:\/\/radiostavanger.no\/index.php?rest_route=\/wp\/v2\/posts\/19973\/revisions"}],"wp:featuredmedia":[{"embeddable":true,"href":"https:\/\/radiostavanger.no\/index.php?rest_route=\/wp\/v2\/media\/19974"}],"wp:attachment":[{"href":"https:\/\/radiostavanger.no\/index.php?rest_route=%2Fwp%2Fv2%2Fmedia&parent=19973"}],"wp:term":[{"taxonomy":"category","embeddable":true,"href":"https:\/\/radiostavanger.no\/index.php?rest_route=%2Fwp%2Fv2%2Fcategories&post=19973"},{"taxonomy":"post_tag","embeddable":true,"href":"https:\/\/radiostavanger.no\/index.php?rest_route=%2Fwp%2Fv2%2Ftags&post=19973"},{"taxonomy":"tmauthors","embeddable":true,"href":"https:\/\/radiostavanger.no\/index.php?rest_route=%2Fwp%2Fv2%2Ftmauthors&post=19973"}],"curies":[{"name":"wp","href":"https:\/\/api.w.org\/{rel}","templated":true}]}}