{"id":19981,"date":"2026-08-31T12:40:56","date_gmt":"2026-08-31T12:40:56","guid":{"rendered":"https:\/\/radiostavanger.no\/?p=19981"},"modified":"2026-08-31T12:40:56","modified_gmt":"2026-08-31T12:40:56","slug":"bil-pa-taket-etter-ulykke-i-tysnes-radio-stavanger","status":"publish","type":"post","link":"https:\/\/radiostavanger.no\/?p=19981","title":{"rendered":"Bil p\u00e5 taket etter ulykke i Tysnes \u2013 Radio Stavanger"},"content":{"rendered":"<p><br \/>\n<\/p>\n<div id=\"mvp-content-main\">\n<p class=\"radioh-ingress\"><strong>En bil snurret rundt og havnet p\u00e5 taket i veibanen i Tysnes. F\u00f8rer er v\u00e5ken, ute av bilen og n\u00f8detatene er p\u00e5 vei.<\/strong><\/p>\n<p><b>Trafikk:<\/b> Tysnes: N\u00f8detatene rykker ut til en trafikkulykke i Flatr\u00e5ker, der en bil har snurret rundt og endt p\u00e5 taket i veibanen.<\/p>\n<h4>F\u00f8rer kom seg ut<\/h4>\n<p>\nDet er bare \u00e9n person i bilen. F\u00f8rer er v\u00e5ken og har kommet seg ut f\u00f8r n\u00f8detatene kom fram.<\/p>\n<h4>Rykker ut<\/h4>\n<p>\nDet er forel\u00f8pig ikke meldt om skadeomfang, men ulykken skaper utfordringer p\u00e5 stedet. Situasjonen f\u00f8lges av n\u00f8detatene.<\/p>\n<\/p><\/div>\n<p><script async defer crossorigin=\"anonymous\" data-lazy=\"w3tc\" data-src=\"https:\/\/connect.facebook.net\/nb_NO\/sdk.js#xfbml=1&#038;version=v18.0\"><\/script><br \/>\n<br \/><br \/>\n<br \/><a href=\"https:\/\/radioh.no\/bil-pa-taket-etter-ulykke-i-tysnes\/\">Kilde <\/a><\/p>","protected":false},"excerpt":{"rendered":"<p>En bil snurret rundt og havnet p\u00e5 taket i veibanen i Tysnes. F\u00f8rer er v\u00e5ken, ute av bilen og n\u00f8detatene er p\u00e5 vei. Trafikk: Tysnes: N\u00f8detatene rykker ut til en trafikkulykke i Flatr\u00e5ker, der en bil har snurret rundt og endt p\u00e5 taket i veibanen. F\u00f8rer kom seg ut Det er bare \u00e9n person i [&hellip;]<\/p>","protected":false},"author":1,"featured_media":4992,"comment_status":"","ping_status":"","sticky":false,"template":"","format":"standard","meta":{"footnotes":""},"categories":[107],"tags":[],"tmauthors":[],"class_list":["post-19981","post","type-post","status-publish","format-standard","has-post-thumbnail","category-nyheter"],"_links":{"self":[{"href":"https:\/\/radiostavanger.no\/index.php?rest_route=\/wp\/v2\/posts\/19981","targetHints":{"allow":["GET"]}}],"collection":[{"href":"https:\/\/radiostavanger.no\/index.php?rest_route=\/wp\/v2\/posts"}],"about":[{"href":"https:\/\/radiostavanger.no\/index.php?rest_route=\/wp\/v2\/types\/post"}],"author":[{"embeddable":true,"href":"https:\/\/radiostavanger.no\/index.php?rest_route=\/wp\/v2\/users\/1"}],"replies":[{"embeddable":true,"href":"https:\/\/radiostavanger.no\/index.php?rest_route=%2Fwp%2Fv2%2Fcomments&post=19981"}],"version-history":[{"count":0,"href":"https:\/\/radiostavanger.no\/index.php?rest_route=\/wp\/v2\/posts\/19981\/revisions"}],"wp:featuredmedia":[{"embeddable":true,"href":"https:\/\/radiostavanger.no\/index.php?rest_route=\/wp\/v2\/media\/4992"}],"wp:attachment":[{"href":"https:\/\/radiostavanger.no\/index.php?rest_route=%2Fwp%2Fv2%2Fmedia&parent=19981"}],"wp:term":[{"taxonomy":"category","embeddable":true,"href":"https:\/\/radiostavanger.no\/index.php?rest_route=%2Fwp%2Fv2%2Fcategories&post=19981"},{"taxonomy":"post_tag","embeddable":true,"href":"https:\/\/radiostavanger.no\/index.php?rest_route=%2Fwp%2Fv2%2Ftags&post=19981"},{"taxonomy":"tmauthors","embeddable":true,"href":"https:\/\/radiostavanger.no\/index.php?rest_route=%2Fwp%2Fv2%2Ftmauthors&post=19981"}],"curies":[{"name":"wp","href":"https:\/\/api.w.org\/{rel}","templated":true}]}}