{"id":19982,"date":"2026-08-31T12:46:49","date_gmt":"2026-08-31T12:46:49","guid":{"rendered":"https:\/\/radiostavanger.no\/?p=19982"},"modified":"2026-08-31T12:46:49","modified_gmt":"2026-08-31T12:46:49","slug":"fagfolk-slar-alarm-om-ei-nasjonal-skrivekrise-blant-norske-elevar-nrk-rogaland-lokale-nyheter-tv-og-radio","status":"publish","type":"post","link":"https:\/\/radiostavanger.no\/?p=19982","title":{"rendered":"Fagfolk sl\u00e5r alarm om ei nasjonal skrivekrise blant norske elevar \u2013 NRK Rogaland \u2013 Lokale nyheter, TV og radio"},"content":{"rendered":"<p><br \/>\n<\/p>\n<div data-main-content=\"\" data-ec-list=\"article_body\" data-ec-name=\"br\u00f8dtekst\">\n<div id=\"1.17999673.881670d9\" class=\"g100 col fc s10 sl12 sl18 sg6 sg9 fact-reference\"><!-- include: \/serum\/render?id=1.17999673&size=10&perspective=BRIEF&alignment=CENTER&variant=minimized&parentSize=10 --><\/p>\n<aside class=\" fact widget brief skin-background-50 darkmode-skin-background-900 skin-text-950 skin-anchor-child-700 skin-anchor-child-800--hover darkmode-skin-text-50 darkmode-skin-anchor-child-200 darkmode-skin-anchor-child-300--hover \" role=\"complementary\" data-id=\"1.17999673\" id=\"fact-1-17999673\" aria-labelledby=\"fact-1-17999673_title\" data-ec-id=\"pp:article:1.17999673\" data-ec-name=\"Saka oppsummert:\" data-ec-category=\"fact-minimized\">\n<h3 class=\"fact__title title\" id=\"fact-1-17999673_title\">Saka oppsummert:<\/h3>\n<p><button class=\"fact__expand\" data-k5a-pos=\"faktaboks\" data-factid=\"fact-1-17999673\"><\/p>\n<p><\/button><\/p>\n<div class=\"fact__body text-body skin-text-950 skin-anchor-child-700 skin-anchor-child-800--hover darkmode-skin-text-50 darkmode-skin-anchor-child-200 darkmode-skin-anchor-child-300--hover \" aria-hidden=\"true\">\n<ul>\n<li>Fagfolk fr\u00e5 Nasjonalt senter for skriveoppl\u00e6ring, Landslaget for norskundervisning og UiO-professorar, \u00e5tvarar om at skriveferdigheitene til norske elevar stuper.<\/li>\n<li>Elevane merkar sj\u00f8lve at automatisk rettskriving, og kunstig intelligens gjer det for lettvint \u00e5 skrive utan \u00e5 trene p\u00e5 rettskriving.<\/li>\n<li>Fagmilj\u00f8et kritiserer regjeringa for at skrivinga blir gl\u00f8ymd.<\/li>\n<li>Kunnskapsminister Kari Nessa Nordtun (Ap) seier nei til \u00e5 innf\u00f8re nasjonale skrivepr\u00f8ver igjen, men utelukkar det ikkje for framtida.<\/li>\n<li>Rektor Finn Lea ved Kannik ungdomsskole i Stavanger fortel at dei merkar tydeleg l\u00e5gare skrivekompetanse blant elevane, og etterlyser nasjonale krav for \u00e5 snu trenden.<\/li>\n<\/ul>\n<\/div>\n<\/aside>\n<\/div>\n<p>Skule\u00e5ret er i gang for norske elevar.<\/p>\n<p>No satsar regjeringa 1 milliard p\u00e5 lesel\u00f8ftet, som skal gjere barn og unge betre p\u00e5 \u00e5 lese.<\/p>\n<p>Men kva med skrivinga?<\/p>\n<p><strong>\u2013 Eg trur det er meir skrivefeil no enn f\u00f8r, seier Sofie R\u00f8reng \u00d8verland.<\/strong><\/p>\n<p>Ho g\u00e5r i 10. klasse p\u00e5 Kannik ungdomsskole i Stavanger, og fekk skjermen i handa allereie tidleg p\u00e5 barneskulen.<\/p>\n<div id=\"1.17997299.ba2a2367\" class=\"g100 col fln s10 sl12 sl18 sg6 sg9 inlinesanitycontent-reference\"><!-- include: \/serum\/render?id=1.17997299&size=10&perspective=RICH&alignment=AUTO&parentSize=10 -->\n    <link rel=\"stylesheet\" type=\"text\/css\" href=\"https:\/\/static.dh.nrk.no\/modul\/bildekollasj\/main-1828006b51f60ff8932f.css\"\/><!-- prettier-ignore-attribute --><dh-bildekollasj-v1 class=\"widget should-popout\" data-name=\"dh-bildekollasj\" data-self-id=\"1.17997299\"><\/p>\n<figure class=\"dhbk__kollasj\">\n<div class=\"dhbk__to-breddebilder\" data-desktop-visning=\"vertikal\">\n<div class=\"dhbk__image\" style=\"--aspect: 16 \/ 9\"><picture><source srcset=\"https:\/\/gfx.nrk.no\/r__dL1Jcpln3LTfKI31ftQiCz9JYMbzFvEOMtDws1foA 450w,https:\/\/gfx.nrk.no\/r__dL1Jcpln3LTfKI31ftQBqi4o6Gt5ofEOMtDws1foA 768w,https:\/\/gfx.nrk.no\/r__dL1Jcpln3LTfKI31ftQtxStnLm6lbTEOMtDws1foA 1080w,https:\/\/gfx.nrk.no\/r__dL1Jcpln3LTfKI31ftQRTblDOlv9UbEOMtDws1foA 1280w,https:\/\/gfx.nrk.no\/r__dL1Jcpln3LTfKI31ftQQ8rmql7xEorEOMtDws1foA 1600w,https:\/\/gfx.nrk.no\/r__dL1Jcpln3LTfKI31ftQoR-kXrD9bZXEOMtDws1foA 1920w,https:\/\/gfx.nrk.no\/r__dL1Jcpln3LTfKI31ftQw6FLMspWMBTEOMtDws1foA 2560w,https:\/\/gfx.nrk.no\/r__dL1Jcpln3LTfKI31ftQBWSbHB2hBbPEOMtDws1foA 3840w\" sizes=\"(min-width: 900px) 50vw, 100vw\" width=\"3840\" height=\"2160\"><img alt=\"Sofie R\u00f8reng \u00d8verland 15 \u00e5r skriver for hand i skrivebok\" sizes=\"(min-width: 900px) 600px, 100vw\" loading=\"lazy\"\/><\/source><\/picture><\/div>\n<div class=\"dhbk__image\" style=\"--aspect: 16 \/ 9\"><picture><source srcset=\"https:\/\/gfx.nrk.no\/h1f0HzeanrC1Ga8DRvV1wA01XAfu7np95Zz9tiwumCzw 450w,https:\/\/gfx.nrk.no\/h1f0HzeanrC1Ga8DRvV1wATtowrma8IoVZz9tiwumCzw 768w,https:\/\/gfx.nrk.no\/h1f0HzeanrC1Ga8DRvV1wAnqG8s0GAyElZz9tiwumCzw 1080w,https:\/\/gfx.nrk.no\/h1f0HzeanrC1Ga8DRvV1wAqXfdpZpSYY9Zz9tiwumCzw 1280w,https:\/\/gfx.nrk.no\/h1f0HzeanrC1Ga8DRvV1wA553O3maVms5Zz9tiwumCzw 1600w,https:\/\/gfx.nrk.no\/h1f0HzeanrC1Ga8DRvV1wA6rZuA2c3nqtZz9tiwumCzw 1920w,https:\/\/gfx.nrk.no\/h1f0HzeanrC1Ga8DRvV1wAImSyMsmhpnpZz9tiwumCzw 2560w,https:\/\/gfx.nrk.no\/h1f0HzeanrC1Ga8DRvV1wA_YSHjWGyDj5Zz9tiwumCzw 3840w\" sizes=\"(min-width: 900px) 50vw, 100vw\" width=\"3840\" height=\"2160\"><img alt=\"elev skriver for h\u00e5nd i en skrivebok i et klasserom\" sizes=\"(min-width: 900px) 600px, 100vw\" loading=\"lazy\"\/><\/source><\/picture><\/div>\n<\/div><figcaption>\n<p>Sofie R\u00f8reng \u00d8verland g\u00e5r i 10.klasse p\u00e5 Kannik skole.<\/p>\n<p><small>Foto: Fride Audunsdotter Westvik<\/small><\/figcaption><\/figure>\n<p><\/dh-bildekollasj-v1>\n  <\/div>\n<p>Medelev Kristine Hatleskog Fandrem merkar at skjermen gjer noko med skrivekompetansen.<\/p>\n<p>\u2013 N\u00e5r du har eit retteprogram p\u00e5 <span class=\"note\" data-content=\"&lt;p&gt;Chromebook er ein b\u00e6rbar PC til b\u00e5de arbeid og underhaldning.&lt;\/p&gt; \" data-term=\"Chromebooken\">Chromebooken<\/span>, f\u00f8ler eg at du ikkje treng \u00e5 tenkje s\u00e5 mykje over \u00e5 skrive rett, seier ho.<\/p>\n<div id=\"1.17997294.94d7e3c1\" class=\"g100 col fln s10 sl12 sl18 sg6 sg9 inlinesanitycontent-reference\"><!-- include: \/serum\/render?id=1.17997294&size=10&perspective=RICH&alignment=AUTO&parentSize=10 -->\n    <link rel=\"stylesheet\" type=\"text\/css\" href=\"https:\/\/static.dh.nrk.no\/modul\/bildekollasj\/main-1828006b51f60ff8932f.css\"\/><!-- prettier-ignore-attribute --><dh-bildekollasj-v1 class=\"widget \" data-name=\"dh-bildekollasj\" data-self-id=\"1.17997294\"><\/p>\n<figure class=\"dhbk__kollasj\">\n<div class=\"dhbk__galleri-container dhbk__no-fullwidth\">\n<div class=\"dhbk__overlappende-bilder\"><picture><source srcset=\"https:\/\/gfx.nrk.no\/-H0BagVdNZhL1Mn0ypGx6gGa8VUnVI89S7-TE2Az0t1w 450w,https:\/\/gfx.nrk.no\/-H0BagVdNZhL1Mn0ypGx6gnDDjK4FwbBK7-TE2Az0t1w 768w,https:\/\/gfx.nrk.no\/-H0BagVdNZhL1Mn0ypGx6g47ylu8ovEnK7-TE2Az0t1w 1080w,https:\/\/gfx.nrk.no\/-H0BagVdNZhL1Mn0ypGx6gsgFAuKmPCAa7-TE2Az0t1w 1280w,https:\/\/gfx.nrk.no\/-H0BagVdNZhL1Mn0ypGx6gGJKuder8CUm7-TE2Az0t1w 1600w,https:\/\/gfx.nrk.no\/-H0BagVdNZhL1Mn0ypGx6g8hViOSID2-S7-TE2Az0t1w 1920w,https:\/\/gfx.nrk.no\/-H0BagVdNZhL1Mn0ypGx6gQnXiewivMOu7-TE2Az0t1w 2560w,https:\/\/gfx.nrk.no\/-H0BagVdNZhL1Mn0ypGx6gw-FO2JmTXMS7-TE2Az0t1w 3840w\" sizes=\"(min-width: 900px) 50vw, 100vw\" width=\"3840\" height=\"3840\"><img alt=\"Kristine Hatleskog Fandrem 14 \u00e5r g\u00e5r i 10.klasse p\u00e5 Kannik skole i Stavanger og sitter i et klasserom og skriver for h\u00e5nd.\" sizes=\"(min-width: 900px) 600px, 100vw\" loading=\"lazy\"\/><\/source><\/picture><picture><source srcset=\"https:\/\/gfx.nrk.no\/SPJdCfxmHeCThQ0tPJUDDQYMRLEBZ8NAnLawSolP6NNQ 450w,https:\/\/gfx.nrk.no\/SPJdCfxmHeCThQ0tPJUDDQAOic5TkFk1jLawSolP6NNQ 768w,https:\/\/gfx.nrk.no\/SPJdCfxmHeCThQ0tPJUDDQR4yotMxxkMnLawSolP6NNQ 1080w,https:\/\/gfx.nrk.no\/SPJdCfxmHeCThQ0tPJUDDQPQKW2CzmK1bLawSolP6NNQ 1280w,https:\/\/gfx.nrk.no\/SPJdCfxmHeCThQ0tPJUDDQfomqWCfF24vLawSolP6NNQ 1600w,https:\/\/gfx.nrk.no\/SPJdCfxmHeCThQ0tPJUDDQud55P1E8q83LawSolP6NNQ 1920w,https:\/\/gfx.nrk.no\/SPJdCfxmHeCThQ0tPJUDDQxG1Udcn-TTLLawSolP6NNQ 2560w,https:\/\/gfx.nrk.no\/SPJdCfxmHeCThQ0tPJUDDQMhSNOGOSo4bLawSolP6NNQ 3840w\" sizes=\"(min-width: 900px) 50vw, 100vw\" width=\"3840\" height=\"3840\"><img alt=\"bilde av penal opp p\u00e5 en pc p\u00e5 ein skrivepult i et klasserom.\" sizes=\"(min-width: 900px) 600px, 100vw\" loading=\"lazy\"\/><\/source><\/picture><\/div>\n<\/div><figcaption>\n<p>Det er sjeldan at 10.klassingane vel \u00e5 skrive for hand.<\/p>\n<p><small>Foto: Fride Audunsdotter Westvik\/NRK<\/small><\/figcaption><\/figure>\n<p><\/dh-bildekollasj-v1>\n  <\/div>\n<p>Klassekameratane er einige.<\/p>\n<p>\u2013 Du treng ikkje \u00e5 vere s\u00e5 god til \u00e5 skrive no. Du kan berre be kunstig intelligens rette teksten for deg, seier Brim Benoni-St\u00f8rseth.<\/p>\n<div id=\"1.17997305.bbb4b583\" class=\"g100 col fln s10 sl12 sl18 sg6 sg9 inlinesanitycontent-reference\"><!-- include: \/serum\/render?id=1.17997305&size=10&perspective=RICH&alignment=AUTO&parentSize=10 -->\n    <link rel=\"stylesheet\" type=\"text\/css\" href=\"https:\/\/static.dh.nrk.no\/modul\/bildekollasj\/main-1828006b51f60ff8932f.css\"\/><!-- prettier-ignore-attribute --><dh-bildekollasj-v1 class=\"widget should-popout\" data-name=\"dh-bildekollasj\" data-self-id=\"1.17997305\"><\/p>\n<figure class=\"dhbk__kollasj\">\n<div class=\"dhbk__to-hoydebilder\" style=\"--forskyvning: 0%\">\n<div class=\"dhbk__image-wrapper\" style=\"--aspect: 4 \/ 5\"><picture><source srcset=\"https:\/\/gfx.nrk.no\/6jWt3gkWjqjb9HA64Zc0IwWSNuUAOa3iQqMktZFgXkdA 450w,https:\/\/gfx.nrk.no\/6jWt3gkWjqjb9HA64Zc0IwFJ_klrRRslsqMktZFgXkdA 768w,https:\/\/gfx.nrk.no\/6jWt3gkWjqjb9HA64Zc0IwlNp0HU0rNjoqMktZFgXkdA 1080w,https:\/\/gfx.nrk.no\/6jWt3gkWjqjb9HA64Zc0IwAIiqlckw5ucqMktZFgXkdA 1280w,https:\/\/gfx.nrk.no\/6jWt3gkWjqjb9HA64Zc0IwilxF2ZxlphsqMktZFgXkdA 1600w,https:\/\/gfx.nrk.no\/6jWt3gkWjqjb9HA64Zc0IwmD0Hk0qwmUoqMktZFgXkdA 1920w,https:\/\/gfx.nrk.no\/6jWt3gkWjqjb9HA64Zc0Iw4rhTmm7WrRYqMktZFgXkdA 2560w,https:\/\/gfx.nrk.no\/6jWt3gkWjqjb9HA64Zc0IwlR-zntXIvJIqMktZFgXkdA 3840w\" sizes=\"(min-width: 900px) 50vw, 100vw\" width=\"3840\" height=\"4800\"><img alt=\"Brim Benoni-St\u00f8rseth 15 \u00e5r, g\u00e5r i 10.klasse p\u00e5 Kannik skole i Stavanger. Her skriver han for h\u00e5nd i en skrivenok i klasserommet.\" sizes=\"(min-width: 900px) 600px, 100vw\" loading=\"lazy\"\/><\/source><\/picture><\/div>\n<div class=\"dhbk__image-wrapper\" style=\"--aspect: 4 \/ 5\"><picture><source srcset=\"https:\/\/gfx.nrk.no\/DnYd3PDSpr9OvmWdIMqwuwipaYXa9hpVpqUspAznLpKA 450w,https:\/\/gfx.nrk.no\/DnYd3PDSpr9OvmWdIMqwuw9ZKiebYIbM5qUspAznLpKA 768w,https:\/\/gfx.nrk.no\/DnYd3PDSpr9OvmWdIMqwuwx78JfgdpVXlqUspAznLpKA 1080w,https:\/\/gfx.nrk.no\/DnYd3PDSpr9OvmWdIMqwuwwn1PFd9Fl05qUspAznLpKA 1280w,https:\/\/gfx.nrk.no\/DnYd3PDSpr9OvmWdIMqwuwzhcL3ZGrEyZqUspAznLpKA 1600w,https:\/\/gfx.nrk.no\/DnYd3PDSpr9OvmWdIMqwuwLrkomptDIrxqUspAznLpKA 1920w,https:\/\/gfx.nrk.no\/DnYd3PDSpr9OvmWdIMqwuwdR-PjcgN1PJqUspAznLpKA 2560w,https:\/\/gfx.nrk.no\/DnYd3PDSpr9OvmWdIMqwuwJC37L4SIVM1qUspAznLpKA 3840w\" sizes=\"(min-width: 900px) 50vw, 100vw\" width=\"3840\" height=\"4800\"><img alt=\"r\u00f8d skrivebok\" sizes=\"(min-width: 900px) 600px, 100vw\" loading=\"lazy\"\/><\/source><\/picture><\/div>\n<\/div><figcaption>\n<p>Brim Benoni-St\u00f8rseth meiner sj\u00f8lv at han skriv slurvete.<\/p>\n<p><small>Foto: Fride Audunsdotter Westvik<\/small><\/figcaption><\/figure>\n<p><\/dh-bildekollasj-v1>\n  <\/div>\n<p>10.-klassingane opplever ogs\u00e5 at mange ikkje bryr seg om \u00e5 skrive rett.<\/p>\n<p><strong>\u2013 N\u00e5r eg skriv meldingar til vener p\u00e5 dialekt, bryr eg meg ikkje om skrivefeil. Det har ikkje s\u00e5 mykje \u00e5 seie, fortel Sverre Galta.<\/strong><\/p>\n<div id=\"1.17997373.c49f9525\" class=\"g100 col fc s10 sl12 sl18 sg6 sg9 image-reference image-reference--F169\"><!-- include: \/serum\/render?id=1.17997373&size=10&perspective=RICH&alignment=CENTER&caption=B%C3%A5de+Sverre+Galta+og+Brim+Benoni-St%C3%B8rseth+vel+helst+%C3%A5+ikkje+skrive+for+hand.&type=image&aspect=F169&parentSize=10 --><!-- START: \/templates\/image\/image-rich.jsp --><\/p>\n<figure class=\"image widget rich\">\n<div class=\"responsive-img F169\"><img decoding=\"async\" sizes=\"(min-width:1180px) 639px, (min-width:720px) 56vw, 100vw\" srcset=\"https:\/\/gfx.nrk.no\/AmlHxDozO5YrNQIRMdfxoQrF6YDVWKCS8dCmuN5LLD4Q.jpg 80w, https:\/\/gfx.nrk.no\/AmlHxDozO5YrNQIRMdfxoQ5aVE3Uhh6PYdCmuN5LLD4Q.jpg 160w, https:\/\/gfx.nrk.no\/AmlHxDozO5YrNQIRMdfxoQg4tbp8IsdJsdCmuN5LLD4Q.jpg 350w, https:\/\/gfx.nrk.no\/AmlHxDozO5YrNQIRMdfxoQrxHXNEIZPQ4dCmuN5LLD4Q.jpg 450w, https:\/\/gfx.nrk.no\/AmlHxDozO5YrNQIRMdfxoQhLl0fB2u8RwdCmuN5LLD4Q.jpg 650w, https:\/\/gfx.nrk.no\/AmlHxDozO5YrNQIRMdfxoQrnBSu0tYkNQdCmuN5LLD4Q.jpg 1000w, https:\/\/gfx.nrk.no\/AmlHxDozO5YrNQIRMdfxoQbUBSDEtiClQdCmuN5LLD4Q.jpg 1200w, https:\/\/gfx.nrk.no\/AmlHxDozO5YrNQIRMdfxoQBSxK9FsaWngdCmuN5LLD4Q.jpg 1600w, https:\/\/gfx.nrk.no\/AmlHxDozO5YrNQIRMdfxoQ27q_oaRMKtUdCmuN5LLD4Q.jpg 2000w\" src=\"data:image\/gif;base64,R0lGODlhAQABAIAAAAAAAP\/\/\/yH5BAEAAAAALAAAAAABAAEAAAIBRAA7\" loading=\"eager\" alt=\"elevar skriv for hand i eit klasserom p\u00e5 kannik skole i stavanger\" title=\"Foto: Fride Audunsdotter Westvik \/ NRK\"\/><\/div><figcaption>\n<p class=\"\">B\u00e5de Sverre Galta og Brim Benoni-St\u00f8rseth vel helst \u00e5 ikkje skrive for hand.<\/p>\n<p><small>Foto: Fride Audunsdotter Westvik \/ NRK<\/small><br \/>\n<\/figcaption><\/figure>\n<p><!-- END: \/templates\/image\/image-rich.jsp -->\n<\/div>\n<h2>L\u00e5gare skrivekompetanse<\/h2>\n<p>Rektor ved Kannik ungdomsskole i Stavanger, Finn Lea, er uroa for skriveutviklinga til elevane han tek i mot.<\/p>\n<p>\u2013 Dette har vi sett lenge hos oss p\u00e5 Kannik. Vi ser at skrivekompetansen er merkbart l\u00e5gare enn han var tidlegare, seier Lea.<\/p>\n<p>Han peikar p\u00e5 at skulekvardagen i h\u00f8g grad er prega av skjermbruk og tastatur, noko som gjer at elevane treng ein annan type skriveoppl\u00e6ring og oppf\u00f8lging enn f\u00f8r.<\/p>\n<div id=\"1.17997287.92f8c49f\" class=\"g100 col fc s10 sl12 sl18 sg6 sg9 image-reference image-reference--F169\"><!-- include: \/serum\/render?id=1.17997287&size=10&perspective=RICH&alignment=CENTER&caption=Finn+Lea%2C+er+rektor+ved+Kannik+ungdomsskole+i+Stavanger.&type=image&aspect=F169&parentSize=10 --><!-- START: \/templates\/image\/image-rich.jsp --><\/p>\n<figure class=\"image widget rich\">\n<div class=\"responsive-img F169\"><img decoding=\"async\" sizes=\"(min-width:1180px) 639px, (min-width:720px) 56vw, 100vw\" srcset=\"https:\/\/gfx.nrk.no\/eMdl4R8m3DwHV9dw_6deFAsFJI0zyo6_2T6Xx06nmfCw.jpg 80w, https:\/\/gfx.nrk.no\/eMdl4R8m3DwHV9dw_6deFAXGURA6bA0W6T6Xx06nmfCw.jpg 160w, https:\/\/gfx.nrk.no\/eMdl4R8m3DwHV9dw_6deFAe7cfPCefS1ST6Xx06nmfCw.jpg 350w, https:\/\/gfx.nrk.no\/eMdl4R8m3DwHV9dw_6deFA12fL1kH6oFyT6Xx06nmfCw.jpg 450w, https:\/\/gfx.nrk.no\/eMdl4R8m3DwHV9dw_6deFAysgIWYD6GDGT6Xx06nmfCw.jpg 650w, https:\/\/gfx.nrk.no\/eMdl4R8m3DwHV9dw_6deFAQBshvLU3JbaT6Xx06nmfCw.jpg 1000w, https:\/\/gfx.nrk.no\/eMdl4R8m3DwHV9dw_6deFAS3d-QOatFgGT6Xx06nmfCw.jpg 1200w, https:\/\/gfx.nrk.no\/eMdl4R8m3DwHV9dw_6deFAzByITdP8_eqT6Xx06nmfCw.jpg 1600w, https:\/\/gfx.nrk.no\/eMdl4R8m3DwHV9dw_6deFAMijt21dqHkKT6Xx06nmfCw.jpg 2000w\" src=\"data:image\/gif;base64,R0lGODlhAQABAIAAAAAAAP\/\/\/yH5BAEAAAAALAAAAAABAAEAAAIBRAA7\" loading=\"eager\" alt=\"Finn Lea, rektor Kannik Skole Stavanger\" title=\"Foto: Fride Audunsdotter Westvik \/ NRK\"\/><\/div><figcaption>\n<p class=\"\">Finn Lea, er rektor ved Kannik ungdomsskole i Stavanger.<\/p>\n<p><small>Foto: Fride Audunsdotter Westvik \/ NRK<\/small><br \/>\n<\/figcaption><\/figure>\n<p><!-- END: \/templates\/image\/image-rich.jsp -->\n<\/div>\n<p>\u2013 Vi treng midlar og ressursar for \u00e5 f\u00e5 dette til. Eg skulle ynskje vi blei forplikta til \u00e5 utfordre elevane meir p\u00e5 skriving, seier han.<\/p>\n<p>LES OGS\u00c5: Skulen opplever at skriveferdigheitene til elevane stuper, og m\u00e5 sj\u00f8lv ta grep for \u00e5 l\u00e6re ungdommane \u00e5 skrive.<\/p>\n<p>Sj\u00f8lv om Lea er positiv til regjeringa si milliardinvestering, meiner han tiltaket berre l\u00f8yser halve problemet.<\/p>\n<p>\u2013 Lesinga gjer at dei ser korleis orda blir skrivne, men dei set seg ikkje n\u00f8dvendigvis ned og skriv av den grunn. Det er den reelle skrivetreninga vi ville ha sett meir fokus p\u00e5, meiner rektoren.<\/p>\n<h2>Varslar om nasjonal skrivekrise<\/h2>\n<p>Situasjonen p\u00e5 ungdomsskulen i Stavanger er ikkje unik.<\/p>\n<p>Medan regjeringa rullar ut ein massiv leselyststrategi og lovar over ein milliard kroner til <span class=\"note\" data-content=\"&lt;p&gt;&lt;strong&gt;Lesel\u00f8ftet&lt;!--TgQPHd||[]--&gt;&lt;\/strong&gt; er ei\u00a0nasjonal milliardsatsing fr\u00e5\u00a0regjeringa\u00a0for \u00e5 styrke leselysta\u00a0og l\u00f8fte leseferdigheitene til barn, unge og vaksne\u00a0i Noreg. M\u00e5let er \u00e5 snu den negative trenden og gjere\u00a0norske barn gode til \u00e5 lese.&lt;\/p&gt; \" data-term=\"\u00abLesel\u00f8ftet\u00bb\">\u00abLesel\u00f8ftet\u00bb<\/span> dei neste fire \u00e5ra, meiner fagmilj\u00f8a at skrivinga blir stemoderleg behandla.<\/p>\n<div id=\"1.17999663.868bdebd\" class=\"g100 col fc s10 sl12 sl18 sg6 sg9 fact-reference\"><!-- include: \/serum\/render?id=1.17999663&size=10&perspective=BRIEF&alignment=CENTER&variant=minimized&parentSize=10 --><\/p>\n<aside class=\" fact widget brief skin-background-50 darkmode-skin-background-900 skin-text-950 skin-anchor-child-700 skin-anchor-child-800--hover darkmode-skin-text-50 darkmode-skin-anchor-child-200 darkmode-skin-anchor-child-300--hover \" role=\"complementary\" data-id=\"1.17999663\" id=\"fact-1-17999663\" aria-labelledby=\"fact-1-17999663_title\" data-ec-id=\"pp:article:1.17999663\" data-ec-name=\"Kva er lesekommisjonen?\" data-ec-category=\"fact-minimized\">\n<h3 class=\"fact__title title\" id=\"fact-1-17999663_title\">Kva er lesekommisjonen?<\/h3>\n<p><button class=\"fact__expand\" data-k5a-pos=\"faktaboks\" data-factid=\"fact-1-17999663\"><\/p>\n<p><\/button><\/p>\n<div class=\"fact__body text-body skin-text-950 skin-anchor-child-700 skin-anchor-child-800--hover darkmode-skin-text-50 darkmode-skin-anchor-child-200 darkmode-skin-anchor-child-300--hover \" aria-hidden=\"true\">\n<ul>\n<li>Lesekommisjonen er ei uavhengig ekspertgruppe oppretta av regjeringa i februar 2026 for \u00e5 l\u00f8fte barn og unge sine leseferdigheiter og leselyst.<\/li>\n<li>Utviklinga viser at norske barn og unge over tid har f\u00e5tt svakare leseferdigheiter og l\u00e5gare leselyst. Kommisjonen sitt arbeid er ein del av oppf\u00f8lginga av den nasjonale leselyst-strategien.<\/li>\n<li>Hovudoppg\u00e5va til lesekommisjonen er \u00e5 samle forsking og praksiserfaringar for \u00e5 gi tydlege, nasjonale r\u00e5d om korleis barnehagar, skular og samfunnet elles b\u00f8r arbeide med lesing.<\/li>\n<\/ul>\n<\/div>\n<\/aside>\n<\/div>\n<p>Kunnskapsminister Kari Nessa Nordtun (Ap) f\u00e5r no kritikk fr\u00e5 fagfolk, som meiner skrivinga hamnar i skuggen av regjeringa si lesesatsing.<\/p>\n<p>\u2013 Det er eit akutt behov for \u00e5 gje l\u00e6rarane hjelp og st\u00f8tte, og setje nasjonale retningslinjer, elles kjem dette til \u00e5 gli fullstendig ut.<\/p>\n<p>Det seier Kjell Lars Berge, professor i tekstvitskap ved Universitetet i Oslo, som \u00e5tvarar sterkt mot dette kunnskapsh\u00f2let.<\/p>\n<p>Han peikar p\u00e5 at ein no st\u00e5r overfor ei nasjonal skrivekrise.<\/p>\n<p><strong>\u2013 Vi hadde nasjonale skrivepr\u00f8ver fram til 2016, d\u00e5 l\u00e5g 40 prosent under forventa niv\u00e5. Sidan har utviklinga g\u00e5tt nedover i alle andre ferdigheiter, og det er lite sannsynleg at skriveferdigheitene har g\u00e5tt opp, seier Berge.<\/strong><\/p>\n<div id=\"1.17956446.9247c3a\" class=\"g100 col fln s10 sl12 sl18 sg6 sg9 remoterenderedcontent-reference\"><!-- include: \/serum\/render?id=1.17956446&size=10&perspective=RICH&alignment=AUTO&parentSize=10 -->\n    <link rel=\"stylesheet\" type=\"text\/css\" href=\"https:\/\/static.dh.nrk.no\/modul\/persongalleri\/main-52d876a221be41ed8827.css\"\/><!-- prettier-ignore-attribute --><dh-persongalleri-v1 data-name=\"dh-persongalleri\"><\/p>\n<section class=\"dhpg__app dhpg__light\">\n<div class=\"dhpg__gallery\">\n<div class=\"undefined\">\n<ul class=\"dhpg__gallery__list\">\n<li class=\"dhpg__gallery__listItem\">\n<div class=\"dhpg__person\">\n<figure class=\"dhpg__person__figure\" data-name=\"Kjell Lars Berge,\"><picture><source type=\"image\/webp\" srcset=\"https:\/\/gfx.nrk.no\/NcrNTUUrzwIRQ9DNZbr7kAARROaCkdaPRVYytheay3SA.webp 450w,https:\/\/gfx.nrk.no\/NcrNTUUrzwIRQ9DNZbr7kAY9FRKEke3d9VYytheay3SA.webp 768w,https:\/\/gfx.nrk.no\/NcrNTUUrzwIRQ9DNZbr7kA5vQ48Z5AHhFVYytheay3SA.webp 1080w,https:\/\/gfx.nrk.no\/NcrNTUUrzwIRQ9DNZbr7kAq508ZCoBACxVYytheay3SA.webp 1280w,https:\/\/gfx.nrk.no\/NcrNTUUrzwIRQ9DNZbr7kA33Hl6W_e55JVYytheay3SA.webp 1600w,https:\/\/gfx.nrk.no\/NcrNTUUrzwIRQ9DNZbr7kAPytRcs_j9iBVYytheay3SA.webp 2400w\" sizes=\"(min-width: 540px) 320px, 100vw\"\/><source type=\"image\/jpeg\" srcset=\"https:\/\/gfx.nrk.no\/NcrNTUUrzwIRQ9DNZbr7kAmyY04JQ6pL9WAd7Mkx9h5g.jpg 450w,https:\/\/gfx.nrk.no\/NcrNTUUrzwIRQ9DNZbr7kAyLpn0aQLZu1WAd7Mkx9h5g.jpg 768w,https:\/\/gfx.nrk.no\/NcrNTUUrzwIRQ9DNZbr7kAQwqRgPIx7a1WAd7Mkx9h5g.jpg 1080w,https:\/\/gfx.nrk.no\/NcrNTUUrzwIRQ9DNZbr7kA7HZk0lXv4DVWAd7Mkx9h5g.jpg 1280w,https:\/\/gfx.nrk.no\/NcrNTUUrzwIRQ9DNZbr7kAYl9Ep_-GJd1WAd7Mkx9h5g.jpg 1600w,https:\/\/gfx.nrk.no\/NcrNTUUrzwIRQ9DNZbr7kAJUIzNV763C5WAd7Mkx9h5g.jpg 2400w\" sizes=\"(min-width: 540px) 320px, 100vw\"\/><img loading=\"lazy\" alt=\"Kjell Lars Berge\" sizes=\"auto, (min-width: 540px) 320px, 100vw\" width=\"2400\" height=\"2400\" loading=\"lazy\"\/><\/picture><\/figure>\n<h4 class=\"dhpg__person__name\">Kjell Lars Berge,<\/h4>\n<div class=\"dhpg__person__textwrapper\">\n<div class=\"dhpg__person__bio\">\n<ul>\n<li>Professor i tekstvitskap ved Universitetet i Oslo.<\/li>\n<li>Doktorgrad i anvendt spr\u00e5kvitskap ved NTNU.<\/li>\n<\/ul>\n<\/div>\n<\/div>\n<\/div>\n<\/li>\n<\/ul>\n<\/div>\n<\/div>\n<\/section>\n<p><\/dh-persongalleri-v1>\n  <\/div>\n<p>Berge har saman med Skrivesenteret og Landslaget for norskundervisning sagt ifr\u00e5 til regjeringa om at noko b\u00f8r gjerast med det dei definerer som ei nasjonal skrivekrise.<\/p>\n<h2>\u2013 Skrivinga er gl\u00f8ymd<\/h2>\n<p>Saman med Venstre kravde dei at regjeringa utviklar nasjonale l\u00e6ringsst\u00f8ttande utvalspr\u00f8var i skriving, som kunnskapsministeren har sagt nei til.<\/p>\n<p><strong>\u2013 Eg opplever at skrivinga er gl\u00f8ymd.<\/strong><\/p>\n<p>Det seier Liv Cahtrine Krogh, styreleiar i Landslaget for norskundervisning.<\/p>\n<p>\u2013 Kvar gong ein tenker at det st\u00e5r d\u00e5rleg til med lesing, s\u00e5 b\u00f8r ein tenke at det st\u00e5r d\u00e5rleg til med skriving. Vi \u00f8nsker oss at skrivinga f\u00e5r langt meir merksemd, seier Krogh.<\/p>\n<div id=\"1.17957841.9a243e84\" class=\"g100 col fln s10 sl12 sl18 sg6 sg9 remoterenderedcontent-reference\"><!-- include: \/serum\/render?id=1.17957841&size=10&perspective=RICH&alignment=AUTO&parentSize=10 -->\n    <link rel=\"stylesheet\" type=\"text\/css\" href=\"https:\/\/static.dh.nrk.no\/modul\/persongalleri\/main-52d876a221be41ed8827.css\"\/><!-- prettier-ignore-attribute --><dh-persongalleri-v1 data-name=\"dh-persongalleri\"><\/p>\n<section class=\"dhpg__app dhpg__light\">\n<div class=\"dhpg__gallery\">\n<div class=\"undefined\">\n<ul class=\"dhpg__gallery__list\">\n<li class=\"dhpg__gallery__listItem\">\n<div class=\"dhpg__person\">\n<figure class=\"dhpg__person__figure\" data-name=\" Liv Cahtrine Krogh\"><picture><source type=\"image\/webp\" srcset=\"https:\/\/gfx.nrk.no\/8iWt0YWLKZvYVxYS5M0tGwiLx9it0IRX7fDyRkZnQTnw.webp 450w,https:\/\/gfx.nrk.no\/8iWt0YWLKZvYVxYS5M0tGwhES_PZudqGbfDyRkZnQTnw.webp 768w,https:\/\/gfx.nrk.no\/8iWt0YWLKZvYVxYS5M0tGwOVB5EmE3jrvfDyRkZnQTnw.webp 1080w,https:\/\/gfx.nrk.no\/8iWt0YWLKZvYVxYS5M0tGwKtcGPgs02wrfDyRkZnQTnw.webp 1280w,https:\/\/gfx.nrk.no\/8iWt0YWLKZvYVxYS5M0tGwcu3ycO_t-_bfDyRkZnQTnw.webp 1600w,https:\/\/gfx.nrk.no\/8iWt0YWLKZvYVxYS5M0tGw0bUCVwpWpD7fDyRkZnQTnw.webp 2400w\" sizes=\"(min-width: 540px) 320px, 100vw\"\/><source type=\"image\/jpeg\" srcset=\"https:\/\/gfx.nrk.no\/8iWt0YWLKZvYVxYS5M0tGwVYnbo-hPpYAJytysDbbesQ.jpg 450w,https:\/\/gfx.nrk.no\/8iWt0YWLKZvYVxYS5M0tGwD91x3QMfA5wJytysDbbesQ.jpg 768w,https:\/\/gfx.nrk.no\/8iWt0YWLKZvYVxYS5M0tGwyVXZRgTfoFkJytysDbbesQ.jpg 1080w,https:\/\/gfx.nrk.no\/8iWt0YWLKZvYVxYS5M0tGwSlFdFWBJrucJytysDbbesQ.jpg 1280w,https:\/\/gfx.nrk.no\/8iWt0YWLKZvYVxYS5M0tGwssPk1OZ7bMQJytysDbbesQ.jpg 1600w,https:\/\/gfx.nrk.no\/8iWt0YWLKZvYVxYS5M0tGwYFGgGgdkZ4QJytysDbbesQ.jpg 2400w\" sizes=\"(min-width: 540px) 320px, 100vw\"\/><img loading=\"lazy\" alt=\"Liv Cathrine Krogh\" sizes=\"auto, (min-width: 540px) 320px, 100vw\" width=\"2400\" height=\"2400\" loading=\"lazy\"\/><\/picture><\/figure>\n<h4 class=\"dhpg__person__name\"> Liv Cahtrine Krogh<\/h4>\n<div class=\"dhpg__person__textwrapper\">\n<div class=\"dhpg__person__bio\">\n<ul>\n<li>Styreleiar Landslaget for norskundervisning.<\/li>\n<li>F\u00f8rstelektor Universitetet i S\u00f8r\u00f8st-Norge.<\/li>\n<\/ul>\n<\/div>\n<\/div>\n<\/div>\n<\/li>\n<\/ul>\n<\/div>\n<\/div>\n<\/section>\n<p><\/dh-persongalleri-v1>\n  <\/div>\n<p>Ho peikar p\u00e5 at lesing og skriving heng tett saman. Noko Arne Johannes Aasen, senterleiar for Nasjonalt senter for skriveoppl\u00e6ring og skriveforsking, st\u00f8ttar.<\/p>\n<p>\u2013 Vi har ganske gode data p\u00e5 at ei integrert lese- og skriveoppl\u00e6ring gjer elevane til betre lesarar og til betre skrivarar. Det gjeld s\u00e6rleg p\u00e5 barnetrinnet, seier Aasen.<\/p>\n<div id=\"1.17956449.9790940\" class=\"g100 col fln s10 sl12 sl18 sg6 sg9 remoterenderedcontent-reference\"><!-- include: \/serum\/render?id=1.17956449&size=10&perspective=RICH&alignment=AUTO&parentSize=10 -->\n    <link rel=\"stylesheet\" type=\"text\/css\" href=\"https:\/\/static.dh.nrk.no\/modul\/persongalleri\/main-52d876a221be41ed8827.css\"\/><!-- prettier-ignore-attribute --><dh-persongalleri-v1 data-name=\"dh-persongalleri\"><\/p>\n<section class=\"dhpg__app dhpg__light\">\n<div class=\"dhpg__gallery\">\n<div class=\"undefined\">\n<ul class=\"dhpg__gallery__list\">\n<li class=\"dhpg__gallery__listItem\">\n<div class=\"dhpg__person\">\n<figure class=\"dhpg__person__figure\" data-name=\"Arne Johannes Aasen\"><picture><source type=\"image\/webp\" srcset=\"https:\/\/gfx.nrk.no\/eVYO31uiHomMDm49DWHkkAo4C2lW9oIZBYiPp50bJDnQ.webp 450w,https:\/\/gfx.nrk.no\/eVYO31uiHomMDm49DWHkkABYqPSkXozvVYiPp50bJDnQ.webp 768w,https:\/\/gfx.nrk.no\/eVYO31uiHomMDm49DWHkkATABORLAqh1RYiPp50bJDnQ.webp 1080w,https:\/\/gfx.nrk.no\/eVYO31uiHomMDm49DWHkkAZsZh8It-TN1YiPp50bJDnQ.webp 1280w,https:\/\/gfx.nrk.no\/eVYO31uiHomMDm49DWHkkALyeVe5fX2SlYiPp50bJDnQ.webp 1600w,https:\/\/gfx.nrk.no\/eVYO31uiHomMDm49DWHkkAXKFVV3IEXNlYiPp50bJDnQ.webp 2400w\" sizes=\"(min-width: 540px) 320px, 100vw\"\/><source type=\"image\/jpeg\" srcset=\"https:\/\/gfx.nrk.no\/eVYO31uiHomMDm49DWHkkAj1uqXHtre9DU2O20oOJVJw.jpg 450w,https:\/\/gfx.nrk.no\/eVYO31uiHomMDm49DWHkkAHEW59eOmDenU2O20oOJVJw.jpg 768w,https:\/\/gfx.nrk.no\/eVYO31uiHomMDm49DWHkkAook0j4gczVnU2O20oOJVJw.jpg 1080w,https:\/\/gfx.nrk.no\/eVYO31uiHomMDm49DWHkkAipcYxq4UIvnU2O20oOJVJw.jpg 1280w,https:\/\/gfx.nrk.no\/eVYO31uiHomMDm49DWHkkAAmpKg7zDxfzU2O20oOJVJw.jpg 1600w,https:\/\/gfx.nrk.no\/eVYO31uiHomMDm49DWHkkAAQRc9ggTi0LU2O20oOJVJw.jpg 2400w\" sizes=\"(min-width: 540px) 320px, 100vw\"\/><img loading=\"lazy\" alt=\"Arne Johannes Aasen, leder for Nasjonalt senter for skriveoppl\u00e6ring og skriveforsking ved NTNU.\" sizes=\"auto, (min-width: 540px) 320px, 100vw\" width=\"2400\" height=\"2400\" loading=\"lazy\"\/><\/picture><\/figure>\n<h4 class=\"dhpg__person__name\">Arne Johannes Aasen<\/h4>\n<div class=\"dhpg__person__textwrapper\">\n<div class=\"dhpg__person__bio\">\n<ul>\n<li>Senterleiar for Nasjonalt senter for skriveoppl\u00e6ring og skriveforskning ved NTNU.<\/li>\n<li>Nestleiar for NFR-prosjektet &laquo;Funksjonell skriving i de f\u00f8rste skole\u00e5rene&raquo;.<\/li>\n<\/ul>\n<\/div>\n<\/div>\n<\/div>\n<\/li>\n<\/ul>\n<\/div>\n<\/div>\n<\/section>\n<p><\/dh-persongalleri-v1>\n  <\/div>\n<h2>Kunnskapsministeren deler bekymringa<\/h2>\n<p>Kunnskapsdepartementet avviser at dei ikkje tek situasjonen p\u00e5 alvor.<\/p>\n<p>Kunnskapsminister Kari Nessa Nordtun (Ap) understrekar at regjeringa deler bekymringa fr\u00e5 fagmilj\u00f8a.<\/p>\n<p><strong>\u2013 Det er ein sv\u00e6rt alvorleg situasjon i norsk skule der elevane v\u00e5re korkje les, reknar eller skriv godt nok. Vi har sett inn fleire tiltak for \u00e5 snu dette, men vi er p\u00e5 langt n\u00e6r ferdige, seier Nordtun.<\/strong><\/p>\n<p>Kunnskapsministeren utelukkar ikkje kravet fr\u00e5 fagfolka om \u00e5 p\u00e5 nytt innf\u00f8re nasjonale skrivepr\u00f8ver for \u00e5 kartleggje situasjonen. Sj\u00f8lv om ho tidlegare har sagt nei til forslaget om \u00e5 innf\u00f8re ei slik pr\u00f8ve.<\/p>\n<p>\u2013 Ei nasjonal skrivepr\u00f8ve kan vere ein del av l\u00f8ysinga, men her m\u00e5 vi tenkje fleire verkemiddel for \u00e5 auke l\u00e6ringa til elevane v\u00e5re b\u00e5de n\u00e5r det gjeld lesing, skriving og rekning, seier kunnskapsministeren.<\/p>\n<div id=\"1.17957451.cd183e77\" class=\"g100 col fc s10 sl12 sl18 sg6 sg9 image-reference image-reference--F169\"><!-- include: \/serum\/render?id=1.17957451&size=10&perspective=RICH&alignment=CENTER&caption=Kunnskapsminister%2C+Kari+Nessa+Nordtun+%28Ap%29&type=image&aspect=F169&parentSize=10 --><!-- START: \/templates\/image\/image-rich.jsp --><\/p>\n<figure class=\"image widget rich\">\n<div class=\"responsive-img F169\"><img decoding=\"async\" sizes=\"(min-width:1180px) 639px, (min-width:720px) 56vw, 100vw\" srcset=\"https:\/\/gfx.nrk.no\/gRankmZmOOEog6_2hWxvBw0NFAQtUc7hXwaUjoVc-tew.jpg 80w, https:\/\/gfx.nrk.no\/gRankmZmOOEog6_2hWxvBwmxg2Tiq-9MPwaUjoVc-tew.jpg 160w, https:\/\/gfx.nrk.no\/gRankmZmOOEog6_2hWxvBw8bfjORSZI8HwaUjoVc-tew.jpg 350w, https:\/\/gfx.nrk.no\/gRankmZmOOEog6_2hWxvBwSCItJqnQVfTwaUjoVc-tew.jpg 450w, https:\/\/gfx.nrk.no\/gRankmZmOOEog6_2hWxvBwqFhUw77ksLvwaUjoVc-tew.jpg 650w, https:\/\/gfx.nrk.no\/gRankmZmOOEog6_2hWxvBw3fGNylq-XRvwaUjoVc-tew.jpg 1000w, https:\/\/gfx.nrk.no\/gRankmZmOOEog6_2hWxvBwvTiRB0NqlPbwaUjoVc-tew.jpg 1200w, https:\/\/gfx.nrk.no\/gRankmZmOOEog6_2hWxvBwPVVTsEzIPWjwaUjoVc-tew.jpg 1600w, https:\/\/gfx.nrk.no\/gRankmZmOOEog6_2hWxvBw4XjgGq8WfAHwaUjoVc-tew.jpg 2000w\" src=\"data:image\/gif;base64,R0lGODlhAQABAIAAAAAAAP\/\/\/yH5BAEAAAAALAAAAAABAAEAAAIBRAA7\" loading=\"eager\" alt=\"d\" title=\"Foto: Tobias Sakrisvold Martinsen \/ NRK\"\/><\/div><figcaption>\n<p class=\"\">Kunnskapsminister, Kari Nessa Nordtun (Ap)<\/p>\n<p><small>Foto: Tobias Sakrisvold Martinsen \/ NRK<\/small><br \/>\n<\/figcaption><\/figure>\n<p><!-- END: \/templates\/image\/image-rich.jsp -->\n<\/div>\n<h2>Venstre reagerer: \u2013 Uforst\u00e5eleg<\/h2>\n<p>Svara fr\u00e5 Kunnskapsministeren vekkjer reaksjonar hos Venstre-leiar og tidlegare kunnskapsminister Guri Melby.<\/p>\n<p>\u2013 Kunnskapsministeren har hatt fleire \u00e5r p\u00e5 seg til \u00e5 ta dette p\u00e5 alvor. I staden vel ho \u00e5 sj\u00e5 vekk fr\u00e5 det fagmilj\u00f8a ropar varsku om, seier Melby.<\/p>\n<div id=\"1.17965706.2c234407\" class=\"g100 col fln s10 sl12 sl18 sg6 sg9 remoterenderedcontent-reference\"><!-- include: \/serum\/render?id=1.17965706&size=10&perspective=RICH&alignment=AUTO&parentSize=10 -->\n    <link rel=\"stylesheet\" type=\"text\/css\" href=\"https:\/\/static.dh.nrk.no\/modul\/persongalleri\/main-52d876a221be41ed8827.css\"\/><!-- prettier-ignore-attribute --><dh-persongalleri-v1 data-name=\"dh-persongalleri\"><\/p>\n<section class=\"dhpg__app dhpg__light\">\n<div class=\"dhpg__gallery\">\n<div class=\"undefined\">\n<ul class=\"dhpg__gallery__list\">\n<li class=\"dhpg__gallery__listItem\">\n<div class=\"dhpg__person\">\n<figure class=\"dhpg__person__figure\" data-name=\"Guri Melby\"><picture><source type=\"image\/webp\" srcset=\"https:\/\/gfx.nrk.no\/zg3O96OsKIszC7I-aNUyqwmXcVKmLicszTU4_NQE5RyA.webp 450w,https:\/\/gfx.nrk.no\/zg3O96OsKIszC7I-aNUyqwurQUfu913-DTU4_NQE5RyA.webp 768w,https:\/\/gfx.nrk.no\/zg3O96OsKIszC7I-aNUyqwuE2CqkBQpZPTU4_NQE5RyA.webp 1080w,https:\/\/gfx.nrk.no\/zg3O96OsKIszC7I-aNUyqw4sp7Jb-HEJ3TU4_NQE5RyA.webp 1280w,https:\/\/gfx.nrk.no\/zg3O96OsKIszC7I-aNUyqwffshffyjszzTU4_NQE5RyA.webp 1600w,https:\/\/gfx.nrk.no\/zg3O96OsKIszC7I-aNUyqwgTHXBPEK69bTU4_NQE5RyA.webp 2400w\" sizes=\"(min-width: 540px) 320px, 100vw\"\/><source type=\"image\/jpeg\" srcset=\"https:\/\/gfx.nrk.no\/zg3O96OsKIszC7I-aNUyqwN4W-arvLg90A32b4TSVXlw.jpg 450w,https:\/\/gfx.nrk.no\/zg3O96OsKIszC7I-aNUyqwSUuw4xJ274MA32b4TSVXlw.jpg 768w,https:\/\/gfx.nrk.no\/zg3O96OsKIszC7I-aNUyqwzZ_DA-G-jIwA32b4TSVXlw.jpg 1080w,https:\/\/gfx.nrk.no\/zg3O96OsKIszC7I-aNUyqw5HmfxQbUu_wA32b4TSVXlw.jpg 1280w,https:\/\/gfx.nrk.no\/zg3O96OsKIszC7I-aNUyqwzmqIOhTTS6UA32b4TSVXlw.jpg 1600w,https:\/\/gfx.nrk.no\/zg3O96OsKIszC7I-aNUyqwa4in5WxQtokA32b4TSVXlw.jpg 2400w\" sizes=\"(min-width: 540px) 320px, 100vw\"\/><img loading=\"lazy\" alt=\"Guri Melby if\u00f8r en burgunder dressjakke og en hvit skjorte under.\" sizes=\"auto, (min-width: 540px) 320px, 100vw\" width=\"2400\" height=\"2400\" loading=\"lazy\"\/><\/picture><\/figure>\n<h4 class=\"dhpg__person__name\">Guri Melby<\/h4>\n<div class=\"dhpg__person__textwrapper\">\n<div class=\"dhpg__person__bio\">\n<ul>\n<li>Leiar for Venstre.<\/li>\n<li>Tidlegare Kunnskapsminister fr\u00e5 2020-2021.<\/li>\n<\/ul>\n<\/div>\n<\/div>\n<\/div>\n<\/li>\n<\/ul>\n<\/div>\n<\/div>\n<\/section>\n<p><\/dh-persongalleri-v1>\n  <\/div>\n<p>Hu legg til:<\/p>\n<p>\u2013 Ei slik utvalspr\u00f8ve vil vere eit representativt utval av samla nasjonal kunnskap, som vert omsett i ressursar heile sektoren kan bruke, seier Melby. Intervjuet med Melby vart gjort f\u00f8r kong Harald sin d\u00f8d.<\/p>\n<p>Tilbake til Kannik ungdomsskole, der det no er friminutt.<\/p>\n<p>Dei fire klassekameratane h\u00e5par at skriving blir teke p\u00e5 alvor.<\/p>\n<p><strong>\u2013 Det er negativt dersom vi ikkje klarar \u00e5 skrive gode tekstar, noko som vi eigentleg treng resten av livet, seier Sofie R\u00f8reng \u00d8verland.<\/strong><\/p>\n<div id=\"1.17997309.bbed1387\" class=\"g100 col fln s10 sl12 sl18 sg6 sg9 inlinesanitycontent-reference\"><!-- include: \/serum\/render?id=1.17997309&size=10&perspective=RICH&alignment=AUTO&parentSize=10 -->\n    <link rel=\"stylesheet\" type=\"text\/css\" href=\"https:\/\/static.dh.nrk.no\/modul\/bildekollasj\/main-1828006b51f60ff8932f.css\"\/><!-- prettier-ignore-attribute --><dh-bildekollasj-v1 class=\"widget should-popout\" data-name=\"dh-bildekollasj\" data-self-id=\"1.17997309\"><\/p>\n<figure class=\"dhbk__kollasj\">\n<div class=\"dhbk__to-breddebilder\" data-desktop-visning=\"vertikal\">\n<div class=\"dhbk__image\" style=\"--aspect: 16 \/ 9\"><picture><source srcset=\"https:\/\/gfx.nrk.no\/2HwK-hkh4TjcLbuA6AW2AAczebPtQyptGV7PGwhUO3xQ 450w,https:\/\/gfx.nrk.no\/2HwK-hkh4TjcLbuA6AW2AAJZbEcpjpD4-V7PGwhUO3xQ 768w,https:\/\/gfx.nrk.no\/2HwK-hkh4TjcLbuA6AW2AA6AzAZXUVyeWV7PGwhUO3xQ 1080w,https:\/\/gfx.nrk.no\/2HwK-hkh4TjcLbuA6AW2AAo-xHV1l8cXCV7PGwhUO3xQ 1280w,https:\/\/gfx.nrk.no\/2HwK-hkh4TjcLbuA6AW2AAhDQgWcRY-dOV7PGwhUO3xQ 1600w,https:\/\/gfx.nrk.no\/2HwK-hkh4TjcLbuA6AW2AAd4jx--5s2lOV7PGwhUO3xQ 1920w,https:\/\/gfx.nrk.no\/2HwK-hkh4TjcLbuA6AW2AAWIZ3iabf4W-V7PGwhUO3xQ 2560w,https:\/\/gfx.nrk.no\/2HwK-hkh4TjcLbuA6AW2AASgWKdP0CAM-V7PGwhUO3xQ 3840w\" sizes=\"(min-width: 900px) 50vw, 100vw\" width=\"3840\" height=\"2160\"><img alt=\"Sverre Galta og Brim Benoni-St\u00f8rseth g\u00e5r i 10.klasse p\u00e5 kannik skole. Her sitter de ute i skoleg\u00e5rden og smiler mot kamera.\" sizes=\"(min-width: 900px) 600px, 100vw\" loading=\"lazy\"\/><\/source><\/picture><\/div>\n<div class=\"dhbk__image\" style=\"--aspect: 16 \/ 9\"><picture><source srcset=\"https:\/\/gfx.nrk.no\/4xDBoOvRnyA9Fmi3odDm1QLuKIsgGY-TOpsWm4Xm4jEw 450w,https:\/\/gfx.nrk.no\/4xDBoOvRnyA9Fmi3odDm1Q4cb0ULPn5GmpsWm4Xm4jEw 768w,https:\/\/gfx.nrk.no\/4xDBoOvRnyA9Fmi3odDm1QY98eO6XGsoipsWm4Xm4jEw 1080w,https:\/\/gfx.nrk.no\/4xDBoOvRnyA9Fmi3odDm1QP8c_LBXt6vKpsWm4Xm4jEw 1280w,https:\/\/gfx.nrk.no\/4xDBoOvRnyA9Fmi3odDm1QsjvKUXke7-CpsWm4Xm4jEw 1600w,https:\/\/gfx.nrk.no\/4xDBoOvRnyA9Fmi3odDm1QX5Zxe6LQ6qKpsWm4Xm4jEw 1920w,https:\/\/gfx.nrk.no\/4xDBoOvRnyA9Fmi3odDm1QbvMYl7OK2sKpsWm4Xm4jEw 2560w,https:\/\/gfx.nrk.no\/4xDBoOvRnyA9Fmi3odDm1QYl5TxITlmNKpsWm4Xm4jEw 3840w\" sizes=\"(min-width: 900px) 50vw, 100vw\" width=\"3840\" height=\"2160\"><img alt=\"Sofie R\u00f8reng \u00d8verland og Kristine Hatleskog Fandrem g\u00e5r i 10.klasse p\u00e5 kannik skole og sitter ute i skoleg\u00e5rden og smiler mens de ser p\u00e5 hverandre.\" sizes=\"(min-width: 900px) 600px, 100vw\" loading=\"lazy\"\/><\/source><\/picture><\/div>\n<\/div><figcaption>\n<p>10.klassingane er samde om at dei alle kunne vore meir n\u00f8ye n\u00e5r det gjeld skriving<\/p>\n<p><small>Foto: Fride Audunsdotter Westvik\/NRK<\/small><\/figcaption><\/figure>\n<p><\/dh-bildekollasj-v1>\n  <\/div>\n<div id=\"1.17876805.8840b75c\" class=\"g100 col fln s10 sl12 sl18 sg6 sg9 remoterenderedcontent-reference\"><!-- include: \/serum\/render?id=1.17876805&size=10&perspective=RICH&alignment=AUTO&parentSize=10 -->\n    <link rel=\"stylesheet\" type=\"text\/css\" href=\"https:\/\/static.dh.nrk.no\/modul\/hei-boksen\/main-cf435430b525f524197a.css\"\/><!-- prettier-ignore-attribute --><dh-hei-boksen-v1 data-name=\"dh-hei-boksen\" data-self-id=\"1.17876805\" data-preloaded-state=\"{\" email=\"\" audunsdotter=\"\" westvik=\"\" stubhaug=\"\" nrk=\"\" du=\"\" tankar=\"\" om=\"\" saka=\"\" har=\"\" lest=\"\" eller=\"\" innspel=\"\" til=\"\" andre=\"\" ting=\"\" eg=\"\" b=\"\" sjekke=\"\" ut=\"\" send=\"\" meg=\"\" gjerne=\"\" ein=\"\" e-post=\"\" ogs=\"\" saker=\"\" skrive=\"\" tidlegare.=\"\" href=\"\\&quot;https:\\u002F\\u002Fwww.nrk.no\\u002Frogaland\\u002Fxl\\u002Fmichell-opplevde-overgrep-pa-joggetur-som-18-aring-1.17904233\\&quot;\\u003EMichell\" opplevde=\"\" overgrep=\"\" p=\"\" joggetur-=\"\" tok=\"\" ho=\"\" tilbake=\"\" livet=\"\" jobbar=\"\" tett=\"\" d=\"\" som=\"\" obduksjonsteknikar=\"\" vurdert=\"\" s=\"\" av=\"\" treningsklokka=\"\" kvar=\"\" natt=\"\" forskar=\"\" er=\"\" skeptisk=\"\" en=\"\"><\/p>\n<section class=\"dhhb__hei-boks--oVaci lp_heiboks\">\n<div class=\"dhhb__box--fec3k\">\n<h2 class=\"dhhb__title--M9t2c\">Hei!<\/h2>\n<div class=\"dhhb__content--NJ39s\">\n<p>Har du tankar om saka du har lest, eller innspel til andre ting eg b\u00f8r sjekke ut? Send meg gjerne ein e-post!\u00a0<\/p>\n<p>Les ogs\u00e5 gjerne andre saker eg har skrive tidlegare.<\/p>\n<\/div>\n<\/div>\n<\/section>\n<p><\/dh-hei-boksen-v1>\n  <\/div>\n<\/div>\n<p>\n<span class=\"article-publish-date publish-date publish-date-with-update-date\"><br \/>\n<span class=\"article-dateline-annotation\">Publisert<\/span><br \/>\n<time class=\"datetime-absolute datePublished\" datetime=\"2026-08-31T06:15:24+02:00\"><br \/>\n31.08.2026, kl. 06.15<br \/>\n<\/time><br \/>\n<\/span><br \/>\n<span class=\"article-update-date update-date\"><span class=\"article-dateline-annotation\">Oppdatert<\/span><br \/>\n<time class=\"datetime-relative dateModified\" datetime=\"2026-08-31T13:28:13+02:00\"><br \/>\n31.08.2026, kl. 13.28<br \/>\n<\/time><\/span>\n<\/p>\n<p><br \/>\n<br \/><a href=\"https:\/\/www.nrk.no\/rogaland\/fagfolk-slar-alarm-om-ei-nasjonal-skrivekrise-blant-norske-elevar-1.17956434\">Kildelink <\/a><\/p>","protected":false},"excerpt":{"rendered":"<p>Saka oppsummert: Fagfolk fr\u00e5 Nasjonalt senter for skriveoppl\u00e6ring, Landslaget for norskundervisning og UiO-professorar, \u00e5tvarar om at skriveferdigheitene til norske elevar stuper. Elevane merkar sj\u00f8lve at automatisk rettskriving, og kunstig intelligens gjer det for lettvint \u00e5 skrive utan \u00e5 trene p\u00e5 rettskriving. Fagmilj\u00f8et kritiserer regjeringa for at skrivinga blir gl\u00f8ymd. Kunnskapsminister Kari Nessa Nordtun (Ap) seier [&hellip;]<\/p>","protected":false},"author":1,"featured_media":19983,"comment_status":"","ping_status":"","sticky":false,"template":"","format":"standard","meta":{"footnotes":""},"categories":[108],"tags":[],"tmauthors":[],"class_list":["post-19982","post","type-post","status-publish","format-standard","has-post-thumbnail","category-lokalnyheter"],"_links":{"self":[{"href":"https:\/\/radiostavanger.no\/index.php?rest_route=\/wp\/v2\/posts\/19982","targetHints":{"allow":["GET"]}}],"collection":[{"href":"https:\/\/radiostavanger.no\/index.php?rest_route=\/wp\/v2\/posts"}],"about":[{"href":"https:\/\/radiostavanger.no\/index.php?rest_route=\/wp\/v2\/types\/post"}],"author":[{"embeddable":true,"href":"https:\/\/radiostavanger.no\/index.php?rest_route=\/wp\/v2\/users\/1"}],"replies":[{"embeddable":true,"href":"https:\/\/radiostavanger.no\/index.php?rest_route=%2Fwp%2Fv2%2Fcomments&post=19982"}],"version-history":[{"count":0,"href":"https:\/\/radiostavanger.no\/index.php?rest_route=\/wp\/v2\/posts\/19982\/revisions"}],"wp:featuredmedia":[{"embeddable":true,"href":"https:\/\/radiostavanger.no\/index.php?rest_route=\/wp\/v2\/media\/19983"}],"wp:attachment":[{"href":"https:\/\/radiostavanger.no\/index.php?rest_route=%2Fwp%2Fv2%2Fmedia&parent=19982"}],"wp:term":[{"taxonomy":"category","embeddable":true,"href":"https:\/\/radiostavanger.no\/index.php?rest_route=%2Fwp%2Fv2%2Fcategories&post=19982"},{"taxonomy":"post_tag","embeddable":true,"href":"https:\/\/radiostavanger.no\/index.php?rest_route=%2Fwp%2Fv2%2Ftags&post=19982"},{"taxonomy":"tmauthors","embeddable":true,"href":"https:\/\/radiostavanger.no\/index.php?rest_route=%2Fwp%2Fv2%2Ftmauthors&post=19982"}],"curies":[{"name":"wp","href":"https:\/\/api.w.org\/{rel}","templated":true}]}}