{"id":19990,"date":"2026-08-31T13:24:55","date_gmt":"2026-08-31T13:24:55","guid":{"rendered":"https:\/\/radiostavanger.no\/?p=19990"},"modified":"2026-08-31T13:24:55","modified_gmt":"2026-08-31T13:24:55","slug":"minnesamling-i-oslo-radhus-for-statsoverhoder-radio-stavanger","status":"publish","type":"post","link":"https:\/\/radiostavanger.no\/?p=19990","title":{"rendered":"Minnesamling i Oslo r\u00e5dhus for statsoverhoder \u2013 Radio Stavanger"},"content":{"rendered":"<p><br \/>\n<\/p>\n<div id=\"mvp-content-main\">\n<p class=\"radioh-ingress\"><strong>450 gjester, deriblant utenlandske statsoverhoder og regjeringsrepresentanter, skal samles til minnestund i Oslo r\u00e5dhus etter kong Haralds gravferd.<\/strong>\n<\/p>\n<p><strong>Innenriks<\/strong>: Det skriver NRK, som viser til Utenriksdepartementets s\u00f8knad til Oslo kommune om leie av r\u00e5dhuset.\n<\/p>\n<p>Utenriksminister Espen Barth-Eide (Ap) er vert for minnestunden, som finner sted rett etter gravferdsseremonien i Oslo domkirke 9. september.\n<\/p>\n<p>Programmet for mottakelsen er ikke kjent, men det blir i alle fall matservering.\n<\/p>\n<p>\u2013 Flere av gjestene vil v\u00e6re invitert til mottakelse p\u00e5 Det kongelige slott klokken 17. Men det har v\u00e6rt en lang dag for mange og lenge siden gjestene fikk mat. Det er derfor \u00f8nskelig \u00e5 kunne tilby mat med en viss metningsverdi under regjeringens mottakelse, eventuelt med kanapeer som supplement, heter det i s\u00f8knaden.<\/p>\n<p>Utenriksdepartementet er ansvarlig for planlegging og gjennomf\u00f8ring av gravferdsseremonien og tilh\u00f8rende arrangementer p\u00e5 oppdrag fra Det kongelige hoff.\n<\/p>\n<p>S\u00f8knaden om leie av r\u00e5dhuset ble innvilget av Oslo bystyres forretningsutvalg mandag ettermiddag.\n<\/p>\n<p>(\u00a9NTB)\n<\/p>\n<\/p><\/div>\n<p><script async defer crossorigin=\"anonymous\" data-lazy=\"w3tc\" data-src=\"https:\/\/connect.facebook.net\/nb_NO\/sdk.js#xfbml=1&#038;version=v18.0\"><\/script><br \/>\n<br \/><br \/>\n<br \/><a href=\"https:\/\/radioh.no\/minnesamling-i-oslo-radhus-for-statsoverhoder\/\">Kilde <\/a><\/p>","protected":false},"excerpt":{"rendered":"<p>450 gjester, deriblant utenlandske statsoverhoder og regjeringsrepresentanter, skal samles til minnestund i Oslo r\u00e5dhus etter kong Haralds gravferd. Innenriks: Det skriver NRK, som viser til Utenriksdepartementets s\u00f8knad til Oslo kommune om leie av r\u00e5dhuset. Utenriksminister Espen Barth-Eide (Ap) er vert for minnestunden, som finner sted rett etter gravferdsseremonien i Oslo domkirke 9. september. Programmet for [&hellip;]<\/p>","protected":false},"author":1,"featured_media":19991,"comment_status":"","ping_status":"","sticky":false,"template":"","format":"standard","meta":{"footnotes":""},"categories":[107],"tags":[],"tmauthors":[],"class_list":["post-19990","post","type-post","status-publish","format-standard","has-post-thumbnail","category-nyheter"],"_links":{"self":[{"href":"https:\/\/radiostavanger.no\/index.php?rest_route=\/wp\/v2\/posts\/19990","targetHints":{"allow":["GET"]}}],"collection":[{"href":"https:\/\/radiostavanger.no\/index.php?rest_route=\/wp\/v2\/posts"}],"about":[{"href":"https:\/\/radiostavanger.no\/index.php?rest_route=\/wp\/v2\/types\/post"}],"author":[{"embeddable":true,"href":"https:\/\/radiostavanger.no\/index.php?rest_route=\/wp\/v2\/users\/1"}],"replies":[{"embeddable":true,"href":"https:\/\/radiostavanger.no\/index.php?rest_route=%2Fwp%2Fv2%2Fcomments&post=19990"}],"version-history":[{"count":0,"href":"https:\/\/radiostavanger.no\/index.php?rest_route=\/wp\/v2\/posts\/19990\/revisions"}],"wp:featuredmedia":[{"embeddable":true,"href":"https:\/\/radiostavanger.no\/index.php?rest_route=\/wp\/v2\/media\/19991"}],"wp:attachment":[{"href":"https:\/\/radiostavanger.no\/index.php?rest_route=%2Fwp%2Fv2%2Fmedia&parent=19990"}],"wp:term":[{"taxonomy":"category","embeddable":true,"href":"https:\/\/radiostavanger.no\/index.php?rest_route=%2Fwp%2Fv2%2Fcategories&post=19990"},{"taxonomy":"post_tag","embeddable":true,"href":"https:\/\/radiostavanger.no\/index.php?rest_route=%2Fwp%2Fv2%2Ftags&post=19990"},{"taxonomy":"tmauthors","embeddable":true,"href":"https:\/\/radiostavanger.no\/index.php?rest_route=%2Fwp%2Fv2%2Ftmauthors&post=19990"}],"curies":[{"name":"wp","href":"https:\/\/api.w.org\/{rel}","templated":true}]}}