{"id":19997,"date":"2026-08-31T13:42:57","date_gmt":"2026-08-31T13:42:57","guid":{"rendered":"https:\/\/radiostavanger.no\/?p=19997"},"modified":"2026-08-31T13:42:57","modified_gmt":"2026-08-31T13:42:57","slug":"blant-de-storste-politioperasjonene-noensinne-radio-stavanger","status":"publish","type":"post","link":"https:\/\/radiostavanger.no\/?p=19997","title":{"rendered":"Blant de st\u00f8rste politioperasjonene noensinne \u2013 Radio Stavanger"},"content":{"rendered":"<p><br \/>\n<\/p>\n<div id=\"mvp-content-main\">\n<p class=\"radioh-ingress\"><strong>Det ventes et stort antall gjester fra innland og utland p\u00e5 kong Haralds gravferd. Sikkerhetsoppbudet blir blant norgeshistoriens st\u00f8rste, sier politiet.<\/strong>\n<\/p>\n<p><strong>Innenriks<\/strong>: \u2013 Det er helt \u00e5penbart at det blir en veldig stor, kanskje blant de aller st\u00f8rste politioperasjonene som har v\u00e6rt, sier innsatsleder Tomm Berger ved Oslo politidistrikt til NTB.\n<\/p>\n<p>Kong Harald skal stedes til hvile onsdag 9. september. Etter en privat stund i Slottskapellet skal kongens b\u00e5re kj\u00f8res i en stor prosesjon fra Slottet til Oslo domkirke. Etter bisettelsen der g\u00e5r det en ny og mindre prosesjon til Akershus slott, hvor kongens siste hvilested skal v\u00e6re.\n<\/p>\n<p>Det er ventet en lang rekke kongelige og representanter fra land fra fjern og n\u00e6r, selv om den endelige gjestelisten enn\u00e5 ikke er kommet.\n<\/p>\n<p>\u2013 Vi vet jo ikke hvem som faktisk kommer, eller p\u00e5 hvilket niv\u00e5. Det f\u00e5r vi f\u00f8rst vite av Utenriksdepartementet n\u00e5r de har f\u00e5tt svarene p\u00e5 invitasjonene som er sendt ut, sier Berger.<\/p>\n<p>\u2013 Men vi har gode planer, og vi har anledning til \u00e5 justere dem opp eller ned avhengig av mengde og niv\u00e5 p\u00e5 dem som bekrefter at de kommer.\n<\/p>\n<h2>Bistand fra utlandet, Forsvaret og andre politidistrikt<\/h2>\n<p>\nStore deler av Oslo sentrum vil stenges ned for trafikk denne dagen. Slik skal det sikres at s\u00e5 mange som mulig kan ta del i arrangementet for \u00e5 vise sin respekt, forklarer Bergen.\n<\/p>\n<p>Politiet har en lang rekke sikkerhetstiltak i verkt\u00f8ykassen som Berger ikke vil kommentere. Oslo-politiet har kontaktet svensk politi og f\u00e5tt bekreftet at de bist\u00e5r med styrker p\u00e5 gravferdsdagen.\n<\/p>\n<p>\u2013 S\u00e5 vurderer vi fortl\u00f8pende behovet for \u00e5 be andre land om bistand. Vi har ogs\u00e5 bedt om bistand p\u00e5 enkelte kapabiliteter fra Forsvaret, uten at jeg kan g\u00e5 n\u00e6rmere inn p\u00e5 det.\n<\/p>\n<p>Oslo politidistrikt kommer til \u00e5 be om \u00e5 f\u00e5 bistand fra de andre politidistriktene p\u00e5 gravferdsdagen, b\u00e5de med personell og utstyr, if\u00f8lge innsatslederen.<\/p>\n<h2>Ventes s\u00f8rgende nordmenn fra hele landet<\/h2>\n<p>\nTirsdag kan s\u00f8rgende nordmenn ta farvel ved kongens kiste som frem til gravferdsdagen vil st\u00e5 i Slottskapellet. Det ventes ogs\u00e5 sv\u00e6rt mange nordmenn i Oslo p\u00e5 selve gravferdsdagen, sier Berger som ikke vil tallfeste dette forel\u00f8pig.\n<\/p>\n<p>Til nordmenn i andre deler av landet som vurderer \u00e5 ta turen til Oslo p\u00e5 denne dagen, har han f\u00f8lgende beskjed:\n<\/p>\n<p>\u2013 Vi gj\u00f8r alt vi kan for \u00e5 legge til rette for at s\u00e5 mange som mulig skal kunne ta del og bes\u00f8ke byen. Derfor er det viktig for oss \u00e5 kommunisere at vi iverksetter en god del b\u00e5de synlige og usynlige sikkerhetstiltak, slik at sikkerheten skal v\u00e6re god, sier han.\n<\/p>\n<p>\u2013 Det skal ogs\u00e5 v\u00e6re en verdig dag, hvor de som \u00f8nsker det, kan komme og vise sin respekt og delta i sorgen.\n<\/p>\n<p>(\u00a9NTB)<\/p>\n<\/p><\/div>\n<p><script async defer crossorigin=\"anonymous\" data-lazy=\"w3tc\" data-src=\"https:\/\/connect.facebook.net\/nb_NO\/sdk.js#xfbml=1&#038;version=v18.0\"><\/script><br \/>\n<br \/><br \/>\n<br \/><a href=\"https:\/\/radioh.no\/kongens-gravferd-blant-de-storste-politioperasjonene-noensinne\/\">Kilde <\/a><\/p>","protected":false},"excerpt":{"rendered":"<p>Det ventes et stort antall gjester fra innland og utland p\u00e5 kong Haralds gravferd. Sikkerhetsoppbudet blir blant norgeshistoriens st\u00f8rste, sier politiet. Innenriks: \u2013 Det er helt \u00e5penbart at det blir en veldig stor, kanskje blant de aller st\u00f8rste politioperasjonene som har v\u00e6rt, sier innsatsleder Tomm Berger ved Oslo politidistrikt til NTB. Kong Harald skal stedes [&hellip;]<\/p>","protected":false},"author":1,"featured_media":19998,"comment_status":"","ping_status":"","sticky":false,"template":"","format":"standard","meta":{"footnotes":""},"categories":[107],"tags":[],"tmauthors":[],"class_list":["post-19997","post","type-post","status-publish","format-standard","has-post-thumbnail","category-nyheter"],"_links":{"self":[{"href":"https:\/\/radiostavanger.no\/index.php?rest_route=\/wp\/v2\/posts\/19997","targetHints":{"allow":["GET"]}}],"collection":[{"href":"https:\/\/radiostavanger.no\/index.php?rest_route=\/wp\/v2\/posts"}],"about":[{"href":"https:\/\/radiostavanger.no\/index.php?rest_route=\/wp\/v2\/types\/post"}],"author":[{"embeddable":true,"href":"https:\/\/radiostavanger.no\/index.php?rest_route=\/wp\/v2\/users\/1"}],"replies":[{"embeddable":true,"href":"https:\/\/radiostavanger.no\/index.php?rest_route=%2Fwp%2Fv2%2Fcomments&post=19997"}],"version-history":[{"count":0,"href":"https:\/\/radiostavanger.no\/index.php?rest_route=\/wp\/v2\/posts\/19997\/revisions"}],"wp:featuredmedia":[{"embeddable":true,"href":"https:\/\/radiostavanger.no\/index.php?rest_route=\/wp\/v2\/media\/19998"}],"wp:attachment":[{"href":"https:\/\/radiostavanger.no\/index.php?rest_route=%2Fwp%2Fv2%2Fmedia&parent=19997"}],"wp:term":[{"taxonomy":"category","embeddable":true,"href":"https:\/\/radiostavanger.no\/index.php?rest_route=%2Fwp%2Fv2%2Fcategories&post=19997"},{"taxonomy":"post_tag","embeddable":true,"href":"https:\/\/radiostavanger.no\/index.php?rest_route=%2Fwp%2Fv2%2Ftags&post=19997"},{"taxonomy":"tmauthors","embeddable":true,"href":"https:\/\/radiostavanger.no\/index.php?rest_route=%2Fwp%2Fv2%2Ftmauthors&post=19997"}],"curies":[{"name":"wp","href":"https:\/\/api.w.org\/{rel}","templated":true}]}}