{"id":19999,"date":"2026-08-31T13:50:02","date_gmt":"2026-08-31T13:50:02","guid":{"rendered":"https:\/\/radiostavanger.no\/?p=19999"},"modified":"2026-08-31T13:50:02","modified_gmt":"2026-08-31T13:50:02","slug":"en-rekke-cupkamper-ma-flyttes-radio-stavanger","status":"publish","type":"post","link":"https:\/\/radiostavanger.no\/?p=19999","title":{"rendered":"En rekke cupkamper m\u00e5 flyttes \u2013 Radio Stavanger"},"content":{"rendered":"<p><br \/>\n<\/p>\n<div id=\"mvp-content-main\">\n<p class=\"radioh-ingress\"><strong>Norges Fotballforbund m\u00e5 gj\u00f8re om p\u00e5 planene p\u00e5 grunn av kong Haralds gravferd 9. september.<\/strong>\n<\/p>\n<p><strong>Haugesund<\/strong>: Den dagen var det satt opp 15 cupkamper i 1. runde for kvinner.\n<\/p>\n<p>2. runde i cupen for menn hadde ogs\u00e5 9. september som spilledato i hovedterminlisten, men n\u00e5 blir heller ikke det noe av.\n<\/p>\n<p>De fleste kampene blir spilt 16. september. Noen tilpasninger vil bli gjort for de lagene som ikke kan den dagen, blant annet p\u00e5 grunn av europacup, opplyser NFF.\n<\/p>\n<p>Lillestr\u00f8m og Viking har ikke spilt 1. runde enn\u00e5. De kampene blir gjennomf\u00f8rt onsdag.<\/p>\n<p>Disse kampene flyttes i cupen for kvinner 9. september:\n<\/p>\n<p>H\u00f8dd \u2013 Tynset, Raufoss \u2013 Klepp, Arendal \u2013 Bryne, Fana \u2013 Arna-Bj\u00f8rnar, KIL\/Hemne \u2013 Tiller, Lillestr\u00f8m \u2013 Fyllingsdalen, Lyngb\u00f8 \u2013 \u00c5sane, Malvik \u2013 Ranheim, Porsanger \u2013 Troms\u00f8, Sandefjord \u2013 Start, Sarpsborg 08 \u2013 Grei, Skeid \u2013 Kolbotn, Steinkjer \u2013 Rana, Kongsvinger \u2013 HamKam.\n<\/p>\n<p>\u00abFor oppsatte kamper i NM kvinner 9. september, vil NFF ta direkte kontakt med de aktuelle klubbene for \u00e5 finne ny dato. Kampene som allerede er oppsatt andre datoer enn 9. september, gjennomf\u00f8res som planlagt\u00bb, opplyser NFF.\n<\/p>\n<h2>2. runde i cupen for menn:<\/h2>\n<p>\nAlta \u2013 Troms\u00f8, Fl\u00f8ya \u2013 Rosenborg, Tromsdalen \u2013 Str\u00f8mmen (8. september), Rana \u2013 Bod\u00f8\/Glimt (dato bestemmes senere), Levanger \u2013 Ranheim, Stj\u00f8rdals-Blink \u2013 Fredrikstad, Trygg\/Lade \u2013 Molde, Brattv\u00e5g \u2013 Kristiansund, Tr\u00e6ff \u2013 H\u00f8dd, F\u00f8rde \u2013 Aalesund, Sotra \u2013 Sogndal, Sandviken \u2013 \u00c5sane, Os \u2013 Brann, Bjarg \u2013 Bryne, Djerv 1919 \u2013 Haugesund (8. september), Madla \u2013 Brodd-Viking (dato bestemmes senere), Vindbjart \u2013 Start, Jerv \u2013 Egersund, Arendal \u2013 Sandnes Ulf, Pors \u2013 Stab\u00e6k, Notodden \u2013 Odd, Flint \u2013 Sandefjord, H\u00f8nefoss \u2013 KFUM (dato bestemmes senere), Elverum \u2013 Raufoss, Eidsvold Turn \u2013 Kongsvinger, Asker \u2013 Str\u00f8msgodset (8. september), B\u00e6rum \u2013 Aurskog\/Finstadbru \u2013 Lillestr\u00f8m (dato bestemmes senere. Lavest rangerte lag f\u00e5r hjemmekamp) , Skeid \u2013 V\u00e5lerenga, Kjels\u00e5s \u2013 Hamkam, Gamle Oslo \u2013 Lyn, Grorud \u2013 Moss, Follo \u2013 Sarpsborg 08 (dato bestemmes senere).\n<\/p>\n<h2>Kritisk<\/h2>\n<p>\nNFF besluttet \u00e5 utsette alle nasjonale kamper i de \u00f8verste ligaene i 48 timer fredag. S\u00f8ndag ble det gjennomf\u00f8rt en rekke kamper, til de flestes forst\u00e5else.<\/p>\n<p>LSK-trener Hans-Erik \u00d8degaard var derimot kritisk:\n<\/p>\n<p>\u2013 \u00c5 g\u00e5 fra minnegudstjenester til fotballkamper der vi skal kjempe om hver eneste ball, synes jeg er rart. Jeg skj\u00f8nner ikke at det var \u00e5 vise respekt \u00e5 ikke spille i g\u00e5r, og s\u00e5 er det respekt \u00e5 spille i dag, sa \u00d8degaard til TV 2.\n<\/p>\n<p>Kong Harald gikk bort fredag morgen.\n<\/p>\n<p>P\u00e5 kvelden etter kong Haralds gravferdsseremoni skal Viking spille sin f\u00f8rste kamp i Champions League borte mot Stuttgart.\n<\/p>\n<p>(\u00a9NTB)<\/p>\n<\/p><\/div>\n<p><script async defer crossorigin=\"anonymous\" data-lazy=\"w3tc\" data-src=\"https:\/\/connect.facebook.net\/nb_NO\/sdk.js#xfbml=1&#038;version=v18.0\"><\/script><br \/>\n<br \/><br \/>\n<br \/><a href=\"https:\/\/radioh.no\/kongens-gravferd-en-rekke-cupkamper-ma-flyttes\/\">Kilde <\/a><\/p>","protected":false},"excerpt":{"rendered":"<p>Norges Fotballforbund m\u00e5 gj\u00f8re om p\u00e5 planene p\u00e5 grunn av kong Haralds gravferd 9. september. Haugesund: Den dagen var det satt opp 15 cupkamper i 1. runde for kvinner. 2. runde i cupen for menn hadde ogs\u00e5 9. september som spilledato i hovedterminlisten, men n\u00e5 blir heller ikke det noe av. De fleste kampene blir [&hellip;]<\/p>","protected":false},"author":1,"featured_media":2409,"comment_status":"","ping_status":"","sticky":false,"template":"","format":"standard","meta":{"footnotes":""},"categories":[107],"tags":[],"tmauthors":[],"class_list":["post-19999","post","type-post","status-publish","format-standard","has-post-thumbnail","category-nyheter"],"_links":{"self":[{"href":"https:\/\/radiostavanger.no\/index.php?rest_route=\/wp\/v2\/posts\/19999","targetHints":{"allow":["GET"]}}],"collection":[{"href":"https:\/\/radiostavanger.no\/index.php?rest_route=\/wp\/v2\/posts"}],"about":[{"href":"https:\/\/radiostavanger.no\/index.php?rest_route=\/wp\/v2\/types\/post"}],"author":[{"embeddable":true,"href":"https:\/\/radiostavanger.no\/index.php?rest_route=\/wp\/v2\/users\/1"}],"replies":[{"embeddable":true,"href":"https:\/\/radiostavanger.no\/index.php?rest_route=%2Fwp%2Fv2%2Fcomments&post=19999"}],"version-history":[{"count":0,"href":"https:\/\/radiostavanger.no\/index.php?rest_route=\/wp\/v2\/posts\/19999\/revisions"}],"wp:featuredmedia":[{"embeddable":true,"href":"https:\/\/radiostavanger.no\/index.php?rest_route=\/wp\/v2\/media\/2409"}],"wp:attachment":[{"href":"https:\/\/radiostavanger.no\/index.php?rest_route=%2Fwp%2Fv2%2Fmedia&parent=19999"}],"wp:term":[{"taxonomy":"category","embeddable":true,"href":"https:\/\/radiostavanger.no\/index.php?rest_route=%2Fwp%2Fv2%2Fcategories&post=19999"},{"taxonomy":"post_tag","embeddable":true,"href":"https:\/\/radiostavanger.no\/index.php?rest_route=%2Fwp%2Fv2%2Ftags&post=19999"},{"taxonomy":"tmauthors","embeddable":true,"href":"https:\/\/radiostavanger.no\/index.php?rest_route=%2Fwp%2Fv2%2Ftmauthors&post=19999"}],"curies":[{"name":"wp","href":"https:\/\/api.w.org\/{rel}","templated":true}]}}