{"id":20004,"date":"2026-08-31T14:44:59","date_gmt":"2026-08-31T14:44:59","guid":{"rendered":"https:\/\/radiostavanger.no\/?p=20004"},"modified":"2026-08-31T14:44:59","modified_gmt":"2026-08-31T14:44:59","slug":"putin-er-ikke-invitert-i-kong-haralds-gravferd-radio-stavanger","status":"publish","type":"post","link":"https:\/\/radiostavanger.no\/?p=20004","title":{"rendered":"Putin er ikke invitert i Kong Haralds gravferd \u2013 Radio Stavanger"},"content":{"rendered":"<p><br \/>\n<\/p>\n<div id=\"mvp-content-main\">\n<p class=\"radioh-ingress\"><strong>Kong Haralds gravferd finner sted i Oslo domkirke onsdag 9. september. Russland er kun invitert p\u00e5 diplomatisk niv\u00e5, bekrefter Utenriksdepartementet.<\/strong>\n<\/p>\n<p><strong>Innenriks<\/strong>: Kong Haralds gravferd finner sted i Oslo domkirke onsdag 9. september. Nettavisen har spurt Utenriksdepartementet (UD) om representanter for Russland blir invitert til gravferden.\n<\/p>\n<p>\u2013 Det er ventet at et betydelig antall utenlandske kongelige, statsoverhoder og andre offisielle representanter vil delta i gravferden. Alle land med diplomatisk representasjon i Oslo inviteres, i tillegg til medlemslandene i Nato, E\u00d8S og EU som ikke har representasjon i Norge, sier pressevakt i UD, Johanne Severinsen, til Nettavisen.\n<\/p>\n<p>\u2013 Russland har representasjon i Norge og er kun invitert p\u00e5 diplomatisk niv\u00e5, sier Serverinsen.\n<\/p>\n<p>Nettavisen har v\u00e6rt i kontakt med den russiske ambassaden i Oslo og stilt dem sp\u00f8rsm\u00e5l knyttet til kong Haralds gravferd.<\/p>\n<p>\u2013 I forbindelse med kong Harald Vs bortgang den 28. august 2026 vaier flagget p\u00e5 halv stang over den russiske ambassadens bygning i Oslo. Ambassad\u00f8ren skal signere kondolanseboken p\u00e5 Slottet n\u00e5r den blir \u00e5pnet, opplyser ambassaden til Nettavisen mandag ettermiddag.\n<\/p>\n<p>(\u00a9NTB)\n<\/p>\n<\/p><\/div>\n<p><script async defer crossorigin=\"anonymous\" data-lazy=\"w3tc\" data-src=\"https:\/\/connect.facebook.net\/nb_NO\/sdk.js#xfbml=1&#038;version=v18.0\"><\/script><br \/>\n<br \/><br \/>\n<br \/><a href=\"https:\/\/radioh.no\/putin-er-ikke-invitert-i-kong-haralds-gravferd\/\">Kilde <\/a><\/p>","protected":false},"excerpt":{"rendered":"<p>Kong Haralds gravferd finner sted i Oslo domkirke onsdag 9. september. Russland er kun invitert p\u00e5 diplomatisk niv\u00e5, bekrefter Utenriksdepartementet. Innenriks: Kong Haralds gravferd finner sted i Oslo domkirke onsdag 9. september. Nettavisen har spurt Utenriksdepartementet (UD) om representanter for Russland blir invitert til gravferden. \u2013 Det er ventet at et betydelig antall utenlandske kongelige, [&hellip;]<\/p>","protected":false},"author":1,"featured_media":20005,"comment_status":"","ping_status":"","sticky":false,"template":"","format":"standard","meta":{"footnotes":""},"categories":[107],"tags":[],"tmauthors":[],"class_list":["post-20004","post","type-post","status-publish","format-standard","has-post-thumbnail","category-nyheter"],"_links":{"self":[{"href":"https:\/\/radiostavanger.no\/index.php?rest_route=\/wp\/v2\/posts\/20004","targetHints":{"allow":["GET"]}}],"collection":[{"href":"https:\/\/radiostavanger.no\/index.php?rest_route=\/wp\/v2\/posts"}],"about":[{"href":"https:\/\/radiostavanger.no\/index.php?rest_route=\/wp\/v2\/types\/post"}],"author":[{"embeddable":true,"href":"https:\/\/radiostavanger.no\/index.php?rest_route=\/wp\/v2\/users\/1"}],"replies":[{"embeddable":true,"href":"https:\/\/radiostavanger.no\/index.php?rest_route=%2Fwp%2Fv2%2Fcomments&post=20004"}],"version-history":[{"count":0,"href":"https:\/\/radiostavanger.no\/index.php?rest_route=\/wp\/v2\/posts\/20004\/revisions"}],"wp:featuredmedia":[{"embeddable":true,"href":"https:\/\/radiostavanger.no\/index.php?rest_route=\/wp\/v2\/media\/20005"}],"wp:attachment":[{"href":"https:\/\/radiostavanger.no\/index.php?rest_route=%2Fwp%2Fv2%2Fmedia&parent=20004"}],"wp:term":[{"taxonomy":"category","embeddable":true,"href":"https:\/\/radiostavanger.no\/index.php?rest_route=%2Fwp%2Fv2%2Fcategories&post=20004"},{"taxonomy":"post_tag","embeddable":true,"href":"https:\/\/radiostavanger.no\/index.php?rest_route=%2Fwp%2Fv2%2Ftags&post=20004"},{"taxonomy":"tmauthors","embeddable":true,"href":"https:\/\/radiostavanger.no\/index.php?rest_route=%2Fwp%2Fv2%2Ftmauthors&post=20004"}],"curies":[{"name":"wp","href":"https:\/\/api.w.org\/{rel}","templated":true}]}}