{"id":20010,"date":"2026-08-31T15:10:05","date_gmt":"2026-08-31T15:10:05","guid":{"rendered":"https:\/\/radiostavanger.no\/?p=20010"},"modified":"2026-08-31T15:10:05","modified_gmt":"2026-08-31T15:10:05","slug":"oftebro-klar-i-stefan-ahnhem-filmatisering-radio-stavanger","status":"publish","type":"post","link":"https:\/\/radiostavanger.no\/?p=20010","title":{"rendered":"Oftebro klar i Stefan Ahnhem-filmatisering \u2013 Radio Stavanger"},"content":{"rendered":"<p><br \/>\n<\/p>\n<div id=\"mvp-content-main\">\n<p class=\"radioh-ingress\"><strong>Mens Jakob Oftebro fortsatt topper Netflix-statistikken som svensk politimann i \u00abBlodsoffer\u00bb, blir han i oktober \u00e5 se i str\u00f8mmetjenestens nye krim.<\/strong>\n<\/p>\n<p><strong>Innenriks<\/strong>: \u00abByttet\u00bb er basert p\u00e5 den psykologiske 2023-thrilleren til Stefan Ahnhem, som n\u00e5 blir \u00e5 se som str\u00f8mmeserie. Den f\u00e5r premiere 30. oktober, meldte Netflix mandag.\n<\/p>\n<p>Og der har den norske skuespilleren en av hovedrollene. Han spiller Adam Harris, som sammen med kj\u00e6resten Scarlett, spilt av britiske Emma Appleton, skal bytte hjem i noen uker med et par de aldri har m\u00f8tt f\u00f8r: Helene (Frida Gustavsson) og Carl Wester (Fares Fares).\n<\/p>\n<p>\u00abMen det som skulle v\u00e6re en avslappende ferie, utvikler seg raskt til noe helt annet, et spill av overv\u00e5king, manipulasjon og mistillit\u00bb, heter det om handlingen, som utspiller seg i Stockholms skj\u00e6rg\u00e5rd og Sicilia over fire episoder.\n<\/p>\n<p>Regiss\u00f8r er danske Kasper Barfoed, som tidligere har st\u00e5tt for \u00abKastanjemannen\u00bb og norske \u00abLa Palma\u00bb.<\/p>\n<p>(\u00a9NTB)\n<\/p>\n<\/p><\/div>\n<p><script async defer crossorigin=\"anonymous\" data-lazy=\"w3tc\" data-src=\"https:\/\/connect.facebook.net\/nb_NO\/sdk.js#xfbml=1&#038;version=v18.0\"><\/script><br \/>\n<br \/><br \/>\n<br \/><a href=\"https:\/\/radioh.no\/oftebro-klar-i-stefan-ahnhem-filmatisering\/\">Kilde <\/a><\/p>","protected":false},"excerpt":{"rendered":"<p>Mens Jakob Oftebro fortsatt topper Netflix-statistikken som svensk politimann i \u00abBlodsoffer\u00bb, blir han i oktober \u00e5 se i str\u00f8mmetjenestens nye krim. Innenriks: \u00abByttet\u00bb er basert p\u00e5 den psykologiske 2023-thrilleren til Stefan Ahnhem, som n\u00e5 blir \u00e5 se som str\u00f8mmeserie. Den f\u00e5r premiere 30. oktober, meldte Netflix mandag. Og der har den norske skuespilleren en av [&hellip;]<\/p>","protected":false},"author":1,"featured_media":20011,"comment_status":"","ping_status":"","sticky":false,"template":"","format":"standard","meta":{"footnotes":""},"categories":[107],"tags":[],"tmauthors":[],"class_list":["post-20010","post","type-post","status-publish","format-standard","has-post-thumbnail","category-nyheter"],"_links":{"self":[{"href":"https:\/\/radiostavanger.no\/index.php?rest_route=\/wp\/v2\/posts\/20010","targetHints":{"allow":["GET"]}}],"collection":[{"href":"https:\/\/radiostavanger.no\/index.php?rest_route=\/wp\/v2\/posts"}],"about":[{"href":"https:\/\/radiostavanger.no\/index.php?rest_route=\/wp\/v2\/types\/post"}],"author":[{"embeddable":true,"href":"https:\/\/radiostavanger.no\/index.php?rest_route=\/wp\/v2\/users\/1"}],"replies":[{"embeddable":true,"href":"https:\/\/radiostavanger.no\/index.php?rest_route=%2Fwp%2Fv2%2Fcomments&post=20010"}],"version-history":[{"count":0,"href":"https:\/\/radiostavanger.no\/index.php?rest_route=\/wp\/v2\/posts\/20010\/revisions"}],"wp:featuredmedia":[{"embeddable":true,"href":"https:\/\/radiostavanger.no\/index.php?rest_route=\/wp\/v2\/media\/20011"}],"wp:attachment":[{"href":"https:\/\/radiostavanger.no\/index.php?rest_route=%2Fwp%2Fv2%2Fmedia&parent=20010"}],"wp:term":[{"taxonomy":"category","embeddable":true,"href":"https:\/\/radiostavanger.no\/index.php?rest_route=%2Fwp%2Fv2%2Fcategories&post=20010"},{"taxonomy":"post_tag","embeddable":true,"href":"https:\/\/radiostavanger.no\/index.php?rest_route=%2Fwp%2Fv2%2Ftags&post=20010"},{"taxonomy":"tmauthors","embeddable":true,"href":"https:\/\/radiostavanger.no\/index.php?rest_route=%2Fwp%2Fv2%2Ftmauthors&post=20010"}],"curies":[{"name":"wp","href":"https:\/\/api.w.org\/{rel}","templated":true}]}}