{"id":20014,"date":"2026-08-31T15:23:09","date_gmt":"2026-08-31T15:23:09","guid":{"rendered":"https:\/\/radiostavanger.no\/?p=20014"},"modified":"2026-08-31T15:23:09","modified_gmt":"2026-08-31T15:23:09","slug":"politiet-stenger-luftrom-og-karl-johans-gate-under-haakon-viiis-edsavleggelse-radio-stavanger","status":"publish","type":"post","link":"https:\/\/radiostavanger.no\/?p=20014","title":{"rendered":"Politiet stenger luftrom og Karl Johans gate under Haakon VIIIs edsavleggelse \u2013 Radio Stavanger"},"content":{"rendered":"<p><br \/>\n<\/p>\n<div id=\"mvp-content-main\">\n<p class=\"radioh-ingress\"><strong>Politiet innf\u00f8rer midlertidige luftromsrestriksjoner over Oslo og stenger Karl Johans gate i forbindelse med kong Haakon VIIIs edsavleggelse i Stortinget.<\/strong>\n<\/p>\n<p><strong>Innenriks<\/strong>: Forbudet gjelder fra 1. september klokken 11 til klokken 15, opplyser politiet i en pressemelding.\n<\/p>\n<p>Det forh\u00e5ndsdefinerte restriksjonsomr\u00e5det Oslo 2 (R-112) er aktivert i den aktuelle perioden. Restriksjonene gjelder b\u00e5de for bemannet luftfart og ubemannet luftfart (droner).\n<\/p>\n<p>Det er ikke tillatt \u00e5 fly i de aktuelle omr\u00e5dene uten s\u00e6rskilt tillatelse.\n<\/p>\n<p>Det vil bli trafikale begrensninger i perioden edsavleggelsen vil finne sted.<\/p>\n<p>Politiet skriver videre at Karl Johans gate blir helt sperret for trafikk fra klokken 10 til 15. Biler blir omdirigert til omliggende gater, mens g\u00e5ende kan bli sluset gjennom n\u00e5r det er mulig.\n<\/p>\n<p>N\u00f8dvendige sikkerhetstiltak vil bli gjennomf\u00f8rt med m\u00e5l om minst mulig ulemper for innbyggerne for \u00f8vrig. Politiet henstiller trafikanter og andre til \u00e5 f\u00f8lge anvisninger fra personell p\u00e5 stedet.\n<\/p>\n<p>(\u00a9NTB)\n<\/p>\n<\/p><\/div>\n<p><script async defer crossorigin=\"anonymous\" data-lazy=\"w3tc\" data-src=\"https:\/\/connect.facebook.net\/nb_NO\/sdk.js#xfbml=1&#038;version=v18.0\"><\/script><br \/>\n<br \/><br \/>\n<br \/><a href=\"https:\/\/radioh.no\/politiet-stenger-luftrom-og-karl-johans-gate-under-haakon-viiis-edsavleggelse\/\">Kilde <\/a><\/p>","protected":false},"excerpt":{"rendered":"<p>Politiet innf\u00f8rer midlertidige luftromsrestriksjoner over Oslo og stenger Karl Johans gate i forbindelse med kong Haakon VIIIs edsavleggelse i Stortinget. Innenriks: Forbudet gjelder fra 1. september klokken 11 til klokken 15, opplyser politiet i en pressemelding. Det forh\u00e5ndsdefinerte restriksjonsomr\u00e5det Oslo 2 (R-112) er aktivert i den aktuelle perioden. Restriksjonene gjelder b\u00e5de for bemannet luftfart og [&hellip;]<\/p>","protected":false},"author":1,"featured_media":20015,"comment_status":"","ping_status":"","sticky":false,"template":"","format":"standard","meta":{"footnotes":""},"categories":[107],"tags":[],"tmauthors":[],"class_list":["post-20014","post","type-post","status-publish","format-standard","has-post-thumbnail","category-nyheter"],"_links":{"self":[{"href":"https:\/\/radiostavanger.no\/index.php?rest_route=\/wp\/v2\/posts\/20014","targetHints":{"allow":["GET"]}}],"collection":[{"href":"https:\/\/radiostavanger.no\/index.php?rest_route=\/wp\/v2\/posts"}],"about":[{"href":"https:\/\/radiostavanger.no\/index.php?rest_route=\/wp\/v2\/types\/post"}],"author":[{"embeddable":true,"href":"https:\/\/radiostavanger.no\/index.php?rest_route=\/wp\/v2\/users\/1"}],"replies":[{"embeddable":true,"href":"https:\/\/radiostavanger.no\/index.php?rest_route=%2Fwp%2Fv2%2Fcomments&post=20014"}],"version-history":[{"count":0,"href":"https:\/\/radiostavanger.no\/index.php?rest_route=\/wp\/v2\/posts\/20014\/revisions"}],"wp:featuredmedia":[{"embeddable":true,"href":"https:\/\/radiostavanger.no\/index.php?rest_route=\/wp\/v2\/media\/20015"}],"wp:attachment":[{"href":"https:\/\/radiostavanger.no\/index.php?rest_route=%2Fwp%2Fv2%2Fmedia&parent=20014"}],"wp:term":[{"taxonomy":"category","embeddable":true,"href":"https:\/\/radiostavanger.no\/index.php?rest_route=%2Fwp%2Fv2%2Fcategories&post=20014"},{"taxonomy":"post_tag","embeddable":true,"href":"https:\/\/radiostavanger.no\/index.php?rest_route=%2Fwp%2Fv2%2Ftags&post=20014"},{"taxonomy":"tmauthors","embeddable":true,"href":"https:\/\/radiostavanger.no\/index.php?rest_route=%2Fwp%2Fv2%2Ftmauthors&post=20014"}],"curies":[{"name":"wp","href":"https:\/\/api.w.org\/{rel}","templated":true}]}}