{"id":20037,"date":"2026-08-31T17:01:55","date_gmt":"2026-08-31T17:01:55","guid":{"rendered":"https:\/\/radiostavanger.no\/?p=20037"},"modified":"2026-08-31T17:01:55","modified_gmt":"2026-08-31T17:01:55","slug":"kongefamilien-kom-ut-pa-slottsplassen-radio-stavanger","status":"publish","type":"post","link":"https:\/\/radiostavanger.no\/?p=20037","title":{"rendered":"Kongefamilien kom ut p\u00e5 Slottsplassen \u2013 Radio Stavanger"},"content":{"rendered":"<p><br \/>\n<\/p>\n<div id=\"mvp-content-main\">\n<p class=\"radioh-ingress\"><strong>Etter at kong Haralds b\u00e5re ble f\u00f8rt til Slottskapellet, gikk kongeparet, dronning Sonja og prinsesse M\u00e4rtha Louise ut p\u00e5 Slottsplassen for \u00e5 se p\u00e5 blomsterhavet og hilse til folket.<\/strong>\n<\/p>\n<p><strong>Innenriks<\/strong>: Kong Harald sovnet stille inn tidlig fredag morgen, og allerede siden dagen f\u00f8r han gikk bort har det v\u00e6rt en jevn str\u00f8m av folk som har hedret ham med blomster p\u00e5 Slottsplassen.\n<\/p>\n<p>Tusener p\u00e5 tusener av nordmenn har lagt ned krans og tatt farvel med den avd\u00f8de kongen, nasjonalsangen har blitt sunget og t\u00e5rer er felt.\n<\/p>\n<p>Like f\u00f8r de kom ut p\u00e5 Slottsplassen f\u00f8rte kongefamilien den avd\u00f8de kongen fra R\u00f8de salong til Slottskapellet.\n<\/p>\n<p>B\u00e5ren ble f\u00f8rt av kong Haralds barn og barnebarn i prosesjon gjennom Den gule salong, Speilsalen, Daglige spisesal, Lille festsal og Store festsal. Dronning Mette-Marit og dronning Sonja var ogs\u00e5 i prosesjonen, som ble ledet av kongens hoffsjef.<\/p>\n<p>I forkant av prosesjonen har det ogs\u00e5 v\u00e6rt et hektisk program for den s\u00f8rgende kongefamilien. L\u00f8rdag klokken 19 holdt kong Haakon sin f\u00f8rste tale til folket, og s\u00f8ndag var kongefamilien til stede p\u00e5 s\u00f8rgegudstjeneste i Asker kirke.\n<\/p>\n<p>(\u00a9NTB)\n<\/p>\n<\/p><\/div>\n<p><script async defer crossorigin=\"anonymous\" data-lazy=\"w3tc\" data-src=\"https:\/\/connect.facebook.net\/nb_NO\/sdk.js#xfbml=1&#038;version=v18.0\"><\/script><br \/>\n<br \/><br \/>\n<br \/><a href=\"https:\/\/radioh.no\/kongefamilien-kom-ut-pa-slottsplassen\/\">Kilde <\/a><\/p>","protected":false},"excerpt":{"rendered":"<p>Etter at kong Haralds b\u00e5re ble f\u00f8rt til Slottskapellet, gikk kongeparet, dronning Sonja og prinsesse M\u00e4rtha Louise ut p\u00e5 Slottsplassen for \u00e5 se p\u00e5 blomsterhavet og hilse til folket. Innenriks: Kong Harald sovnet stille inn tidlig fredag morgen, og allerede siden dagen f\u00f8r han gikk bort har det v\u00e6rt en jevn str\u00f8m av folk som [&hellip;]<\/p>","protected":false},"author":1,"featured_media":20038,"comment_status":"","ping_status":"","sticky":false,"template":"","format":"standard","meta":{"footnotes":""},"categories":[107],"tags":[],"tmauthors":[],"class_list":["post-20037","post","type-post","status-publish","format-standard","has-post-thumbnail","category-nyheter"],"_links":{"self":[{"href":"https:\/\/radiostavanger.no\/index.php?rest_route=\/wp\/v2\/posts\/20037","targetHints":{"allow":["GET"]}}],"collection":[{"href":"https:\/\/radiostavanger.no\/index.php?rest_route=\/wp\/v2\/posts"}],"about":[{"href":"https:\/\/radiostavanger.no\/index.php?rest_route=\/wp\/v2\/types\/post"}],"author":[{"embeddable":true,"href":"https:\/\/radiostavanger.no\/index.php?rest_route=\/wp\/v2\/users\/1"}],"replies":[{"embeddable":true,"href":"https:\/\/radiostavanger.no\/index.php?rest_route=%2Fwp%2Fv2%2Fcomments&post=20037"}],"version-history":[{"count":0,"href":"https:\/\/radiostavanger.no\/index.php?rest_route=\/wp\/v2\/posts\/20037\/revisions"}],"wp:featuredmedia":[{"embeddable":true,"href":"https:\/\/radiostavanger.no\/index.php?rest_route=\/wp\/v2\/media\/20038"}],"wp:attachment":[{"href":"https:\/\/radiostavanger.no\/index.php?rest_route=%2Fwp%2Fv2%2Fmedia&parent=20037"}],"wp:term":[{"taxonomy":"category","embeddable":true,"href":"https:\/\/radiostavanger.no\/index.php?rest_route=%2Fwp%2Fv2%2Fcategories&post=20037"},{"taxonomy":"post_tag","embeddable":true,"href":"https:\/\/radiostavanger.no\/index.php?rest_route=%2Fwp%2Fv2%2Ftags&post=20037"},{"taxonomy":"tmauthors","embeddable":true,"href":"https:\/\/radiostavanger.no\/index.php?rest_route=%2Fwp%2Fv2%2Ftmauthors&post=20037"}],"curies":[{"name":"wp","href":"https:\/\/api.w.org\/{rel}","templated":true}]}}