{"id":20043,"date":"2026-08-31T17:27:03","date_gmt":"2026-08-31T17:27:03","guid":{"rendered":"https:\/\/radiostavanger.no\/?p=20043"},"modified":"2026-08-31T17:27:03","modified_gmt":"2026-08-31T17:27:03","slug":"her-er-kong-haralds-bare-pa-plass-i-slottskapellet-radio-stavanger","status":"publish","type":"post","link":"https:\/\/radiostavanger.no\/?p=20043","title":{"rendered":"Her er kong Haralds b\u00e5re p\u00e5 plass i Slottskapellet \u2013 Radio Stavanger"},"content":{"rendered":"<p><br \/>\n<\/p>\n<div id=\"mvp-content-main\">\n<p class=\"radioh-ingress\"><strong>Slottet har mandag kveld publisert bilder av kong Haralds b\u00e5re i Slottskapellet, der den skal ligge til defilering.<\/strong>\n<\/p>\n<p><strong>Innenriks<\/strong>: Kapellet \u00e5pnes for folk flest tirsdag, og b\u00e5ren skal ligge til defilering fram til gravferden 9. september. Mandag skal det holdes en privat minnestund for kong Haralds familie, hoffet og adjutantstaben hans.\n<\/p>\n<p>En dr\u00f8y time f\u00f8r bildene ble publisert, var kongeparet, dronning Sonja og prinsesse M\u00e4rtha Louise ute p\u00e5 Slottsplassen for \u00e5 hilse p\u00e5 folk, se p\u00e5 blomsterhavet og takke dem.\n<\/p>\n<p>Like f\u00f8r de kom ut p\u00e5 Slottsplassen, f\u00f8rte kongefamilien den avd\u00f8de kongen fra R\u00f8de salong til Slottskapellet.\n<\/p>\n<p>B\u00e5ren ble f\u00f8rt av kong Haralds barn og barnebarn i prosesjon gjennom Den gule salong, Speilsalen, Daglige spisesal, Lille festsal og Store festsal. Dronning Mette-Marit og dronning Sonja var ogs\u00e5 i prosesjonen, som ble ledet av kongens hoffsjef.<\/p>\n<p>(\u00a9NTB)\n<\/p>\n<\/p><\/div>\n<p><script async defer crossorigin=\"anonymous\" data-lazy=\"w3tc\" data-src=\"https:\/\/connect.facebook.net\/nb_NO\/sdk.js#xfbml=1&#038;version=v18.0\"><\/script><br \/>\n<br \/><br \/>\n<br \/><a href=\"https:\/\/radioh.no\/her-er-kong-haralds-bare-pa-plass-i-slottskapellet\/\">Kilde <\/a><\/p>","protected":false},"excerpt":{"rendered":"<p>Slottet har mandag kveld publisert bilder av kong Haralds b\u00e5re i Slottskapellet, der den skal ligge til defilering. Innenriks: Kapellet \u00e5pnes for folk flest tirsdag, og b\u00e5ren skal ligge til defilering fram til gravferden 9. september. Mandag skal det holdes en privat minnestund for kong Haralds familie, hoffet og adjutantstaben hans. En dr\u00f8y time f\u00f8r [&hellip;]<\/p>","protected":false},"author":1,"featured_media":20044,"comment_status":"","ping_status":"","sticky":false,"template":"","format":"standard","meta":{"footnotes":""},"categories":[107],"tags":[],"tmauthors":[],"class_list":["post-20043","post","type-post","status-publish","format-standard","has-post-thumbnail","category-nyheter"],"_links":{"self":[{"href":"https:\/\/radiostavanger.no\/index.php?rest_route=\/wp\/v2\/posts\/20043","targetHints":{"allow":["GET"]}}],"collection":[{"href":"https:\/\/radiostavanger.no\/index.php?rest_route=\/wp\/v2\/posts"}],"about":[{"href":"https:\/\/radiostavanger.no\/index.php?rest_route=\/wp\/v2\/types\/post"}],"author":[{"embeddable":true,"href":"https:\/\/radiostavanger.no\/index.php?rest_route=\/wp\/v2\/users\/1"}],"replies":[{"embeddable":true,"href":"https:\/\/radiostavanger.no\/index.php?rest_route=%2Fwp%2Fv2%2Fcomments&post=20043"}],"version-history":[{"count":0,"href":"https:\/\/radiostavanger.no\/index.php?rest_route=\/wp\/v2\/posts\/20043\/revisions"}],"wp:featuredmedia":[{"embeddable":true,"href":"https:\/\/radiostavanger.no\/index.php?rest_route=\/wp\/v2\/media\/20044"}],"wp:attachment":[{"href":"https:\/\/radiostavanger.no\/index.php?rest_route=%2Fwp%2Fv2%2Fmedia&parent=20043"}],"wp:term":[{"taxonomy":"category","embeddable":true,"href":"https:\/\/radiostavanger.no\/index.php?rest_route=%2Fwp%2Fv2%2Fcategories&post=20043"},{"taxonomy":"post_tag","embeddable":true,"href":"https:\/\/radiostavanger.no\/index.php?rest_route=%2Fwp%2Fv2%2Ftags&post=20043"},{"taxonomy":"tmauthors","embeddable":true,"href":"https:\/\/radiostavanger.no\/index.php?rest_route=%2Fwp%2Fv2%2Ftmauthors&post=20043"}],"curies":[{"name":"wp","href":"https:\/\/api.w.org\/{rel}","templated":true}]}}