{"id":20047,"date":"2026-08-31T17:56:49","date_gmt":"2026-08-31T17:56:49","guid":{"rendered":"https:\/\/radiostavanger.no\/?p=20047"},"modified":"2026-08-31T17:56:49","modified_gmt":"2026-08-31T17:56:49","slug":"na-hamstrer-folk-drivstoff-nrk-rogaland-lokale-nyheter-tv-og-radio","status":"publish","type":"post","link":"https:\/\/radiostavanger.no\/?p=20047","title":{"rendered":"N\u00e5 hamstrer folk drivstoff \u2013 NRK Rogaland \u2013 Lokale nyheter, TV og radio"},"content":{"rendered":"<p><br \/>\n<\/p>\n<div data-main-content=\"\" data-ec-list=\"article_body\" data-ec-name=\"br\u00f8dtekst\">\n<p>\u2013 N\u00e5 har vi hamstret inn, og har drivstoff til maskinene i ett \u00e5r.<\/p>\n<p>Vidar Nedreb\u00f8 kj\u00f8pte i forrige uke sin andre drivstofftank. N\u00e5 har han fylt opp begge tankene, og har 4500 liter diesel lagret.<\/p>\n<p>\u2013 Norsk matproduksjon blir dyrere, og jeg er redd for at dette vil merkes ellers i samfunnet, sier Nedreb\u00f8.<\/p>\n<p>Bonden er ogs\u00e5 lokalpolitiker for Senterpartiet. Partiet er blant de som \u00f8nsker \u00e5 forlenge drivstoffkuttene.<\/p>\n<div id=\"1.18009415.559494ea\" class=\"g100 col fc s10 sl12 sl18 sg6 sg9 image-reference image-reference--F169\"><!-- include: \/serum\/render?id=1.18009415&size=10&perspective=RICH&alignment=CENTER&caption=Nedreb%C3%B8+sier+han+n%C3%A5+har+nok+drivstoff+til+maskinene+i+ett+%C3%A5r.+&type=image&aspect=F169&parentSize=10 --><!-- START: \/templates\/image\/image-rich.jsp --><\/p>\n<figure class=\"image widget rich\">\n<div class=\"responsive-img F169\"><img decoding=\"async\" sizes=\"(min-width:1180px) 639px, (min-width:720px) 56vw, 100vw\" srcset=\"https:\/\/gfx.nrk.no\/iqts00JoNkCoRUvIATapFAo5sJpcmJFH7SpJXX3g3JhA.jpg 80w, https:\/\/gfx.nrk.no\/iqts00JoNkCoRUvIATapFA3WGGudjLAGXSpJXX3g3JhA.jpg 160w, https:\/\/gfx.nrk.no\/iqts00JoNkCoRUvIATapFA8GfcmFfnY3vSpJXX3g3JhA.jpg 350w, https:\/\/gfx.nrk.no\/iqts00JoNkCoRUvIATapFAhQC4jy1kAPnSpJXX3g3JhA.jpg 450w, https:\/\/gfx.nrk.no\/iqts00JoNkCoRUvIATapFAJFLqeK-ASubSpJXX3g3JhA.jpg 650w, https:\/\/gfx.nrk.no\/iqts00JoNkCoRUvIATapFAaqpWoCeYL8bSpJXX3g3JhA.jpg 1000w, https:\/\/gfx.nrk.no\/iqts00JoNkCoRUvIATapFAlSI7aEFgmrPSpJXX3g3JhA.jpg 1200w, https:\/\/gfx.nrk.no\/iqts00JoNkCoRUvIATapFA72PEG7gB0dvSpJXX3g3JhA.jpg 1600w, https:\/\/gfx.nrk.no\/iqts00JoNkCoRUvIATapFAytJcvSMCCy_SpJXX3g3JhA.jpg 2000w\" src=\"data:image\/gif;base64,R0lGODlhAQABAIAAAAAAAP\/\/\/yH5BAEAAAAALAAAAAABAAEAAAIBRAA7\" loading=\"eager\" alt=\"Vidar Nedreb\u00f8 er bonde, dyrlege og lokalpolitiker for Senterpartiet i Gjesdal kommune.\" title=\"Foto: Erik Waage \/ NRK\"\/><\/div><figcaption>\n<p class=\"\">Nedreb\u00f8 sier han n\u00e5 har nok drivstoff til maskinene i ett \u00e5r. <\/p>\n<p><small>Foto: Erik Waage \/ NRK<\/small><br \/>\n<\/figcaption><\/figure>\n<p><!-- END: \/templates\/image\/image-rich.jsp -->\n<\/div>\n<p>Stortinget vedtok i mars \u00e5 kutte avgiftene p\u00e5 bensin og diesel fram til 1. september, p\u00e5 grunn av \u00f8kte priser som f\u00f8lge av krigen i Midt\u00f8sten.<\/p>\n<p>B\u00e5de veibruksavgiften og CO\u2082-avgiften ble kuttet.<\/p>\n<p>Krigen p\u00e5g\u00e5r fortsatt, og det har v\u00e6rt mye diskusjoner om avgiftskuttene skal forlenges eller ikke.<\/p>\n<p>Etter alt \u00e5 d\u00f8mme kommer likevel avgiftene til \u00e5 \u00f8ke ved midnatt. F\u00f8r avgiftskuttene l\u00e5 drivstoffprisene tett opp mot 30 kroner literen.<\/p>\n<div id=\"1.18009031.83be9806\" class=\"g100 col fc s10 sl12 sl18 sg6 sg9 image-reference image-reference--ORIGINAL\"><!-- include: \/serum\/render?id=1.18009031&size=10&perspective=RICH&alignment=CENTER&caption=Bilde+av+prisene+p%C3%A5+en+bensinstasjon+i+mars+2026%2C+da+prisene+kr%C3%B8p+opp+mot+30+kroner+literen+for+diesel.+&type=image&aspect=ORIGINAL&parentSize=10 --><!-- START: \/templates\/image\/image-rich.jsp --><\/p>\n<figure class=\"image widget rich\">\n<div style=\"padding-bottom:66.66667%;\" class=\"responsive-img ORIGINAL\"><img decoding=\"async\" sizes=\"(min-width:1180px) 639px, (min-width:720px) 56vw, 100vw\" srcset=\"https:\/\/gfx.nrk.no\/gz297ArYprleVG5TQ31r9gykDQmflUrBWUOylJnzfSkg.jpg 80w, https:\/\/gfx.nrk.no\/gz297ArYprleVG5TQ31r9gSmWOuPH02LyUOylJnzfSkg.jpg 160w, https:\/\/gfx.nrk.no\/gz297ArYprleVG5TQ31r9gic6TlVXdoUCUOylJnzfSkg.jpg 350w, https:\/\/gfx.nrk.no\/gz297ArYprleVG5TQ31r9gLvXn_S88_muUOylJnzfSkg.jpg 450w, https:\/\/gfx.nrk.no\/gz297ArYprleVG5TQ31r9g_KxxcHtaVYCUOylJnzfSkg.jpg 650w, https:\/\/gfx.nrk.no\/gz297ArYprleVG5TQ31r9ghH6vEAjgD0-UOylJnzfSkg.jpg 1000w, https:\/\/gfx.nrk.no\/gz297ArYprleVG5TQ31r9gYKOftfOGZcaUOylJnzfSkg.jpg 1200w, https:\/\/gfx.nrk.no\/gz297ArYprleVG5TQ31r9gYaTSPD8SzBCUOylJnzfSkg.jpg 1600w, https:\/\/gfx.nrk.no\/gz297ArYprleVG5TQ31r9gqcHnGYPMLq2UOylJnzfSkg.jpg 2000w\" src=\"data:image\/gif;base64,R0lGODlhAQABAIAAAAAAAP\/\/\/yH5BAEAAAAALAAAAAABAAEAAAIBRAA7\" loading=\"eager\" alt=\"Lysende prisskilt ved bensinstasjon om natten med drivstoffpriser for bensin og diesel. (Bildebeskrivelsen er laget av en KI-tjeneste)\" title=\"Foto: Gunnar Bratthammer \/ NRK\"\/><\/div><figcaption>\n<p class=\"\">Bilde av prisene p\u00e5 en bensinstasjon i mars 2026, da prisene kr\u00f8p opp mot 30 kroner literen for diesel. <\/p>\n<p><small>Foto: Gunnar Bratthammer \/ NRK<\/small><br \/>\n<\/figcaption><\/figure>\n<p><!-- END: \/templates\/image\/image-rich.jsp -->\n<\/div>\n<div id=\"1.18009360.29287d43\" class=\"g100 col fc s10 sl12 sl18 sg6 sg9 fact-reference\"><!-- include: \/serum\/render?id=1.18009360&size=10&perspective=BRIEF&alignment=CENTER&variant=minimized&parentSize=10 --><\/p>\n<aside class=\" fact widget brief skin-background-50 darkmode-skin-background-900 skin-text-950 skin-anchor-child-700 skin-anchor-child-800--hover darkmode-skin-text-50 darkmode-skin-anchor-child-200 darkmode-skin-anchor-child-300--hover \" role=\"complementary\" data-id=\"1.18009360\" id=\"fact-1-18009360\" aria-labelledby=\"fact-1-18009360_title\" data-ec-id=\"pp:article:1.18009360\" data-ec-name=\"Slik vil prisene endres: \" data-ec-category=\"fact-minimized\">\n<h3 class=\"fact__title title\" id=\"fact-1-18009360_title\">Slik vil prisene endres: <\/h3>\n<p><button class=\"fact__expand\" data-k5a-pos=\"faktaboks\" data-factid=\"fact-1-18009360\"><\/p>\n<p><\/button><\/p>\n<div class=\"fact__body text-body skin-text-950 skin-anchor-child-700 skin-anchor-child-800--hover darkmode-skin-text-50 darkmode-skin-anchor-child-200 darkmode-skin-anchor-child-300--hover \" aria-hidden=\"true\">\n<ul>\n<li>For ren mineralolje (fossil diesel) utgj\u00f8r kuttet i veibruksavgift og CO2-avgift <strong>4,51 kroner<\/strong> per liter, inkludert merverdiavgift.<\/li>\n<li>For en drivstoffblanding best\u00e5ende av 85 volumprosent mineralolje (fossil diesel) og 15 volumprosent biodiesel, utgj\u00f8r kuttet i veibruksavgift og CO2-avgift <strong>4,26 kroner<\/strong> per liter, inkludert merverdiavgift.<\/li>\n<li>For anleggsdiesel best\u00e5ende av 88 volumprosent mineralolje (fossil diesel) og 12 volumprosent biodiesel utgj\u00f8r kuttet i CO2-avgiften <strong>2,2 kroner<\/strong> per liter (eksl. mva.).<\/li>\n<li>For en drivstoffblanding best\u00e5ende av 85 volumprosent bensin og 15 volumprosent bioetanol, utgj\u00f8r kuttet i veibruksavgiften <strong>4,41 kroner<\/strong> per liter, inkludert merverdiavgift.<\/li>\n<li>Den faktiske virkningen p\u00e5 pumpeprisene vil avhenge av innblandingen av biodrivstoff og markedsforholdene i drivstoffmarkedet.<\/li>\n<\/ul>\n<p><em>Kilde: Finansdepartementet<\/em><\/p>\n<\/div>\n<\/aside>\n<\/div>\n<h2>Flere hamstrer drivstoff<\/h2>\n<p>Salgssjef Bj\u00f8rn Danielsen i <span class=\"note\" data-content=\"&lt;p&gt;Selskapet leverer drivstoff til landbruk, entrepren\u00f8rer, husstander, marinaer og fyllestasjoner.&lt;\/p&gt; \" data-term=\"J\u00e6ren Olje\">J\u00e6ren Olje<\/span> bekrefter at p\u00e5gangen fra kunder som vil bunkre opp drivstoff har v\u00e6rt heftig.<\/p>\n<p><!-- \/\/ Reference Autonomous --><\/p>\n<p><strong>\u2013 Jeg forst\u00e5r kundene godt. Mange lever i en bransje hvor de ikke kan \u00f8ke prisene, men bare m\u00e5 leve med det, sier Danielsen.<\/strong><\/p>\n<p>Danielsen sier de har hatt utstrakt kvelds- og helgejobbing for \u00e5 f\u00e5 levert diesel til alle f\u00f8r prisstigningen.<\/p>\n<p>NRK har snakket med sj\u00e5f\u00f8rer ved pumpene mandag:<\/p>\n<div id=\"1.18009110.b53b2209\" class=\"g100 col fln s10 sl12 sl18 sg6 sg9 inlinesanitycontent-reference\"><!-- include: \/serum\/render?id=1.18009110&size=10&perspective=RICH&alignment=AUTO&parentSize=10 -->\n    <link rel=\"stylesheet\" type=\"text\/css\" href=\"https:\/\/static.dh.nrk.no\/modul\/forklaringsscroll\/main-5582a4c970dbfbddc711.css\"\/><!-- prettier-ignore-attribute --><dh-forklaringsscroll-v1 class=\"widget undefined\" features=\"{\" lottie=\"\" data-snowplow-host=\"https:\/\/data.nrk.no\" data-name=\"dh-forklaringsscroll\" data-self-id=\"1.18009110\"><\/p>\n<div class=\"dhfs__wrapper--d4862 \"><dh-forklaringsscroll class=\"dhfs__forklaringsscroll--d00fa | dhfs__align-left--d8954 dhfs__colors--f3d61\" active-background-id=\"0\"><\/p>\n<div class=\"dhfs__background--ac262\" data-background-id=\"0\" data-state=\"undefined\"><picture><source type=\"image\/webp\" srcset=\"https:\/\/gfx.nrk.no\/p5x3Ba7hOc1omV15UOW_3A6WyhNSEDHzv5Qw1kRRpZEQ 450w,https:\/\/gfx.nrk.no\/p5x3Ba7hOc1omV15UOW_3AXqS_sUe7ad75Qw1kRRpZEQ 768w,https:\/\/gfx.nrk.no\/p5x3Ba7hOc1omV15UOW_3AbQ6SyEWBu0H5Qw1kRRpZEQ 1080w,https:\/\/gfx.nrk.no\/p5x3Ba7hOc1omV15UOW_3AKXlgN2kgKuv5Qw1kRRpZEQ 1280w,https:\/\/gfx.nrk.no\/p5x3Ba7hOc1omV15UOW_3AIJbLZ-MzNWP5Qw1kRRpZEQ 1600w\" width=\"1600\" height=\"2133\" sizes=\"(min-width: 720px) 590px, 100vw\"\/><source type=\"image\/jpeg\" srcset=\"https:\/\/gfx.nrk.no\/p5x3Ba7hOc1omV15UOW_3ABO1GVBwrMSgyj5tDlXhr-Q 450w,https:\/\/gfx.nrk.no\/p5x3Ba7hOc1omV15UOW_3AZYmyoRbQXkcyj5tDlXhr-Q 768w,https:\/\/gfx.nrk.no\/p5x3Ba7hOc1omV15UOW_3AhHNMqd5ahiEyj5tDlXhr-Q 1080w,https:\/\/gfx.nrk.no\/p5x3Ba7hOc1omV15UOW_3A5NoMJq2PVDYyj5tDlXhr-Q 1280w,https:\/\/gfx.nrk.no\/p5x3Ba7hOc1omV15UOW_3AUGMAIcymjhoyj5tDlXhr-Q 1600w\" width=\"1600\" height=\"2133\" sizes=\"(min-width: 720px) 590px, 100vw\"\/><img loading=\"lazy\" alt=\"Drivstoffpriser \u00f8ker\" width=\"1600\" height=\"2133\" sizes=\"auto, (min-width: 720px) 590px, 100vw\" loading=\"lazy\"\/><\/picture><\/div>\n<div class=\"dhfs__card-container--b7de5 | dhfs__card-colors--ab322\" data-show-background=\"0\">\n<div class=\"dhfs__card--fd4d0\">\n<p>\u2013 Det er nesten galskap. De b\u00f8r holde prisene der de er i dag, sier Svein Valle.<\/p>\n<\/div>\n<\/div>\n<div class=\"dhfs__background--ac262\" data-background-id=\"1\" data-state=\"undefined\"><picture><source type=\"image\/webp\" srcset=\"https:\/\/gfx.nrk.no\/bgj1xK6Qc3Lx5MAuqrcVngKYEHTEazha7EkeP2yjKcMA 450w,https:\/\/gfx.nrk.no\/bgj1xK6Qc3Lx5MAuqrcVngdIHR3oiR3rHEkeP2yjKcMA 768w,https:\/\/gfx.nrk.no\/bgj1xK6Qc3Lx5MAuqrcVngjf36Yr6SxeLEkeP2yjKcMA 1080w,https:\/\/gfx.nrk.no\/bgj1xK6Qc3Lx5MAuqrcVngNxfO4Iu7HqPEkeP2yjKcMA 1280w,https:\/\/gfx.nrk.no\/bgj1xK6Qc3Lx5MAuqrcVngrJ99mFzhgqrEkeP2yjKcMA 1600w\" width=\"1600\" height=\"2133\" sizes=\"(min-width: 720px) 590px, 100vw\"\/><source type=\"image\/jpeg\" srcset=\"https:\/\/gfx.nrk.no\/bgj1xK6Qc3Lx5MAuqrcVngP_0c3ntE-jWyv35_TtttiA 450w,https:\/\/gfx.nrk.no\/bgj1xK6Qc3Lx5MAuqrcVngxT6WyWQqyKiyv35_TtttiA 768w,https:\/\/gfx.nrk.no\/bgj1xK6Qc3Lx5MAuqrcVng2Q6OYtDlU7ayv35_TtttiA 1080w,https:\/\/gfx.nrk.no\/bgj1xK6Qc3Lx5MAuqrcVngrsU7VKeGW1qyv35_TtttiA 1280w,https:\/\/gfx.nrk.no\/bgj1xK6Qc3Lx5MAuqrcVngKJ4ujZ3rd52yv35_TtttiA 1600w\" width=\"1600\" height=\"2133\" sizes=\"(min-width: 720px) 590px, 100vw\"\/><img loading=\"lazy\" alt=\"Drivstoffpriser \u00f8ker Porsgrunn\" width=\"1600\" height=\"2133\" sizes=\"auto, (min-width: 720px) 590px, 100vw\" loading=\"lazy\"\/><\/picture><\/div>\n<div class=\"dhfs__card-container--b7de5 | dhfs__card-colors--ab322\" data-show-background=\"1\">\n<div class=\"dhfs__card--fd4d0\">\n<p>\u2013 Verdenssituasjonen er jo ustabil. Det er bare s\u00e5nn det er, sier \u00d8ystein L\u00f8nn-Nilsen. <\/p>\n<\/div>\n<\/div>\n<div class=\"dhfs__background--ac262\" data-background-id=\"2\" data-state=\"undefined\"><picture><source type=\"image\/webp\" srcset=\"https:\/\/gfx.nrk.no\/FQy1ZnQYJYLuFzbv2Gh9CgDiAz_0BJ3nxFXrxygxLY7A 450w,https:\/\/gfx.nrk.no\/FQy1ZnQYJYLuFzbv2Gh9Cgf0yebQ_mhkxFXrxygxLY7A 768w,https:\/\/gfx.nrk.no\/FQy1ZnQYJYLuFzbv2Gh9CgeWDIUPlrxO9FXrxygxLY7A 1080w,https:\/\/gfx.nrk.no\/FQy1ZnQYJYLuFzbv2Gh9CgXHLJcl9YjUxFXrxygxLY7A 1280w,https:\/\/gfx.nrk.no\/FQy1ZnQYJYLuFzbv2Gh9CgrhJMOuTnvLxFXrxygxLY7A 1600w\" width=\"1600\" height=\"2133\" sizes=\"(min-width: 720px) 590px, 100vw\"\/><source type=\"image\/jpeg\" srcset=\"https:\/\/gfx.nrk.no\/FQy1ZnQYJYLuFzbv2Gh9Cgh7VtmFDRN2eDrdnUiPD0sA 450w,https:\/\/gfx.nrk.no\/FQy1ZnQYJYLuFzbv2Gh9Cgf4J14oDNkXKDrdnUiPD0sA 768w,https:\/\/gfx.nrk.no\/FQy1ZnQYJYLuFzbv2Gh9CgsK6E8CbfEJaDrdnUiPD0sA 1080w,https:\/\/gfx.nrk.no\/FQy1ZnQYJYLuFzbv2Gh9Cg-RWnpI-FvIuDrdnUiPD0sA 1280w,https:\/\/gfx.nrk.no\/FQy1ZnQYJYLuFzbv2Gh9Cgxlh8zrqdLZ6DrdnUiPD0sA 1600w\" width=\"1600\" height=\"2133\" sizes=\"(min-width: 720px) 590px, 100vw\"\/><img loading=\"lazy\" alt=\"Folk p\u00e5 Sm\u00f8la om drivstoffpriser\" width=\"1600\" height=\"2133\" sizes=\"auto, (min-width: 720px) 590px, 100vw\" loading=\"lazy\"\/><\/picture><\/div>\n<div class=\"dhfs__card-container--b7de5 | dhfs__card-colors--ab322\" data-show-background=\"2\">\n<div class=\"dhfs__card--fd4d0\">\n<p>\u2013 Det er helt p\u00e5 trynet. Det er allerede dyrt nok som det er n\u00e5 for folk, for ikke \u00e5 snakke om hvordan det p\u00e5virker industrien og transportfirmaer, sier Gunnar Gundersen.<\/p>\n<\/div>\n<\/div>\n<div class=\"dhfs__background--ac262\" data-background-id=\"3\" data-state=\"undefined\"><picture><source type=\"image\/webp\" srcset=\"https:\/\/gfx.nrk.no\/gIMuURPjBxMKk5kTSiKsHA-AgjtY6Ut2CL7b02jWHavw 450w,https:\/\/gfx.nrk.no\/gIMuURPjBxMKk5kTSiKsHAPmHy7bUSC1uL7b02jWHavw 768w,https:\/\/gfx.nrk.no\/gIMuURPjBxMKk5kTSiKsHANjBweTRqruuL7b02jWHavw 1080w,https:\/\/gfx.nrk.no\/gIMuURPjBxMKk5kTSiKsHA7cvQWIujYJKL7b02jWHavw 1280w,https:\/\/gfx.nrk.no\/gIMuURPjBxMKk5kTSiKsHA4Yi7F-w--aCL7b02jWHavw 1600w\" width=\"1600\" height=\"2133\" sizes=\"(min-width: 720px) 590px, 100vw\"\/><source type=\"image\/jpeg\" srcset=\"https:\/\/gfx.nrk.no\/gIMuURPjBxMKk5kTSiKsHAbaLP7sHbP48W1O0VKjJEBg 450w,https:\/\/gfx.nrk.no\/gIMuURPjBxMKk5kTSiKsHAGM_fhLnVRKcW1O0VKjJEBg 768w,https:\/\/gfx.nrk.no\/gIMuURPjBxMKk5kTSiKsHALKFDPE3fg5cW1O0VKjJEBg 1080w,https:\/\/gfx.nrk.no\/gIMuURPjBxMKk5kTSiKsHA9L8NfbKeMw4W1O0VKjJEBg 1280w,https:\/\/gfx.nrk.no\/gIMuURPjBxMKk5kTSiKsHAo111NqjmiIcW1O0VKjJEBg 1600w\" width=\"1600\" height=\"2133\" sizes=\"(min-width: 720px) 590px, 100vw\"\/><img loading=\"lazy\" alt=\"Folk p\u00e5 Sm\u00f8la om drivstoffpriser\" width=\"1600\" height=\"2133\" sizes=\"auto, (min-width: 720px) 590px, 100vw\" loading=\"lazy\"\/><\/picture><\/div>\n<div class=\"dhfs__card-container--b7de5 | dhfs__card-colors--ab322\" data-show-background=\"3\">\n<div class=\"dhfs__card--fd4d0\">\n<p>\u2013 Det koster \u00e5 ha bil. Det er de kronene som n\u00e5 har v\u00e6rt kuttet som kommer tilbake, og prisene g\u00e5r nok opp til rundt slik som det var, rundt 25-26 kroner, sier Lars Helge Strand.<\/p>\n<\/div>\n<\/div>\n<p><\/dh-forklaringsscroll><\/div>\n<p><\/dh-forklaringsscroll-v1>\n  <\/div>\n<h2>\u00abDieselbr\u00f8let\u00bb skal markere<\/h2>\n<p>Jan-Erik Rafoss i \u00abDieselbr\u00f8let\u00bb sier de etter planen skulle ha en aksjon i helga. Det avlyste de.<\/p>\n<p>\u2013 Av respekt for kong Haralds bortgang lot vi det ligge.<\/p>\n<div id=\"1.18009291.1b9de74d\" class=\"g100 col fc s10 sl12 sl18 sg6 sg9 image-reference image-reference--ORIGINAL\"><!-- include: \/serum\/render?id=1.18009291&size=10&perspective=RICH&alignment=CENTER&caption=%C2%ABDieselbr%C3%B8let%C2%BB-representant+Jan-Erik+Rafoss+forteller+at+den+planlagte+aksjonen+i+helgen+ble+lagt+p%C3%A5+is+grunnet+kong+Haralds+d%C3%B8d.&type=image&aspect=ORIGINAL&parentSize=10 --><!-- START: \/templates\/image\/image-rich.jsp --><\/p>\n<figure class=\"image widget rich\">\n<div style=\"padding-bottom:56.300003%;\" class=\"responsive-img ORIGINAL\"><img decoding=\"async\" sizes=\"(min-width:1180px) 639px, (min-width:720px) 56vw, 100vw\" srcset=\"https:\/\/gfx.nrk.no\/9pvNzmjWMAftBoIIO5Uq3AtkIJXubOdCFZghb_5Qhc5w.jpg 80w, https:\/\/gfx.nrk.no\/9pvNzmjWMAftBoIIO5Uq3An12AQ3BOKvlZghb_5Qhc5w.jpg 160w, https:\/\/gfx.nrk.no\/9pvNzmjWMAftBoIIO5Uq3Azlhd4_fwgChZghb_5Qhc5w.jpg 350w, https:\/\/gfx.nrk.no\/9pvNzmjWMAftBoIIO5Uq3AOYOAk2QHWHpZghb_5Qhc5w.jpg 450w, https:\/\/gfx.nrk.no\/9pvNzmjWMAftBoIIO5Uq3AU0oJlZzTXZhZghb_5Qhc5w.jpg 650w, https:\/\/gfx.nrk.no\/9pvNzmjWMAftBoIIO5Uq3AAr4bmAyuh-pZghb_5Qhc5w.jpg 1000w, https:\/\/gfx.nrk.no\/9pvNzmjWMAftBoIIO5Uq3Ac78EgaDecY9Zghb_5Qhc5w.jpg 1200w, https:\/\/gfx.nrk.no\/9pvNzmjWMAftBoIIO5Uq3A5MBjOAX-qCNZghb_5Qhc5w.jpg 1600w, https:\/\/gfx.nrk.no\/9pvNzmjWMAftBoIIO5Uq3AiqW0zNmRlZVZghb_5Qhc5w.jpg 2000w\" src=\"data:image\/gif;base64,R0lGODlhAQABAIAAAAAAAP\/\/\/yH5BAEAAAAALAAAAAABAAEAAAIBRAA7\" loading=\"eager\" alt=\"viser en mann i gul jakke foran flere lastebiler\" title=\"Foto: Lars Gunnar Eie \/ NRK\"\/><\/div><figcaption>\n<p class=\"\">\u00abDieselbr\u00f8let\u00bb-representant Jan-Erik Rafoss forteller at den planlagte aksjonen i helgen ble lagt p\u00e5 is grunnet kong Haralds d\u00f8d.<\/p>\n<p><small>Foto: Lars Gunnar Eie \/ NRK<\/small><br \/>\n<\/figcaption><\/figure>\n<p><!-- END: \/templates\/image\/image-rich.jsp -->\n<\/div>\n<p>Samtidig h\u00e5per han politikerne snur i tolvte time.<\/p>\n<p><strong>\u2013 Dessverre ser det d\u00e5rlig ut, og vi kommer til \u00e5 markere v\u00e5rt syn senere. Men det er ikke tiden for det akkurat n\u00e5.<\/strong><\/p>\n<h2>Vil g\u00e5 utover kundene<\/h2>\n<p>Helge Berg er transportleder i firmaet Tipp Frakt. Han sier de kommende avgiftene er skremmende.<\/p>\n<p>\u2013 Vi f\u00e5r med de nye avgiftene en kostnads\u00f8kning p\u00e5 rundt 600.000 kroner i m\u00e5neden, sier han.<\/p>\n<div id=\"1.18009177.bf4def40\" class=\"g100 col fc s10 sl12 sl18 sg6 sg9 image-reference image-reference--F11\"><!-- include: \/serum\/render?id=1.18009177&size=10&perspective=RICH&alignment=CENTER&caption=Helge+Berg+i+Tripp+frakt+sier+har+en+krevende+tid+i+m%C3%B8te.+&type=image&aspect=F11&parentSize=10 --><!-- START: \/templates\/image\/image-rich.jsp --><\/p>\n<figure class=\"image widget rich\">\n<div class=\"responsive-img F11\"><img decoding=\"async\" sizes=\"(min-width:1180px) 639px, (min-width:720px) 56vw, 100vw\" srcset=\"https:\/\/gfx.nrk.no\/Xyj265SOuW2weJbWpD-UCAGICHeI3kGoAOgrcp5M7JOQ.jpg 80w, https:\/\/gfx.nrk.no\/Xyj265SOuW2weJbWpD-UCAwY6pMLfpc4AOgrcp5M7JOQ.jpg 160w, https:\/\/gfx.nrk.no\/Xyj265SOuW2weJbWpD-UCAMyGkQC2-aXgOgrcp5M7JOQ.jpg 350w, https:\/\/gfx.nrk.no\/Xyj265SOuW2weJbWpD-UCAVQa_HMZMxUMOgrcp5M7JOQ.jpg 450w, https:\/\/gfx.nrk.no\/Xyj265SOuW2weJbWpD-UCA5rUOHXkf7PoOgrcp5M7JOQ.jpg 650w, https:\/\/gfx.nrk.no\/Xyj265SOuW2weJbWpD-UCAnCAVa-l2jD4Ogrcp5M7JOQ.jpg 1000w, https:\/\/gfx.nrk.no\/Xyj265SOuW2weJbWpD-UCAHL6gdp15dSwOgrcp5M7JOQ.jpg 1200w, https:\/\/gfx.nrk.no\/Xyj265SOuW2weJbWpD-UCA-XI6XpZPyhcOgrcp5M7JOQ.jpg 1600w, https:\/\/gfx.nrk.no\/Xyj265SOuW2weJbWpD-UCAJ186u1vBH3UOgrcp5M7JOQ.jpg 2000w\" src=\"data:image\/gif;base64,R0lGODlhAQABAIAAAAAAAP\/\/\/yH5BAEAAAAALAAAAAABAAEAAAIBRAA7\" loading=\"eager\" alt=\"Helge Berg i Tipp-Frakt\" title=\"Foto: Tom Ole Buaas \/ NRK\"\/><\/div><figcaption>\n<p class=\"\">Helge Berg i Tripp frakt sier har en krevende tid i m\u00f8te. <\/p>\n<p><small>Foto: Tom Ole Buaas \/ NRK<\/small><br \/>\n<\/figcaption><\/figure>\n<p><!-- END: \/templates\/image\/image-rich.jsp -->\n<\/div>\n<p>Det betyr at prisene m\u00e5 \u00f8kes for at hjulene skal g\u00e5 rundt.<\/p>\n<p>\u2013 Kundene merker det med en gang. Det blir mer usikkert n\u00e5, sier han.<\/p>\n<p>Det at avgiftene kommer tilbake f\u00f8r h\u00f8sten, er nok et slag i trynet, mener han.<\/p>\n<p>\u2013 Det er f\u00e6rre oppdrag p\u00e5 vinteren. Det blir en krevende tid i m\u00f8te, sier Berg.<\/p>\n<div id=\"1.18009545.e480e839\" class=\"g100 col fc s10 sl12 sl18 sg6 sg9 image-reference image-reference--F169\"><!-- include: \/serum\/render?id=1.18009545&size=10&perspective=RICH&alignment=CENTER&caption=P%C3%A5+Frei+i+Kristiansund+var+det+lange+k%C3%B8er+for+%C3%A5+fylle+drivstoff+i+ettermiddag.+&type=image&aspect=F169&parentSize=10 --><!-- START: \/templates\/image\/image-rich.jsp --><\/p>\n<figure class=\"image widget rich\">\n<div class=\"responsive-img F169\"><img decoding=\"async\" sizes=\"(min-width:1180px) 639px, (min-width:720px) 56vw, 100vw\" srcset=\"https:\/\/gfx.nrk.no\/SoSAoqhoeN1PlWk9rEhRjw0fs80vh4CIXqEUVtJy6KtQ.jpg 80w, https:\/\/gfx.nrk.no\/SoSAoqhoeN1PlWk9rEhRjwt8jjWcTw4JzqEUVtJy6KtQ.jpg 160w, https:\/\/gfx.nrk.no\/SoSAoqhoeN1PlWk9rEhRjw9GS0bMQfMz3qEUVtJy6KtQ.jpg 350w, https:\/\/gfx.nrk.no\/SoSAoqhoeN1PlWk9rEhRjw0WuesmFTJN7qEUVtJy6KtQ.jpg 450w, https:\/\/gfx.nrk.no\/SoSAoqhoeN1PlWk9rEhRjwVZceaOqeZ4PqEUVtJy6KtQ.jpg 650w, https:\/\/gfx.nrk.no\/SoSAoqhoeN1PlWk9rEhRjwr4UTgfLJH2TqEUVtJy6KtQ.jpg 1000w, https:\/\/gfx.nrk.no\/SoSAoqhoeN1PlWk9rEhRjwEY4hgNl1faTqEUVtJy6KtQ.jpg 1200w, https:\/\/gfx.nrk.no\/SoSAoqhoeN1PlWk9rEhRjwLXJXpyDNXRDqEUVtJy6KtQ.jpg 1600w, https:\/\/gfx.nrk.no\/SoSAoqhoeN1PlWk9rEhRjw6IE0qFW1dOHqEUVtJy6KtQ.jpg 2000w\" src=\"data:image\/gif;base64,R0lGODlhAQABAIAAAAAAAP\/\/\/yH5BAEAAAAALAAAAAABAAEAAAIBRAA7\" loading=\"eager\" alt=\"K\u00f8 foran pumpene p\u00e5 Haltbakk express p\u00e5 Storbakken p\u00e5 Frei f\u00f8r prisen g\u00e5r opp ved midnatt \" title=\"Foto: Eirik Haukenes \/ NRK\"\/><\/div><figcaption>\n<p class=\"\">P\u00e5 Frei i Kristiansund var det lange k\u00f8er for \u00e5 fylle drivstoff i ettermiddag. <\/p>\n<p><small>Foto: Eirik Haukenes \/ NRK<\/small><br \/>\n<\/figcaption><\/figure>\n<p><!-- END: \/templates\/image\/image-rich.jsp -->\n<\/div>\n<h2>S\u00e5 mye drivstoff kan du lagre<\/h2>\n<p>If\u00f8lge Espen Jensen, seksjonssjef for farlig stoff og industrisikkerhet i DSB, er det strengt regulert hvor mye bensin du kan ha hjemme.<\/p>\n<p>\u2013 Det er lov \u00e5 lagre inntil ti liter bensin i selve boenheten, og inntil 50 liter i garasje eller uthus. Den \u00f8vre grensen er satt til maksimalt 60 liter per boenhet, sier han.<\/p>\n<p>Det finnes ingen \u00f8vre grense for hvor mye diesel man kan lagre.<\/p>\n<p>\u2013 Vi tenker det kan v\u00e6re en god id\u00e9 \u00e5 lagre drivstoff, men man skal tenke godt gjennom sikkerheten f\u00f8r man setter i gang, sier Jensen.<\/p>\n<div id=\"1.18009346.25dafb07\" class=\"g100 col fc s10 sl12 sl18 sg6 sg9 image-reference image-reference--ORIGINAL\"><!-- include: \/serum\/render?id=1.18009346&size=10&perspective=RICH&alignment=CENTER&caption=Espen+Jensen%2C+seksjonssjef+i+DSB%2C+sier+det+er+strengt+regulert+hvor+mye+bensin+du+kan+ha+hjemme.+&type=image&aspect=ORIGINAL&parentSize=10 --><!-- START: \/templates\/image\/image-rich.jsp --><\/p>\n<figure class=\"image widget rich\">\n<div style=\"padding-bottom:66.66667%;\" class=\"responsive-img ORIGINAL\"><img decoding=\"async\" sizes=\"(min-width:1180px) 639px, (min-width:720px) 56vw, 100vw\" srcset=\"https:\/\/gfx.nrk.no\/zjEkmz4hl3lLQRfNHTb5fQWrJzCJKI5Lbu8gVHbD0KFQ.jpg 80w, https:\/\/gfx.nrk.no\/zjEkmz4hl3lLQRfNHTb5fQjnu6dQUXWxzu8gVHbD0KFQ.jpg 160w, https:\/\/gfx.nrk.no\/zjEkmz4hl3lLQRfNHTb5fQABYdKCmY1Pru8gVHbD0KFQ.jpg 350w, https:\/\/gfx.nrk.no\/zjEkmz4hl3lLQRfNHTb5fQ1X2Xdhv954ru8gVHbD0KFQ.jpg 450w, https:\/\/gfx.nrk.no\/zjEkmz4hl3lLQRfNHTb5fQzvqkEizj4rbu8gVHbD0KFQ.jpg 650w, https:\/\/gfx.nrk.no\/zjEkmz4hl3lLQRfNHTb5fQAFjfxclWN_Du8gVHbD0KFQ.jpg 1000w, https:\/\/gfx.nrk.no\/zjEkmz4hl3lLQRfNHTb5fQreCl73ajYTfu8gVHbD0KFQ.jpg 1200w, https:\/\/gfx.nrk.no\/zjEkmz4hl3lLQRfNHTb5fQ0vTVpT0Qn3vu8gVHbD0KFQ.jpg 1600w, https:\/\/gfx.nrk.no\/zjEkmz4hl3lLQRfNHTb5fQO9HmLIe6ZKbu8gVHbD0KFQ.jpg 2000w\" src=\"data:image\/gif;base64,R0lGODlhAQABAIAAAAAAAP\/\/\/yH5BAEAAAAALAAAAAABAAEAAAIBRAA7\" loading=\"eager\" alt=\"Espen Jensen, seksjonssjef DSB, st\u00e5r foran logoen og ser rett inn mot kamera. \" title=\"Foto: Theo Aasland Valen \/ NRK\"\/><\/div><figcaption>\n<p class=\"\">Espen Jensen, seksjonssjef i DSB, sier det er strengt regulert hvor mye bensin du kan ha hjemme. <\/p>\n<p><small>Foto: Theo Aasland Valen \/ NRK<\/small><br \/>\n<\/figcaption><\/figure>\n<p><!-- END: \/templates\/image\/image-rich.jsp -->\n<\/div>\n<p>Det er mye man skal passe p\u00e5, og det stiller store krav til aktsomhet.<\/p>\n<p>\u2013 Drivstoffet m\u00e5 ikke plasseres i n\u00e6rheten av varme kilder eller brennbart stoff, og god utlufting er avgj\u00f8rende for \u00e5 hindre gassdanning.<\/p>\n<p>DSB ber folk gj\u00f8re grundige vurderinger av omgivelsene f\u00f8r de plasserer beholderne.<\/p>\n<p>\u2013 Man m\u00e5 gj\u00f8re gode vurderinger av hvor man lagrer, og tenke p\u00e5 omgivelsene rundt, sier han.<\/p>\n<p><!-- include: \/serum\/render?id=1.16930046&size=18&perspective=RICH&alignment=AUTO --><!-- START: \/templates\/section\/section.jsp --><\/p>\n<p><!-- END: \/templates\/section\/section.jsp -->\n<\/div>\n<p>\n<span class=\"article-publish-date publish-date \"><br \/>\n<span class=\"article-dateline-annotation\">Publisert<\/span><br \/>\n<time class=\"datetime-absolute datePublished\" datetime=\"2026-08-31T19:41:07+02:00\"><br \/>\n31.08.2026, kl. 19.41<br \/>\n<\/time><br \/>\n<\/span>\n<\/p>\n<p><br \/>\n<br \/><a href=\"https:\/\/www.nrk.no\/rogaland\/drivstoffavgiftene-oker-ved-midnatt_-na-hamstrer-folk-drivstoff-1.18009016\">Kildelink <\/a><\/p>","protected":false},"excerpt":{"rendered":"<p>\u2013 N\u00e5 har vi hamstret inn, og har drivstoff til maskinene i ett \u00e5r. Vidar Nedreb\u00f8 kj\u00f8pte i forrige uke sin andre drivstofftank. N\u00e5 har han fylt opp begge tankene, og har 4500 liter diesel lagret. \u2013 Norsk matproduksjon blir dyrere, og jeg er redd for at dette vil merkes ellers i samfunnet, sier Nedreb\u00f8. [&hellip;]<\/p>","protected":false},"author":1,"featured_media":20048,"comment_status":"","ping_status":"","sticky":false,"template":"","format":"standard","meta":{"footnotes":""},"categories":[108],"tags":[],"tmauthors":[],"class_list":["post-20047","post","type-post","status-publish","format-standard","has-post-thumbnail","category-lokalnyheter"],"_links":{"self":[{"href":"https:\/\/radiostavanger.no\/index.php?rest_route=\/wp\/v2\/posts\/20047","targetHints":{"allow":["GET"]}}],"collection":[{"href":"https:\/\/radiostavanger.no\/index.php?rest_route=\/wp\/v2\/posts"}],"about":[{"href":"https:\/\/radiostavanger.no\/index.php?rest_route=\/wp\/v2\/types\/post"}],"author":[{"embeddable":true,"href":"https:\/\/radiostavanger.no\/index.php?rest_route=\/wp\/v2\/users\/1"}],"replies":[{"embeddable":true,"href":"https:\/\/radiostavanger.no\/index.php?rest_route=%2Fwp%2Fv2%2Fcomments&post=20047"}],"version-history":[{"count":0,"href":"https:\/\/radiostavanger.no\/index.php?rest_route=\/wp\/v2\/posts\/20047\/revisions"}],"wp:featuredmedia":[{"embeddable":true,"href":"https:\/\/radiostavanger.no\/index.php?rest_route=\/wp\/v2\/media\/20048"}],"wp:attachment":[{"href":"https:\/\/radiostavanger.no\/index.php?rest_route=%2Fwp%2Fv2%2Fmedia&parent=20047"}],"wp:term":[{"taxonomy":"category","embeddable":true,"href":"https:\/\/radiostavanger.no\/index.php?rest_route=%2Fwp%2Fv2%2Fcategories&post=20047"},{"taxonomy":"post_tag","embeddable":true,"href":"https:\/\/radiostavanger.no\/index.php?rest_route=%2Fwp%2Fv2%2Ftags&post=20047"},{"taxonomy":"tmauthors","embeddable":true,"href":"https:\/\/radiostavanger.no\/index.php?rest_route=%2Fwp%2Fv2%2Ftmauthors&post=20047"}],"curies":[{"name":"wp","href":"https:\/\/api.w.org\/{rel}","templated":true}]}}