{"id":20051,"date":"2026-08-31T18:22:02","date_gmt":"2026-08-31T18:22:02","guid":{"rendered":"https:\/\/radiostavanger.no\/?p=20051"},"modified":"2026-08-31T18:22:02","modified_gmt":"2026-08-31T18:22:02","slug":"vaepnet-politiaksjon-pa-karmoy-tre-ungdommer-involvert-i-trusselsak","status":"publish","type":"post","link":"https:\/\/radiostavanger.no\/?p=20051","title":{"rendered":"V\u00e6pnet politiaksjon p\u00e5 Karm\u00f8y: Tre ungdommer involvert i trusselsak"},"content":{"rendered":"<p><br \/>\n<br \/><strong>S\u00f8ndag kveld rykket tungt bev\u00e6pnet politi ut til Syre p\u00e5 S\u00f8r-Karm\u00f8y etter melding om en mulig trusselsituasjon. To personer ble p\u00e5grepet p\u00e5 stedet etter at politiet blant annet stormet over et jorde under aksjonen.<\/strong> Krim: Politiet bekrefter n\u00e5 at de to p\u00e5grepne er formelt siktet for trusler. B\u00e5de de siktede og den forn\u00e6rmede i saken er i slutten av ten\u00e5rene. Det er ikke meldt om personskader, skriver Haugesunds avis. S\u00f8r-Vest politidistrikt holder enn s\u00e5 lenge kortene tett til brystet ang\u00e5ende de konkrete detaljene i saken. \u2013 Jeg \u00f8nsker ikke [&#8230;]<br \/>\n<br \/><br \/>\n<br \/><a href=\"https:\/\/radioh.no\/vaepnet-politiaksjon-pa-karmoy-tre-ungdommer-involvert-i-trusselsak\/\">Kilde <\/a><\/p>","protected":false},"excerpt":{"rendered":"<p>S\u00f8ndag kveld rykket tungt bev\u00e6pnet politi ut til Syre p\u00e5 S\u00f8r-Karm\u00f8y etter melding om en mulig trusselsituasjon. To personer ble p\u00e5grepet p\u00e5 stedet etter at politiet blant annet stormet over et jorde under aksjonen. Krim: Politiet bekrefter n\u00e5 at de to p\u00e5grepne er formelt siktet for trusler. B\u00e5de de siktede og den forn\u00e6rmede i saken [&hellip;]<\/p>","protected":false},"author":1,"featured_media":20052,"comment_status":"","ping_status":"","sticky":false,"template":"","format":"standard","meta":{"footnotes":""},"categories":[107],"tags":[],"tmauthors":[],"class_list":["post-20051","post","type-post","status-publish","format-standard","has-post-thumbnail","category-nyheter"],"_links":{"self":[{"href":"https:\/\/radiostavanger.no\/index.php?rest_route=\/wp\/v2\/posts\/20051","targetHints":{"allow":["GET"]}}],"collection":[{"href":"https:\/\/radiostavanger.no\/index.php?rest_route=\/wp\/v2\/posts"}],"about":[{"href":"https:\/\/radiostavanger.no\/index.php?rest_route=\/wp\/v2\/types\/post"}],"author":[{"embeddable":true,"href":"https:\/\/radiostavanger.no\/index.php?rest_route=\/wp\/v2\/users\/1"}],"replies":[{"embeddable":true,"href":"https:\/\/radiostavanger.no\/index.php?rest_route=%2Fwp%2Fv2%2Fcomments&post=20051"}],"version-history":[{"count":0,"href":"https:\/\/radiostavanger.no\/index.php?rest_route=\/wp\/v2\/posts\/20051\/revisions"}],"wp:featuredmedia":[{"embeddable":true,"href":"https:\/\/radiostavanger.no\/index.php?rest_route=\/wp\/v2\/media\/20052"}],"wp:attachment":[{"href":"https:\/\/radiostavanger.no\/index.php?rest_route=%2Fwp%2Fv2%2Fmedia&parent=20051"}],"wp:term":[{"taxonomy":"category","embeddable":true,"href":"https:\/\/radiostavanger.no\/index.php?rest_route=%2Fwp%2Fv2%2Fcategories&post=20051"},{"taxonomy":"post_tag","embeddable":true,"href":"https:\/\/radiostavanger.no\/index.php?rest_route=%2Fwp%2Fv2%2Ftags&post=20051"},{"taxonomy":"tmauthors","embeddable":true,"href":"https:\/\/radiostavanger.no\/index.php?rest_route=%2Fwp%2Fv2%2Ftmauthors&post=20051"}],"curies":[{"name":"wp","href":"https:\/\/api.w.org\/{rel}","templated":true}]}}