{"id":20065,"date":"2026-08-31T19:23:56","date_gmt":"2026-08-31T19:23:56","guid":{"rendered":"https:\/\/radiostavanger.no\/?p=20065"},"modified":"2026-08-31T19:23:56","modified_gmt":"2026-08-31T19:23:56","slug":"redusert-straff-for-norsk-russer-som-er-domt-for-krigsforbrytelser-i-ukraina-radio-stavanger","status":"publish","type":"post","link":"https:\/\/radiostavanger.no\/?p=20065","title":{"rendered":"Redusert straff for norsk-russer som er d\u00f8mt for krigsforbrytelser i Ukraina \u2013 Radio Stavanger"},"content":{"rendered":"<p><br \/>\n<\/p>\n<div id=\"mvp-content-main\">\n<p class=\"radioh-ingress\"><strong>Norsk-russiske Jan Petrovskij, som kaller seg Voislav Torden, ble i fjor livstidsd\u00f8mt i Finland, men har n\u00e5 f\u00e5tt straffen redusert til tolv og et halvt \u00e5rs fengsel.<\/strong>\n<\/p>\n<p><strong>Ukraina<\/strong>: 39-\u00e5ringen ble d\u00f8mt i Finland i fjor, der en ankedomstol mandag reduserte straffen. Ankedomstolen mener han er skyldig i \u00e5 ha deltatt i et bakholdsangrep i 2014 der 22 ukrainske soldater ble drept, noe han ble frifunnet for i f\u00f8rste rettsrunde.\n<\/p>\n<p>I angrepet skal han og flere andre ha brukt et ukrainsk flagg for \u00e5 lure ukrainske soldater f\u00f8r de \u00e5pnet ild.\n<\/p>\n<p>Straffen ble likevel redusert, da ankedomstolen frifant ham for \u00e5 ha skutt en s\u00e5ret ukrainsk soldat og for lemlestelse.\n<\/p>\n<p>Petrovskij var del av et h\u00f8yreekstremt milj\u00f8 i Norge f\u00f8r han angivelig grunnla en paramilit\u00e6r gruppe som kjempet i \u00d8st-Ukraina. Han ble p\u00e5grepet i Finland p\u00e5 Ukrainas anmodning i 2023 da han pr\u00f8vde \u00e5 reise til Frankrike. Senere stanset finsk h\u00f8yesterett utlevering av ham til Ukraina.<\/p>\n<p>(\u00a9NTB)\n<\/p>\n<\/p><\/div>\n<p><script async defer crossorigin=\"anonymous\" data-lazy=\"w3tc\" data-src=\"https:\/\/connect.facebook.net\/nb_NO\/sdk.js#xfbml=1&#038;version=v18.0\"><\/script><br \/>\n<br \/><br \/>\n<br \/><a href=\"https:\/\/radioh.no\/redusert-straff-for-norsk-russer-som-er-domt-for-krigsforbrytelser-i-ukraina\/\">Kilde <\/a><\/p>","protected":false},"excerpt":{"rendered":"<p>Norsk-russiske Jan Petrovskij, som kaller seg Voislav Torden, ble i fjor livstidsd\u00f8mt i Finland, men har n\u00e5 f\u00e5tt straffen redusert til tolv og et halvt \u00e5rs fengsel. Ukraina: 39-\u00e5ringen ble d\u00f8mt i Finland i fjor, der en ankedomstol mandag reduserte straffen. Ankedomstolen mener han er skyldig i \u00e5 ha deltatt i et bakholdsangrep i 2014 [&hellip;]<\/p>","protected":false},"author":1,"featured_media":20066,"comment_status":"","ping_status":"","sticky":false,"template":"","format":"standard","meta":{"footnotes":""},"categories":[107],"tags":[],"tmauthors":[],"class_list":["post-20065","post","type-post","status-publish","format-standard","has-post-thumbnail","category-nyheter"],"_links":{"self":[{"href":"https:\/\/radiostavanger.no\/index.php?rest_route=\/wp\/v2\/posts\/20065","targetHints":{"allow":["GET"]}}],"collection":[{"href":"https:\/\/radiostavanger.no\/index.php?rest_route=\/wp\/v2\/posts"}],"about":[{"href":"https:\/\/radiostavanger.no\/index.php?rest_route=\/wp\/v2\/types\/post"}],"author":[{"embeddable":true,"href":"https:\/\/radiostavanger.no\/index.php?rest_route=\/wp\/v2\/users\/1"}],"replies":[{"embeddable":true,"href":"https:\/\/radiostavanger.no\/index.php?rest_route=%2Fwp%2Fv2%2Fcomments&post=20065"}],"version-history":[{"count":0,"href":"https:\/\/radiostavanger.no\/index.php?rest_route=\/wp\/v2\/posts\/20065\/revisions"}],"wp:featuredmedia":[{"embeddable":true,"href":"https:\/\/radiostavanger.no\/index.php?rest_route=\/wp\/v2\/media\/20066"}],"wp:attachment":[{"href":"https:\/\/radiostavanger.no\/index.php?rest_route=%2Fwp%2Fv2%2Fmedia&parent=20065"}],"wp:term":[{"taxonomy":"category","embeddable":true,"href":"https:\/\/radiostavanger.no\/index.php?rest_route=%2Fwp%2Fv2%2Fcategories&post=20065"},{"taxonomy":"post_tag","embeddable":true,"href":"https:\/\/radiostavanger.no\/index.php?rest_route=%2Fwp%2Fv2%2Ftags&post=20065"},{"taxonomy":"tmauthors","embeddable":true,"href":"https:\/\/radiostavanger.no\/index.php?rest_route=%2Fwp%2Fv2%2Ftmauthors&post=20065"}],"curies":[{"name":"wp","href":"https:\/\/api.w.org\/{rel}","templated":true}]}}