{"id":20067,"date":"2026-08-31T19:31:02","date_gmt":"2026-08-31T19:31:02","guid":{"rendered":"https:\/\/radiostavanger.no\/?p=20067"},"modified":"2026-08-31T19:31:02","modified_gmt":"2026-08-31T19:31:02","slug":"profilerte-artister-slar-ring-om-tono-sammen-er-vi-sterkest-radio-stavanger","status":"publish","type":"post","link":"https:\/\/radiostavanger.no\/?p=20067","title":{"rendered":"Profilerte artister sl\u00e5r ring om TONO \u2013 \u00absammen er vi sterkest\u00bb \u2013 Radio Stavanger"},"content":{"rendered":"<p><br \/>\n<\/p>\n<div id=\"mvp-content-main\">\n<p class=\"radioh-ingress\"><strong>Bj\u00f8rn Eidsv\u00e5g, Janove Ottesen og flere profilerte artister sl\u00e5r ring om Tono etter sommerens oppr\u00f8r og utmeldinger.<\/strong>\n<\/p>\n<p><strong>Innenriks<\/strong>: I et nytt opprop advarer de mot konsekvensene dersom de st\u00f8rste inntektsbringerne forlater fellesskapet.\n<\/p>\n<p>\u2013 Vi \u00f8nsker \u00e5 kommunisere at et sterkt Tono kommer oss alle til gode, sier Bj\u00f8rn Eidsv\u00e5g til VG.\n<\/p>\n<p>Under overskriften \u00abSammen er vi sterkest\u00bb sl\u00e5r artister som Bj\u00f8rn Eidsv\u00e5g, Kaizers-vokalist Janove Ottesen, Eva Weel Skram, Stein Torleif Bjella og Frida \u00c5nnevik fast at de \u00f8nsker \u00e5 ta vare p\u00e5 Tono som en sterk fellesarena.\n<\/p>\n<p>Opphavsrettsorganisasjonen forvalter opphavsrett til musikk p\u00e5 vegne av komponister, tekstforfattere og musikkforlag og krever \u00e5rlig inn rundt 1,1 milliarder kroner i rettighetspenger.<\/p>\n<p>Artistene mener fellesmidlene m\u00e5 bevares fordi stipender og st\u00f8tteordninger er avgj\u00f8rende for \u00e5 rekruttere nye talent og skape ny musikk.\n<\/p>\n<p>Saken kommer opp p\u00e5 et ekstraordin\u00e6rt \u00e5rsm\u00f8te tirsdag kveld.\n<\/p>\n<p>(\u00a9NTB)\n<\/p>\n<\/p><\/div>\n<p><script async defer crossorigin=\"anonymous\" data-lazy=\"w3tc\" data-src=\"https:\/\/connect.facebook.net\/nb_NO\/sdk.js#xfbml=1&#038;version=v18.0\"><\/script><br \/>\n<br \/><br \/>\n<br \/><a href=\"https:\/\/radioh.no\/profilerte-artister-slar-ring-om-tono-sammen-er-vi-sterkest\/\">Kilde <\/a><\/p>","protected":false},"excerpt":{"rendered":"<p>Bj\u00f8rn Eidsv\u00e5g, Janove Ottesen og flere profilerte artister sl\u00e5r ring om Tono etter sommerens oppr\u00f8r og utmeldinger. Innenriks: I et nytt opprop advarer de mot konsekvensene dersom de st\u00f8rste inntektsbringerne forlater fellesskapet. \u2013 Vi \u00f8nsker \u00e5 kommunisere at et sterkt Tono kommer oss alle til gode, sier Bj\u00f8rn Eidsv\u00e5g til VG. Under overskriften \u00abSammen er [&hellip;]<\/p>","protected":false},"author":1,"featured_media":20068,"comment_status":"","ping_status":"","sticky":false,"template":"","format":"standard","meta":{"footnotes":""},"categories":[107],"tags":[],"tmauthors":[],"class_list":["post-20067","post","type-post","status-publish","format-standard","has-post-thumbnail","category-nyheter"],"_links":{"self":[{"href":"https:\/\/radiostavanger.no\/index.php?rest_route=\/wp\/v2\/posts\/20067","targetHints":{"allow":["GET"]}}],"collection":[{"href":"https:\/\/radiostavanger.no\/index.php?rest_route=\/wp\/v2\/posts"}],"about":[{"href":"https:\/\/radiostavanger.no\/index.php?rest_route=\/wp\/v2\/types\/post"}],"author":[{"embeddable":true,"href":"https:\/\/radiostavanger.no\/index.php?rest_route=\/wp\/v2\/users\/1"}],"replies":[{"embeddable":true,"href":"https:\/\/radiostavanger.no\/index.php?rest_route=%2Fwp%2Fv2%2Fcomments&post=20067"}],"version-history":[{"count":0,"href":"https:\/\/radiostavanger.no\/index.php?rest_route=\/wp\/v2\/posts\/20067\/revisions"}],"wp:featuredmedia":[{"embeddable":true,"href":"https:\/\/radiostavanger.no\/index.php?rest_route=\/wp\/v2\/media\/20068"}],"wp:attachment":[{"href":"https:\/\/radiostavanger.no\/index.php?rest_route=%2Fwp%2Fv2%2Fmedia&parent=20067"}],"wp:term":[{"taxonomy":"category","embeddable":true,"href":"https:\/\/radiostavanger.no\/index.php?rest_route=%2Fwp%2Fv2%2Fcategories&post=20067"},{"taxonomy":"post_tag","embeddable":true,"href":"https:\/\/radiostavanger.no\/index.php?rest_route=%2Fwp%2Fv2%2Ftags&post=20067"},{"taxonomy":"tmauthors","embeddable":true,"href":"https:\/\/radiostavanger.no\/index.php?rest_route=%2Fwp%2Fv2%2Ftmauthors&post=20067"}],"curies":[{"name":"wp","href":"https:\/\/api.w.org\/{rel}","templated":true}]}}