{"id":20071,"date":"2026-08-31T20:14:03","date_gmt":"2026-08-31T20:14:03","guid":{"rendered":"https:\/\/radiostavanger.no\/?p=20071"},"modified":"2026-08-31T20:14:03","modified_gmt":"2026-08-31T20:14:03","slug":"fransk-domstol-beordrer-festival-til-a-vise-gaza-bilde-radio-stavanger","status":"publish","type":"post","link":"https:\/\/radiostavanger.no\/?p=20071","title":{"rendered":"Fransk domstol beordrer festival til \u00e5 vise Gaza-bilde \u2013 Radio Stavanger"},"content":{"rendered":"<p><br \/>\n<\/p>\n<div id=\"mvp-content-main\">\n<p class=\"radioh-ingress\"><strong>En domstol i Frankrike har gitt en kjent fotofestival ordre om \u00e5 vise et bilde fra Gazastripen som ble tatt ned halvveis inn i utstillingen.<\/strong>\n<\/p>\n<p><strong>Utenriks<\/strong>: Arrang\u00f8rene av sportsbildefestivalen i Deauville fjernet fotografiet fra utstillingen i all stillhet. Bildet viser to lag p\u00e5 en fotballbane omringet av ruiner og er tatt av den palestinske fotografen Jehad Alshrafi for det amerikanske nyhetsbyr\u00e5et AP.\n<\/p>\n<p>En advokat for myndighetene i den franske badebyen, Marie-Therese Sur-Le Liboux, forsvarer beslutningen. Den begrunnes med risikoen for offentlig uro, og if\u00f8lge Liboux hadde myndighetene sett \u00aben b\u00f8lge med hat\u00bb i sosiale medier. Hun gir ingen eksempler p\u00e5 dette.\n<\/p>\n<p>Mandag ble det klart at domstolen tilsidesetter instruksen fra Deauvilles ordf\u00f8rer fra 20. august, som retten beskriver som verken n\u00f8dvendig eller forholdsmessig.\n<\/p>\n<p>Utstillingen, som handler om sportslige verdier, \u00e5pnet i juni og skulle etter planen vare til 6. september.<\/p>\n<p>Byr\u00e5krater i Deauville framholdt i retten at det ville ta seks dager \u00e5 printe ut bildet igjen og stille det ut. Agnes Tricoire, som leder ytringsfrihetsorganisasjonen OLC som brakte saken for retten, sier det vil v\u00e6re en skandale dersom originalbildet er blitt \u00f8delagt. Hun lover at siste ord ikke er sagt i saken.\n<\/p>\n<p>Blant dem som har ford\u00f8mt fjerningen av bildet, er organisasjonen Reportere uten grenser (RSF), som har kalt det et fors\u00f8k p\u00e5 sensur.\n<\/p>\n<p>(\u00a9NTB)\n<\/p>\n<\/p><\/div>\n<p><script async defer crossorigin=\"anonymous\" data-lazy=\"w3tc\" data-src=\"https:\/\/connect.facebook.net\/nb_NO\/sdk.js#xfbml=1&#038;version=v18.0\"><\/script><br \/>\n<br \/><br \/>\n<br \/><a href=\"https:\/\/radioh.no\/fransk-domstol-beordrer-festival-til-a-vise-gaza-bilde\/\">Kilde <\/a><\/p>","protected":false},"excerpt":{"rendered":"<p>En domstol i Frankrike har gitt en kjent fotofestival ordre om \u00e5 vise et bilde fra Gazastripen som ble tatt ned halvveis inn i utstillingen. Utenriks: Arrang\u00f8rene av sportsbildefestivalen i Deauville fjernet fotografiet fra utstillingen i all stillhet. Bildet viser to lag p\u00e5 en fotballbane omringet av ruiner og er tatt av den palestinske fotografen [&hellip;]<\/p>","protected":false},"author":1,"featured_media":20072,"comment_status":"","ping_status":"","sticky":false,"template":"","format":"standard","meta":{"footnotes":""},"categories":[107],"tags":[],"tmauthors":[],"class_list":["post-20071","post","type-post","status-publish","format-standard","has-post-thumbnail","category-nyheter"],"_links":{"self":[{"href":"https:\/\/radiostavanger.no\/index.php?rest_route=\/wp\/v2\/posts\/20071","targetHints":{"allow":["GET"]}}],"collection":[{"href":"https:\/\/radiostavanger.no\/index.php?rest_route=\/wp\/v2\/posts"}],"about":[{"href":"https:\/\/radiostavanger.no\/index.php?rest_route=\/wp\/v2\/types\/post"}],"author":[{"embeddable":true,"href":"https:\/\/radiostavanger.no\/index.php?rest_route=\/wp\/v2\/users\/1"}],"replies":[{"embeddable":true,"href":"https:\/\/radiostavanger.no\/index.php?rest_route=%2Fwp%2Fv2%2Fcomments&post=20071"}],"version-history":[{"count":0,"href":"https:\/\/radiostavanger.no\/index.php?rest_route=\/wp\/v2\/posts\/20071\/revisions"}],"wp:featuredmedia":[{"embeddable":true,"href":"https:\/\/radiostavanger.no\/index.php?rest_route=\/wp\/v2\/media\/20072"}],"wp:attachment":[{"href":"https:\/\/radiostavanger.no\/index.php?rest_route=%2Fwp%2Fv2%2Fmedia&parent=20071"}],"wp:term":[{"taxonomy":"category","embeddable":true,"href":"https:\/\/radiostavanger.no\/index.php?rest_route=%2Fwp%2Fv2%2Fcategories&post=20071"},{"taxonomy":"post_tag","embeddable":true,"href":"https:\/\/radiostavanger.no\/index.php?rest_route=%2Fwp%2Fv2%2Ftags&post=20071"},{"taxonomy":"tmauthors","embeddable":true,"href":"https:\/\/radiostavanger.no\/index.php?rest_route=%2Fwp%2Fv2%2Ftmauthors&post=20071"}],"curies":[{"name":"wp","href":"https:\/\/api.w.org\/{rel}","templated":true}]}}