{"id":20073,"date":"2026-08-31T20:25:55","date_gmt":"2026-08-31T20:25:55","guid":{"rendered":"https:\/\/radiostavanger.no\/?p=20073"},"modified":"2026-08-31T20:25:55","modified_gmt":"2026-08-31T20:25:55","slug":"sykkelkongen-pogacar-operert-etter-skrekkvelten-i-vueltaen-vm-i-det-bla-radio-stavanger","status":"publish","type":"post","link":"https:\/\/radiostavanger.no\/?p=20073","title":{"rendered":"Sykkelkongen Pogacar operert etter skrekkvelten i Vueltaen \u2013 VM i det bl\u00e5 \u2013 Radio Stavanger"},"content":{"rendered":"<p><br \/>\n<\/p>\n<div id=\"mvp-content-main\">\n<p class=\"radioh-ingress\"><strong>Sykkelstjernen Tadej Pogacar ble operert for brudd i kragebeinet mandag. N\u00e5 venter en periode med hvile og opptrening.<\/strong>\n<\/p>\n<p><strong>Sport<\/strong>: Det er slovenerens arbeidsgiver, UAE, som opplyser om at operasjonen er gjennomf\u00f8rt.\n<\/p>\n<p>\u00abInngrepet gikk bra, og han vil bli v\u00e6rende p\u00e5 sykehuset for overv\u00e5king i noen dager\u00bb, heter det i en uttalelse.\n<\/p>\n<p>Den femdobbelte Tour de France-vinneren vil deretter \u00abreise hjem for \u00e5 fortsette restitusjonen og rehabiliteringen under tilsyn av lagets medisinske personell\u00bb, skriver laget videre.\n<\/p>\n<p>Det spesifiseres ikke hvor lenge Pogacar vil v\u00e6re ute av spill, men det virker usannsynlig at den 27 \u00e5r gamle sloveneren vil kunne kunne v\u00e6re i form til \u00e5 forsvare VM-tittelen sin i Canada i slutten av september.<\/p>\n<p>Pogacar krasjet l\u00f8rdag under den \u00e5ttende etappen av Vuelta a Espana. Hendelsen skjedde litt over 30 kilometer fra m\u00e5lstreken i byen Xeraco.\n<\/p>\n<p>Han ledet p\u00e5 det tidspunktet rittet med hele tre minutter og 50 sekunder. Pogacar har aldri tidligere vunnet Vueltaen.\n<\/p>\n<p>(\u00a9NTB)\n<\/p>\n<\/p><\/div>\n<p><script async defer crossorigin=\"anonymous\" data-lazy=\"w3tc\" data-src=\"https:\/\/connect.facebook.net\/nb_NO\/sdk.js#xfbml=1&#038;version=v18.0\"><\/script><br \/>\n<br \/><br \/>\n<br \/><a href=\"https:\/\/radioh.no\/sykkelkongen-pogacar-operert-etter-skrekkvelten-i-vueltaen-vm-i-det-bla\/\">Kilde <\/a><\/p>","protected":false},"excerpt":{"rendered":"<p>Sykkelstjernen Tadej Pogacar ble operert for brudd i kragebeinet mandag. N\u00e5 venter en periode med hvile og opptrening. Sport: Det er slovenerens arbeidsgiver, UAE, som opplyser om at operasjonen er gjennomf\u00f8rt. \u00abInngrepet gikk bra, og han vil bli v\u00e6rende p\u00e5 sykehuset for overv\u00e5king i noen dager\u00bb, heter det i en uttalelse. Den femdobbelte Tour de [&hellip;]<\/p>","protected":false},"author":1,"featured_media":20074,"comment_status":"","ping_status":"","sticky":false,"template":"","format":"standard","meta":{"footnotes":""},"categories":[107],"tags":[],"tmauthors":[],"class_list":["post-20073","post","type-post","status-publish","format-standard","has-post-thumbnail","category-nyheter"],"_links":{"self":[{"href":"https:\/\/radiostavanger.no\/index.php?rest_route=\/wp\/v2\/posts\/20073","targetHints":{"allow":["GET"]}}],"collection":[{"href":"https:\/\/radiostavanger.no\/index.php?rest_route=\/wp\/v2\/posts"}],"about":[{"href":"https:\/\/radiostavanger.no\/index.php?rest_route=\/wp\/v2\/types\/post"}],"author":[{"embeddable":true,"href":"https:\/\/radiostavanger.no\/index.php?rest_route=\/wp\/v2\/users\/1"}],"replies":[{"embeddable":true,"href":"https:\/\/radiostavanger.no\/index.php?rest_route=%2Fwp%2Fv2%2Fcomments&post=20073"}],"version-history":[{"count":0,"href":"https:\/\/radiostavanger.no\/index.php?rest_route=\/wp\/v2\/posts\/20073\/revisions"}],"wp:featuredmedia":[{"embeddable":true,"href":"https:\/\/radiostavanger.no\/index.php?rest_route=\/wp\/v2\/media\/20074"}],"wp:attachment":[{"href":"https:\/\/radiostavanger.no\/index.php?rest_route=%2Fwp%2Fv2%2Fmedia&parent=20073"}],"wp:term":[{"taxonomy":"category","embeddable":true,"href":"https:\/\/radiostavanger.no\/index.php?rest_route=%2Fwp%2Fv2%2Fcategories&post=20073"},{"taxonomy":"post_tag","embeddable":true,"href":"https:\/\/radiostavanger.no\/index.php?rest_route=%2Fwp%2Fv2%2Ftags&post=20073"},{"taxonomy":"tmauthors","embeddable":true,"href":"https:\/\/radiostavanger.no\/index.php?rest_route=%2Fwp%2Fv2%2Ftmauthors&post=20073"}],"curies":[{"name":"wp","href":"https:\/\/api.w.org\/{rel}","templated":true}]}}