{"id":20075,"date":"2026-08-31T20:39:00","date_gmt":"2026-08-31T20:39:00","guid":{"rendered":"https:\/\/radiostavanger.no\/?p=20075"},"modified":"2026-08-31T20:39:00","modified_gmt":"2026-08-31T20:39:00","slug":"uenighet-om-borgfred-etter-vedum-utspill-radio-stavanger","status":"publish","type":"post","link":"https:\/\/radiostavanger.no\/?p=20075","title":{"rendered":"Uenighet om \u00abborgfred\u00bb etter Vedum-utspill \u2013 Radio Stavanger"},"content":{"rendered":"<p><br \/>\n<\/p>\n<div id=\"mvp-content-main\">\n<p class=\"radioh-ingress\"><strong>Fra kong Haralds bortgang og frem til gravferden skal partiene ha blitt enige om \u00e5 pause politiske utspill. Det er imidlertid uenighet om hvor strengt det skal h\u00e5ndheves.<\/strong>\n<\/p>\n<p><strong>Innenriks<\/strong>: If\u00f8lge NRK skal alle partiene fredag ha blitt enige om \u00e5 pause alle politiske utspill, leserinnlegg, debattdeltakelse og annen politisk kommunikasjon som ikke vurderes som \u00abstrengt n\u00f8dvendig\u00bb.\n<\/p>\n<p>Stortinget har ogs\u00e5 kommet med en lignende oppfordring.\n<\/p>\n<p>\u2013 Stortingets presidentskap har besluttet at all utadrettet virksomhet i regi av Stortinget avlyses eller utsettes til etter gravferden til Hans Majestet Kong Harald V. Beslutningen inkluderer komitereiser, bes\u00f8k og befaringer. Komiteer som eventuelt er p\u00e5 reise, avbryter reisen, skrev Stortinget i en pressemelding etter kongens bortgang.\n<\/p>\n<p>Stortinget oppfordret ogs\u00e5 partiene til \u00e5 avst\u00e5 fra politisk debatt fram til gravferden 9. september.<\/p>\n<h2>Gratulerte Island<\/h2>\n<p>\nS\u00f8ndag gratulerte leder av Senterpartiet, Trygve Slagsvold Vedum, likevel Island med \u00e5 ha stemt nei til EU.\n<\/p>\n<p>\u2013 Gratulerer, Island! Klokt valg \u00e5 si nei til \u00e5 starte medlemskapsforhandlinger med EU, skrev Vedum p\u00e5 sin Facebook, if\u00f8lge Nationen.\n<\/p>\n<p>I samme innlegg argumenterte han for at ogs\u00e5 mot norsk EU-medlemskap.\n<\/p>\n<p>H\u00f8yres generalsekret\u00e6r Tom Erlend Skaug har i etterkant g\u00e5tt ut og kalt innlegget \u00abtrist\u00bb.\n<\/p>\n<p>I et kommentarfelt p\u00e5 Facebook skrev H\u00f8yre-toppen at han er \u00aboverrasket over at et parti som jeg har oppfattet som solide forsvarere av det norske monarkiet og kongefamilien ikke klarer \u00e5 holde politisk borgfred i tre dager en gang\u00bb, if\u00f8lge Dagbladet.<\/p>\n<h2>Legger politikken til side<\/h2>\n<p>\nArbeiderpartiets sekretariatsleder p\u00e5 Stortinget Martin Ulvestad \u00d8sterdal sier til NRK at han ikke har noe \u00f8nske om \u00e5 sette seg som overdommer for andre partier.\n<\/p>\n<p>\u2013 Jeg gir et r\u00e5d til \u00e5 veilede representantene i Arbeiderpartiet. S\u00e5 regner jeg med at de andre partiene ogs\u00e5 gj\u00f8r sine vurderinger. Jeg vet ikke hva som ligger til grunn for deres vurderinger, sier han til rikskringkasteren.\n<\/p>\n<p>Vedum kommenterer har ikke villet kommentere innlegget sitt selv, men henvist til sin generalsekret\u00e6r.\n<\/p>\n<p>\u2013 Senterpartiet har innstilt utadrettet aktivitet som \u00abstands\u00bb og folkem\u00f8ter under landesorgen etter HM Kong Harald sin bortgang. Vi gj\u00f8r heller ikke utspill mot v\u00e5re politiske motstandere. S\u00e5 kommenterer vi p\u00e5 en dempet m\u00e5te p\u00e5 store begivenheter som Islands nei til \u00e5 forhandle med EU om medlemskap, sier generalsekret\u00e6r i Senterpartiet, Ole Andr\u00e9 Myhrvold, til Dagbladet.\n<\/p>\n<h2>Fjellheim kritisk<\/h2>\n<p>\nPolitisk redakt\u00f8r i Nettavisen, Skjalg Fjellheim stiller seg sp\u00f8rsm\u00e5let om \u00abborgerfreden\u00bb har g\u00e5tt for langt.<\/p>\n<p>\u2013 N\u00e5r drivstoffprisene i landet fyker i v\u00e6ret ved midnatt, er visst planen at de som st\u00e5r bak beslutningen skal vente i 10 dager med \u00e5 snakke h\u00f8yt om det.\n<\/p>\n<p>Fjellheim sp\u00f8r derfor om dette er riktig m\u00e5te \u00e5 hedre kongen p\u00e5.\n<\/p>\n<p>\u2013 Man m\u00e5 sp\u00f8rre om dette er en hensiktsmessig m\u00e5te \u00e5 hedre en konge p\u00e5, som i hele sin livsgjerning slo ring rundt demokrati og levende folkestyre. Det er b\u00e5de misforst\u00e5tt og fremst\u00e5r en anelse autorit\u00e6rt.\n<\/p>\n<p>(\u00a9NTB)\n<\/p>\n<\/p><\/div>\n<p><script async defer crossorigin=\"anonymous\" data-lazy=\"w3tc\" data-src=\"https:\/\/connect.facebook.net\/nb_NO\/sdk.js#xfbml=1&#038;version=v18.0\"><\/script><br \/>\n<br \/><br \/>\n<br \/><a href=\"https:\/\/radioh.no\/uenighet-om-borgfred-etter-vedum-utspill\/\">Kilde <\/a><\/p>","protected":false},"excerpt":{"rendered":"<p>Fra kong Haralds bortgang og frem til gravferden skal partiene ha blitt enige om \u00e5 pause politiske utspill. Det er imidlertid uenighet om hvor strengt det skal h\u00e5ndheves. Innenriks: If\u00f8lge NRK skal alle partiene fredag ha blitt enige om \u00e5 pause alle politiske utspill, leserinnlegg, debattdeltakelse og annen politisk kommunikasjon som ikke vurderes som \u00abstrengt [&hellip;]<\/p>","protected":false},"author":1,"featured_media":20076,"comment_status":"","ping_status":"","sticky":false,"template":"","format":"standard","meta":{"footnotes":""},"categories":[107],"tags":[],"tmauthors":[],"class_list":["post-20075","post","type-post","status-publish","format-standard","has-post-thumbnail","category-nyheter"],"_links":{"self":[{"href":"https:\/\/radiostavanger.no\/index.php?rest_route=\/wp\/v2\/posts\/20075","targetHints":{"allow":["GET"]}}],"collection":[{"href":"https:\/\/radiostavanger.no\/index.php?rest_route=\/wp\/v2\/posts"}],"about":[{"href":"https:\/\/radiostavanger.no\/index.php?rest_route=\/wp\/v2\/types\/post"}],"author":[{"embeddable":true,"href":"https:\/\/radiostavanger.no\/index.php?rest_route=\/wp\/v2\/users\/1"}],"replies":[{"embeddable":true,"href":"https:\/\/radiostavanger.no\/index.php?rest_route=%2Fwp%2Fv2%2Fcomments&post=20075"}],"version-history":[{"count":0,"href":"https:\/\/radiostavanger.no\/index.php?rest_route=\/wp\/v2\/posts\/20075\/revisions"}],"wp:featuredmedia":[{"embeddable":true,"href":"https:\/\/radiostavanger.no\/index.php?rest_route=\/wp\/v2\/media\/20076"}],"wp:attachment":[{"href":"https:\/\/radiostavanger.no\/index.php?rest_route=%2Fwp%2Fv2%2Fmedia&parent=20075"}],"wp:term":[{"taxonomy":"category","embeddable":true,"href":"https:\/\/radiostavanger.no\/index.php?rest_route=%2Fwp%2Fv2%2Fcategories&post=20075"},{"taxonomy":"post_tag","embeddable":true,"href":"https:\/\/radiostavanger.no\/index.php?rest_route=%2Fwp%2Fv2%2Ftags&post=20075"},{"taxonomy":"tmauthors","embeddable":true,"href":"https:\/\/radiostavanger.no\/index.php?rest_route=%2Fwp%2Fv2%2Ftmauthors&post=20075"}],"curies":[{"name":"wp","href":"https:\/\/api.w.org\/{rel}","templated":true}]}}