{"id":20099,"date":"2026-09-01T01:12:13","date_gmt":"2026-09-01T01:12:13","guid":{"rendered":"https:\/\/radiostavanger.no\/?p=20099"},"modified":"2026-09-01T01:12:13","modified_gmt":"2026-09-01T01:12:13","slug":"mobildekning-pa-fornebubanen-koster-oslo-kommune-dyrt-radio-stavanger","status":"publish","type":"post","link":"https:\/\/radiostavanger.no\/?p=20099","title":{"rendered":"Mobildekning p\u00e5 Fornebubanen koster Oslo kommune dyrt \u2013 Radio Stavanger"},"content":{"rendered":"<p><br \/>\n<\/p>\n<div id=\"mvp-content-main\">\n<p class=\"radioh-ingress\"><strong>Oslo kommune tar regningen for \u00e5 sikre mobildekning i Fornebubanen-tunnelen. Det gj\u00f8r at prosjektet blir mellom 55 og 75 millioner kroner dyrere.<\/strong>\n<\/p>\n<p><strong>Innenriks<\/strong>: Byr\u00e5det hadde lagt til grunn at mobiloperat\u00f8rene skulle ta regningen for infrastrukturen som trengs for \u00e5 sikre mobildekning for Fornebubanen, men dette har operat\u00f8rene sagt nei til, skriver Aftenposten.\n<\/p>\n<p>Hele strekningen mellom Fornebu i B\u00e6rum og Majorstuen i Oslo skal g\u00e5 i tunnel, men har d\u00e5rlig mobildekning. Byr\u00e5det frykter at manglende dekning vil skade banens omd\u00f8mme, og har vedtatt \u00e5 ta regningen for mobildekningen selv. Prisen er mellom 55 og 75 millioner kroner, if\u00f8lge avisen.\n<\/p>\n<p>Fornebubanen skal etter planen \u00e5pne i 2029.\n<\/p>\n<p>(\u00a9NTB)<\/p>\n<\/p><\/div>\n<p><script async defer crossorigin=\"anonymous\" data-lazy=\"w3tc\" data-src=\"https:\/\/connect.facebook.net\/nb_NO\/sdk.js#xfbml=1&#038;version=v18.0\"><\/script><br \/>\n<br \/><br \/>\n<br \/><a href=\"https:\/\/radioh.no\/mobildekning-pa-fornebubanen-koster-oslo-kommune-dyrt\/\">Kilde <\/a><\/p>","protected":false},"excerpt":{"rendered":"<p>Oslo kommune tar regningen for \u00e5 sikre mobildekning i Fornebubanen-tunnelen. Det gj\u00f8r at prosjektet blir mellom 55 og 75 millioner kroner dyrere. Innenriks: Byr\u00e5det hadde lagt til grunn at mobiloperat\u00f8rene skulle ta regningen for infrastrukturen som trengs for \u00e5 sikre mobildekning for Fornebubanen, men dette har operat\u00f8rene sagt nei til, skriver Aftenposten. Hele strekningen mellom [&hellip;]<\/p>","protected":false},"author":1,"featured_media":20100,"comment_status":"","ping_status":"","sticky":false,"template":"","format":"standard","meta":{"footnotes":""},"categories":[107],"tags":[],"tmauthors":[],"class_list":["post-20099","post","type-post","status-publish","format-standard","has-post-thumbnail","category-nyheter"],"_links":{"self":[{"href":"https:\/\/radiostavanger.no\/index.php?rest_route=\/wp\/v2\/posts\/20099","targetHints":{"allow":["GET"]}}],"collection":[{"href":"https:\/\/radiostavanger.no\/index.php?rest_route=\/wp\/v2\/posts"}],"about":[{"href":"https:\/\/radiostavanger.no\/index.php?rest_route=\/wp\/v2\/types\/post"}],"author":[{"embeddable":true,"href":"https:\/\/radiostavanger.no\/index.php?rest_route=\/wp\/v2\/users\/1"}],"replies":[{"embeddable":true,"href":"https:\/\/radiostavanger.no\/index.php?rest_route=%2Fwp%2Fv2%2Fcomments&post=20099"}],"version-history":[{"count":0,"href":"https:\/\/radiostavanger.no\/index.php?rest_route=\/wp\/v2\/posts\/20099\/revisions"}],"wp:featuredmedia":[{"embeddable":true,"href":"https:\/\/radiostavanger.no\/index.php?rest_route=\/wp\/v2\/media\/20100"}],"wp:attachment":[{"href":"https:\/\/radiostavanger.no\/index.php?rest_route=%2Fwp%2Fv2%2Fmedia&parent=20099"}],"wp:term":[{"taxonomy":"category","embeddable":true,"href":"https:\/\/radiostavanger.no\/index.php?rest_route=%2Fwp%2Fv2%2Fcategories&post=20099"},{"taxonomy":"post_tag","embeddable":true,"href":"https:\/\/radiostavanger.no\/index.php?rest_route=%2Fwp%2Fv2%2Ftags&post=20099"},{"taxonomy":"tmauthors","embeddable":true,"href":"https:\/\/radiostavanger.no\/index.php?rest_route=%2Fwp%2Fv2%2Ftmauthors&post=20099"}],"curies":[{"name":"wp","href":"https:\/\/api.w.org\/{rel}","templated":true}]}}