{"id":20107,"date":"2026-09-01T04:06:06","date_gmt":"2026-09-01T04:06:06","guid":{"rendered":"https:\/\/radiostavanger.no\/?p=20107"},"modified":"2026-09-01T04:06:06","modified_gmt":"2026-09-01T04:06:06","slug":"fra-i-dag-kan-du-ta-farvel-med-kong-harald-i-slottskapellet-vaer-forberedt-pa-ko-radio-stavanger-3","status":"publish","type":"post","link":"https:\/\/radiostavanger.no\/?p=20107","title":{"rendered":"Fra i dag kan du ta farvel med kong Harald i Slottskapellet \u2013 v\u00e6r forberedt p\u00e5 k\u00f8 \u2013 Radio Stavanger"},"content":{"rendered":"<p><br \/>\n<\/p>\n<div id=\"mvp-content-main\">\n<p class=\"radioh-ingress\"><strong>Alle som \u00f8nsker det, kan g\u00e5 forbi kong Haralds b\u00e5re for \u00e5 ta et farvel. Slottkapellet \u00e5pner i dag klokka 14, men det ventes lange k\u00f8er.<\/strong>\n<\/p>\n<p><strong>Innenriks<\/strong>: Tirsdag er kapellet \u00e5pent fra klokka 14 itl 18. Fra onsdag og med tirsdag 8. september, dagen f\u00f8r gravferden, skal kapellet v\u00e6re \u00e5pent hver dag klokka 10 til 18.\n<\/p>\n<p>Det \u00e5pnes for s\u00e5kalt defilering, noe som betyr at de som \u00f8nsker, kan g\u00e5 sakte forbi b\u00e5ren for \u00e5 ta farvel med kong Harald.\n<\/p>\n<p>Kongehuset har lagt ut praktiske opplysninger til publikum, s\u00e5 de ikke m\u00f8ter opp d\u00e5rlig forberedt.\n<\/p>\n<h2>Fotoforbud<\/h2>\n<p>\nDe som \u00f8nsker \u00e5 g\u00e5 forbi b\u00e5ren for \u00e5 ta farvel med kong Harald, har ikke lov til \u00e5 ta bilder eller filme inn i Slottskapellet. Folk m\u00e5 videre er v\u00e6re klar over mediedekningen, der NRK og NTB er til stede under defileringen.<\/p>\n<p>De som skal ta turen til Slottskapellet, m\u00e5 m\u00f8te opp midt p\u00e5 Bredveien i Slottsparken, som g\u00e5r fra Slottsplassen til Parkveien. Der m\u00e5 alle bes\u00f8kende gjennom en sikkerhetskontroll. Det er lagt til rette for en egen vei inn til Slottskapellet for personer med nedsatt bevegelighet, men de m\u00e5 m\u00f8te opp samme sted som andre.\n<\/p>\n<p>Det er dessuten satt opp telt for bagasjeoppbevaring der k\u00f8en starter, for det er ikke lov \u00e5 ha med store sekker eller gjenstander. Det er heller ikke anledning til \u00e5 legge ned blomster eller hilsener inne i kapellet, eller ta med kj\u00e6ledyr, med mindre det er en servicehund.\n<\/p>\n<p>\u2013 Reiser du med sm\u00e5 barn i vogn, kan du fint st\u00e5 i k\u00f8en med barnevogn. Vognen m\u00e5 imidlertid parkeres p\u00e5 utsiden av Slottskapellet f\u00f8r defilering.\n<\/p>\n<p>Ved Gardens vaktstue vil det v\u00e6re gardister til stede som viser vei, og ankomst vil ogs\u00e5 v\u00e6re skiltet.\n<\/p>\n<h2>Blir nok k\u00f8<\/h2>\n<p>\nSlottet varsler at det kan bli k\u00f8, noe som neppe vil overraske, n\u00e5r man ser hvor mange som allerede har v\u00e6rt innom Slottsplassen,<\/p>\n<p>Carl-Erik Grimstad var sekret\u00e6r for dav\u00e6rende kronprinsesse Sonja rundt tiden da kong Olav d\u00f8de i 1991. Han forteller til VG at det var lange k\u00f8er inn til defileringen den gang.\n<\/p>\n<p>\u2013 N\u00e5 kommer de vel til \u00e5 bli tre ganger s\u00e5 lange vil jeg tro. Det vil ikke forundre meg om det kommer til \u00e5 v\u00e6re k\u00f8er der i mange dager, for interessen for dette tronskiftet er st\u00f8rre enn i 1991, p\u00e5peker han.\n<\/p>\n<p>(\u00a9NTB)\n<\/p>\n<\/p><\/div>\n<p><script async defer crossorigin=\"anonymous\" data-lazy=\"w3tc\" data-src=\"https:\/\/connect.facebook.net\/nb_NO\/sdk.js#xfbml=1&#038;version=v18.0\"><\/script><br \/>\n<br \/><br \/>\n<br \/><a href=\"https:\/\/radioh.no\/dette-skjer-tirsdag-4\/\">Kilde <\/a><\/p>","protected":false},"excerpt":{"rendered":"<p>Alle som \u00f8nsker det, kan g\u00e5 forbi kong Haralds b\u00e5re for \u00e5 ta et farvel. Slottkapellet \u00e5pner i dag klokka 14, men det ventes lange k\u00f8er. Innenriks: Tirsdag er kapellet \u00e5pent fra klokka 14 itl 18. Fra onsdag og med tirsdag 8. september, dagen f\u00f8r gravferden, skal kapellet v\u00e6re \u00e5pent hver dag klokka 10 til [&hellip;]<\/p>","protected":false},"author":1,"featured_media":20108,"comment_status":"","ping_status":"","sticky":false,"template":"","format":"standard","meta":{"footnotes":""},"categories":[107],"tags":[],"tmauthors":[],"class_list":["post-20107","post","type-post","status-publish","format-standard","has-post-thumbnail","category-nyheter"],"_links":{"self":[{"href":"https:\/\/radiostavanger.no\/index.php?rest_route=\/wp\/v2\/posts\/20107","targetHints":{"allow":["GET"]}}],"collection":[{"href":"https:\/\/radiostavanger.no\/index.php?rest_route=\/wp\/v2\/posts"}],"about":[{"href":"https:\/\/radiostavanger.no\/index.php?rest_route=\/wp\/v2\/types\/post"}],"author":[{"embeddable":true,"href":"https:\/\/radiostavanger.no\/index.php?rest_route=\/wp\/v2\/users\/1"}],"replies":[{"embeddable":true,"href":"https:\/\/radiostavanger.no\/index.php?rest_route=%2Fwp%2Fv2%2Fcomments&post=20107"}],"version-history":[{"count":0,"href":"https:\/\/radiostavanger.no\/index.php?rest_route=\/wp\/v2\/posts\/20107\/revisions"}],"wp:featuredmedia":[{"embeddable":true,"href":"https:\/\/radiostavanger.no\/index.php?rest_route=\/wp\/v2\/media\/20108"}],"wp:attachment":[{"href":"https:\/\/radiostavanger.no\/index.php?rest_route=%2Fwp%2Fv2%2Fmedia&parent=20107"}],"wp:term":[{"taxonomy":"category","embeddable":true,"href":"https:\/\/radiostavanger.no\/index.php?rest_route=%2Fwp%2Fv2%2Fcategories&post=20107"},{"taxonomy":"post_tag","embeddable":true,"href":"https:\/\/radiostavanger.no\/index.php?rest_route=%2Fwp%2Fv2%2Ftags&post=20107"},{"taxonomy":"tmauthors","embeddable":true,"href":"https:\/\/radiostavanger.no\/index.php?rest_route=%2Fwp%2Fv2%2Ftmauthors&post=20107"}],"curies":[{"name":"wp","href":"https:\/\/api.w.org\/{rel}","templated":true}]}}