{"id":20111,"date":"2026-09-01T04:20:23","date_gmt":"2026-09-01T04:20:23","guid":{"rendered":"https:\/\/radiostavanger.no\/?p=20111"},"modified":"2026-09-01T04:20:23","modified_gmt":"2026-09-01T04:20:23","slug":"dette-skjer-tirsdag-radio-stavanger","status":"publish","type":"post","link":"https:\/\/radiostavanger.no\/?p=20111","title":{"rendered":"Dette skjer tirsdag \u2013 Radio Stavanger"},"content":{"rendered":"<p><br \/>\n<\/p>\n<div id=\"mvp-content-main\">\n<p class=\"radioh-ingress\"><strong>Dette er blant de ventede hendelsene tirsdag 1. september.<\/strong>\n<\/p>\n<p><strong>Innenriks<\/strong>:\n<\/p>\n<h2>Kong Haakon avlegger ed<\/h2>\n<p>\nI dag avlegger kong Haakon sin ed for Stortinget. Grunnloven sl\u00e5r fast at den nye kongen s\u00e5 snart som mulig m\u00e5 dra til Stortinget for \u00e5 gj\u00f8re dette. Eden er nedskrevet i loven og er en h\u00f8ytidelig handling som bekrefter at monarkiets makt er avgrenset av Grunnloven.\n<\/p>\n<h2>N\u00e5 kan du se kong Haralds b\u00e5re<\/h2>\n<p>\nMandag ble kong Haralds b\u00e5re flyttet fra R\u00f8de salong til Slottskapellet, der den skal st\u00e5 fram til gravferdsdagen. Her inviteres alle som \u00f8nsker det, til \u00e5 g\u00e5 sakte forbi b\u00e5ren for \u00e5 ta farvel med den avd\u00f8de kongen \u2013 s\u00e5kalt defilering.\n<\/p>\n<p>Slottskapellet vil v\u00e6re \u00e5pent for defilering for publikum fra klokken 14 til 18 i dag. Deretter vil Slottskapellet v\u00e6re \u00e5pent for defilering fra 10 til 18, dagen f\u00f8r gravferdsdagen klokken 18.<\/p>\n<h2>Midlertidig kutt i drivstoffavgift utl\u00f8per<\/h2>\n<p>\nFra i dag gjeninnf\u00f8res de vanlige avgiftene p\u00e5 bensin og diesel. \u00d8kningen blir p\u00e5 4,71 kroner per liter for bensin og 4,51 kroner per liter for diesel, opplyser bransjeforeningen Drivkraft Norge til NTB.\n<\/p>\n<p>Veibruksavgiften p\u00e5 drivstoff ble kuttet 1. april etter at Sp, H\u00f8yre, Frp og KrF sikret flertall og overstyrte Ap-regjeringen.\n<\/p>\n<h2>Norges Oscar-kandidat offentliggj\u00f8res<\/h2>\n<p>\nDen norske Oscar-komiteen samles for \u00e5 utpeke den norske kandidaten til Oscar for beste internasjonale film.\n<\/p>\n<p>De tre kandidatene som st\u00e5r p\u00e5 kortlisten, er \u00abLave forventninger\u00bb (regi: Eivind Landsvik), \u00abMarkens gr\u00f8de\u00bb (regi: Hans Petter Moland) og dokumentarfilmen \u00abTrango\u00bb (regi: Christopher Carvasal).\n<\/p>\n<h2>Ankesaken mot Arfan Bhatti starter<\/h2>\n<p>\nArfan Bhatti ble i januar ble d\u00f8mt til 30 \u00e5rs forvaring for medvirkning til terror under masseskytingen i Oslo 25. juni 2022. Han mener bevisene mot ham er svake, og at han burde frifinnes p\u00e5 alle punkter om medvirkning til terror.<\/p>\n<p>I dag starter ankesaken i Borgarting lagmannsrett. Saken er berammet fra 1. september til 30. oktober.\n<\/p>\n<h2>Rettsm\u00f8te i Charlie Kirk-saken<\/h2>\n<p>\nRetten skal h\u00f8re muntlige argumenter i saken mot Tyler Robinson, som er tiltalt for \u00e5 ha skutt og drept h\u00f8yreaktivisten Charlie Kirk 10. september i fjor.\n<\/p>\n<p>Senere skal en dommer avgj\u00f8re om saken g\u00e5r videre til hovedforhandling. P\u00e5talemyndigheten har varslet at de vil be om d\u00f8dsstraff for Robinson.\n<\/p>\n<h2>USA: Prim\u00e6rvalg Massachusetts<\/h2>\n<p>\nPrim\u00e6rvalgene leder opp til selve mellomvalget til Kongressen 3. november, der det skal velges representanter til hele Representantenes hus og over en tredel av setene i Senatet.\n<\/p>\n<p>Representantene i Representantenes hus velges for to \u00e5r om gangen, mens senatorene velges for seks \u00e5r om gangen.<\/p>\n<h2>Brann fortsetter jakten p\u00e5 mesterligaspill<\/h2>\n<p>\nBranns fotballkvinner har med seg en 2-1-ledelse n\u00e5r de i dag spiller returoppgj\u00f8r mot \u00f8sterrikske Austria Wien i den tredje . kvalifiseringsrunden.\n<\/p>\n<p>Sammenlagtvinneren kan forberede seg p\u00e5 Champions League-spill.\n<\/p>\n<p>(\u00a9NTB)\n<\/p>\n<\/p><\/div>\n<p><script async defer crossorigin=\"anonymous\" data-lazy=\"w3tc\" data-src=\"https:\/\/connect.facebook.net\/nb_NO\/sdk.js#xfbml=1&#038;version=v18.0\"><\/script><br \/>\n<br \/><br \/>\n<br \/><a href=\"https:\/\/radioh.no\/dette-skjer-tirsdag-7\/\">Kilde <\/a><\/p>","protected":false},"excerpt":{"rendered":"<p>Dette er blant de ventede hendelsene tirsdag 1. september. Innenriks: Kong Haakon avlegger ed I dag avlegger kong Haakon sin ed for Stortinget. Grunnloven sl\u00e5r fast at den nye kongen s\u00e5 snart som mulig m\u00e5 dra til Stortinget for \u00e5 gj\u00f8re dette. Eden er nedskrevet i loven og er en h\u00f8ytidelig handling som bekrefter at [&hellip;]<\/p>","protected":false},"author":1,"featured_media":20112,"comment_status":"","ping_status":"","sticky":false,"template":"","format":"standard","meta":{"footnotes":""},"categories":[107],"tags":[],"tmauthors":[],"class_list":["post-20111","post","type-post","status-publish","format-standard","has-post-thumbnail","category-nyheter"],"_links":{"self":[{"href":"https:\/\/radiostavanger.no\/index.php?rest_route=\/wp\/v2\/posts\/20111","targetHints":{"allow":["GET"]}}],"collection":[{"href":"https:\/\/radiostavanger.no\/index.php?rest_route=\/wp\/v2\/posts"}],"about":[{"href":"https:\/\/radiostavanger.no\/index.php?rest_route=\/wp\/v2\/types\/post"}],"author":[{"embeddable":true,"href":"https:\/\/radiostavanger.no\/index.php?rest_route=\/wp\/v2\/users\/1"}],"replies":[{"embeddable":true,"href":"https:\/\/radiostavanger.no\/index.php?rest_route=%2Fwp%2Fv2%2Fcomments&post=20111"}],"version-history":[{"count":0,"href":"https:\/\/radiostavanger.no\/index.php?rest_route=\/wp\/v2\/posts\/20111\/revisions"}],"wp:featuredmedia":[{"embeddable":true,"href":"https:\/\/radiostavanger.no\/index.php?rest_route=\/wp\/v2\/media\/20112"}],"wp:attachment":[{"href":"https:\/\/radiostavanger.no\/index.php?rest_route=%2Fwp%2Fv2%2Fmedia&parent=20111"}],"wp:term":[{"taxonomy":"category","embeddable":true,"href":"https:\/\/radiostavanger.no\/index.php?rest_route=%2Fwp%2Fv2%2Fcategories&post=20111"},{"taxonomy":"post_tag","embeddable":true,"href":"https:\/\/radiostavanger.no\/index.php?rest_route=%2Fwp%2Fv2%2Ftags&post=20111"},{"taxonomy":"tmauthors","embeddable":true,"href":"https:\/\/radiostavanger.no\/index.php?rest_route=%2Fwp%2Fv2%2Ftmauthors&post=20111"}],"curies":[{"name":"wp","href":"https:\/\/api.w.org\/{rel}","templated":true}]}}