{"id":20113,"date":"2026-09-01T04:26:18","date_gmt":"2026-09-01T04:26:18","guid":{"rendered":"https:\/\/radiostavanger.no\/?p=20113"},"modified":"2026-09-01T04:26:18","modified_gmt":"2026-09-01T04:26:18","slug":"som-et-felles-leirbal-radio-stavanger","status":"publish","type":"post","link":"https:\/\/radiostavanger.no\/?p=20113","title":{"rendered":"\u2013 Som et felles leirb\u00e5l \u2013 Radio Stavanger"},"content":{"rendered":"<p><br \/>\n<\/p>\n<div id=\"mvp-content-main\">\n<p class=\"radioh-ingress\"><strong>Kulturlivet tok selv grep for \u00e5 gj\u00f8re store endringer p\u00e5 kort tid da kong Harald gikk bort, selv om det ikke fantes nasjonale f\u00f8ringer for tiden med landesorg.<\/strong>\n<\/p>\n<p><strong>Innenriks<\/strong>: Landesorg er den nasjonale s\u00f8rgeperioden, som regjeringen sist fredag bestemte skulle vare fra da til gravferdsdagen, som er 9. september.\n<\/p>\n<p>\u2013 Jeg ble veldig imponert over evnen og viljen til \u00e5 gj\u00f8re store endringer p\u00e5 veldig kort tid i kulturlivet, sier daglig leder Siri Haugan Holden i Norske Kulturarrang\u00f8rer, som har 500 medlemmer i spennet rockeklubber til festivaler.\n<\/p>\n<h2>Egne vurderinger<\/h2>\n<p>\nN\u00e5 er gravferdsdagen neste utfordring som kulturlivet m\u00f8ter, og som arrang\u00f8rorganisasjonen n\u00e5 opplever \u00e5 f\u00e5 sp\u00f8rsm\u00e5l om.\n<\/p>\n<p>\u2013 Igjen handler det om \u00e5 gj\u00f8re vurderingene selv. For arrang\u00f8rer i Oslo-omr\u00e5det kan det v\u00e6re behov for \u00e5 ta s\u00e6rlige hensyn p\u00e5 gravferdsdagen. Mange planlegger \u00e5 gj\u00f8re avlysninger den dagen. Enkelte av de store institusjonene, som flere teatre som ellers har gjenopptatt vanlig spilleplan, har meldt at de vil gj\u00f8re noen avlysninger i forbindelse med gravferdsdagen, sier Holden:<\/p>\n<p>\u2013 Jeg tror vi vil se at det kommer til \u00e5 v\u00e6re kulturaktivitet p\u00e5 denne dagen, men under dempede forhold og med respektfull ramme.\n<\/p>\n<h2>Liten tid<\/h2>\n<p>\nDagen da kong Harald gikk bort, ble hektisk for kulturlivet, forteller Norske Kulturarrang\u00f8rer-lederen:\n<\/p>\n<p>\u2013 For oss ble det veldig raskt klart at mange ville lure p\u00e5 hva de skulle gj\u00f8re, siden dette var opp til hver arrang\u00f8r. Det var viktig for oss \u00e5 gj\u00f8re det klart at det fantes en tillit fra myndighetene til at arrang\u00f8rene ville gj\u00f8re de rette valgene.\n<\/p>\n<p>Organisasjonen kalte raskt inn til digitalt m\u00f8te for medlemmene, s\u00e5 de kunne l\u00e6re av hverandre. Da satt mange av dem midt i vanskelige avgj\u00f8relser \u2013 om \u00e5 avlyse eller ikke.\n<\/p>\n<p>\u2013 Ethvert arrangement, stort eller lite, har sv\u00e6rt mange parter involvert, som artister, management, leverand\u00f8rer og arenaer. S\u00e5 lenge det ikke fantes en offentlig f\u00f8ring, ville de fleste v\u00e6re kontraktsmessig bundet til \u00e5 gjennomf\u00f8re, opplyser Holden.<\/p>\n<h2>Landesorg kom inn<\/h2>\n<p>\nAllerede f\u00f8r sommeren, da Norske Kulturarrang\u00f8rer gjorde en gjennomgang av kontraktsmalene som medlemmene tilbys, kom landesorg inn som et punkt \u00f8nskelig \u00e5 ha med i kontrakter.\n<\/p>\n<p>\u2013 Mange har ikke rukket \u00e5 ta det til f\u00f8lge, og mange kontrakter inng\u00e5s jo lang tid i forveien, opptil et \u00e5r, sier Holden.\n<\/p>\n<p>Noen arrang\u00f8rer valgte \u00e5 avlyse. Andre hadde lettere for \u00e5 gjennomf\u00f8re p\u00e5 en dempet og respektfull m\u00e5te uten behov for store tilpasninger, med artister det passet for.\n<\/p>\n<p>Blant dem som gjennomf\u00f8rte konsert 28. august, var Herborg Kr\u00e5kevik med 150-\u00e5rsjubileumskonsert i Strandebarm kyrkje. Sammen med musikerne og arrang\u00f8rene skrev hun om konserten til \u00e5 \u00abv\u00e6re verdig \u00e5 holde p\u00e5 kong Haralds d\u00f8dsdag\u00bb.\n<\/p>\n<p>\u00abHan var glad i salmene v\u00e5re og likte \u00e5 synge n\u00e5r han var i kirken, s\u00e5 \u00e5 synge sammen for ham kjentes som \u00e5 videref\u00f8re litt av alle de grunnleggende verdiene han minnet oss om i talene og ikke minst i arbeidet sitt\u00bb, skrev hun dagen etter p\u00e5 Facebook, og delte en video der det var allsang i kirken.<\/p>\n<h2>\u00abFelles leirb\u00e5l\u00bb<\/h2>\n<p>\nFestivalen Utopia i Stavanger med for eksempel Roc Boyz p\u00e5 artistlisten hadde planlagt fyrverkeri. Ogs\u00e5 de gjorde tilpasninger, if\u00f8lge Holden.\n<\/p>\n<p>Hun trekker videre fram Rakettnatt i Troms\u00f8. Der valgte artister som Marit Larsen og Mari Boine \u00e5 levere sterke hyllester til den avd\u00f8de kongen fra scenen. Boine gjorde hele sin konsert \u00abtil minne om en klok og samlende kong Harald\u00bb, if\u00f8lge NRK.\n<\/p>\n<p>\u2013 Inntrykket mitt jevnt over er at publikum har satt pris p\u00e5 at det har v\u00e6rt et sted \u00e5 m\u00f8tes. N\u00e5 fikk vi igjen se verdien av kulturarenaene som et felles leirb\u00e5l, sier Holden, og opplyser at flere arrang\u00f8rer opplevde at folk fortsatte \u00e5 kj\u00f8pe billetter til kvelden samme dag som kongens bortgang ble meldt.\n<\/p>\n<p>\u2013 Det mener jeg vitner om at publikum \u00f8nsket seg et sted \u00e5 samles. Man trenger \u00e5 m\u00f8tes og snakke med noen, ikke sitte hjemme alene.\n<\/p>\n<h2>M\u00e5 b\u00e6re tap<\/h2>\n<p>\nMen hva med billettene til arrangementene som ble avlyst? If\u00f8lge Holden har enkelte av de store teatrene meldt at publikum kan f\u00e5 refundert billettene automatisk.<\/p>\n<p>Mange andre, som konsertarrang\u00f8rer, har satt opp nye datoer for forestillinger, mens de som valgte \u00e5 avlyse, m\u00e5 b\u00e6re tapet selv om de ikke har det i kontrakten.\n<\/p>\n<p>\u2013 Mitt inntrykk er at mange av dem som forholder seg til norske partnere, har m\u00f8tt en god del velvilje. Det er en utfordrende situasjon, fordi konsertfeltet opererer med sm\u00e5 marginer i utgangspunktet, avslutter konsertarrang\u00f8r-sjefen.\n<\/p>\n<p>(\u00a9NTB)\n<\/p>\n<\/p><\/div>\n<p><script async defer crossorigin=\"anonymous\" data-lazy=\"w3tc\" data-src=\"https:\/\/connect.facebook.net\/nb_NO\/sdk.js#xfbml=1&#038;version=v18.0\"><\/script><br \/>\n<br \/><br \/>\n<br \/><a href=\"https:\/\/radioh.no\/kulturlivets-rolle-i-sorgen-etter-kong-harald-som-et-felles-leirbal\/\">Kilde <\/a><\/p>","protected":false},"excerpt":{"rendered":"<p>Kulturlivet tok selv grep for \u00e5 gj\u00f8re store endringer p\u00e5 kort tid da kong Harald gikk bort, selv om det ikke fantes nasjonale f\u00f8ringer for tiden med landesorg. Innenriks: Landesorg er den nasjonale s\u00f8rgeperioden, som regjeringen sist fredag bestemte skulle vare fra da til gravferdsdagen, som er 9. september. \u2013 Jeg ble veldig imponert over [&hellip;]<\/p>","protected":false},"author":1,"featured_media":20114,"comment_status":"","ping_status":"","sticky":false,"template":"","format":"standard","meta":{"footnotes":""},"categories":[107],"tags":[],"tmauthors":[],"class_list":["post-20113","post","type-post","status-publish","format-standard","has-post-thumbnail","category-nyheter"],"_links":{"self":[{"href":"https:\/\/radiostavanger.no\/index.php?rest_route=\/wp\/v2\/posts\/20113","targetHints":{"allow":["GET"]}}],"collection":[{"href":"https:\/\/radiostavanger.no\/index.php?rest_route=\/wp\/v2\/posts"}],"about":[{"href":"https:\/\/radiostavanger.no\/index.php?rest_route=\/wp\/v2\/types\/post"}],"author":[{"embeddable":true,"href":"https:\/\/radiostavanger.no\/index.php?rest_route=\/wp\/v2\/users\/1"}],"replies":[{"embeddable":true,"href":"https:\/\/radiostavanger.no\/index.php?rest_route=%2Fwp%2Fv2%2Fcomments&post=20113"}],"version-history":[{"count":0,"href":"https:\/\/radiostavanger.no\/index.php?rest_route=\/wp\/v2\/posts\/20113\/revisions"}],"wp:featuredmedia":[{"embeddable":true,"href":"https:\/\/radiostavanger.no\/index.php?rest_route=\/wp\/v2\/media\/20114"}],"wp:attachment":[{"href":"https:\/\/radiostavanger.no\/index.php?rest_route=%2Fwp%2Fv2%2Fmedia&parent=20113"}],"wp:term":[{"taxonomy":"category","embeddable":true,"href":"https:\/\/radiostavanger.no\/index.php?rest_route=%2Fwp%2Fv2%2Fcategories&post=20113"},{"taxonomy":"post_tag","embeddable":true,"href":"https:\/\/radiostavanger.no\/index.php?rest_route=%2Fwp%2Fv2%2Ftags&post=20113"},{"taxonomy":"tmauthors","embeddable":true,"href":"https:\/\/radiostavanger.no\/index.php?rest_route=%2Fwp%2Fv2%2Ftmauthors&post=20113"}],"curies":[{"name":"wp","href":"https:\/\/api.w.org\/{rel}","templated":true}]}}