{"id":20117,"date":"2026-09-01T04:37:59","date_gmt":"2026-09-01T04:37:59","guid":{"rendered":"https:\/\/radiostavanger.no\/?p=20117"},"modified":"2026-09-01T04:37:59","modified_gmt":"2026-09-01T04:37:59","slug":"kong-haakon-vil-viderefore-arven-i-usa-radio-stavanger","status":"publish","type":"post","link":"https:\/\/radiostavanger.no\/?p=20117","title":{"rendered":"Kong Haakon vil videref\u00f8re arven i USA \u2013 Radio Stavanger"},"content":{"rendered":"<p><br \/>\n<\/p>\n<div id=\"mvp-content-main\">\n<p class=\"radioh-ingress\"><strong>Det norske Amerika s\u00e5 kong Harald som \u00absin\u00bb. Ambassad\u00f8r Anniken Huitfeldt tror de ogs\u00e5 vil f\u00f8le at kong Haakon er \u00abderes\u00bb konge.<\/strong>\n<\/p>\n<p><strong>Innenriks<\/strong>: Det norsk-amerikanske forholdet g\u00e5r langt tilbake i tid. Den norske ambassad\u00f8ren til USA var sammen med dav\u00e6rende kronprins Haakon p\u00e5 et fire dager langt bes\u00f8k i fjor, der bakteppet var 200-\u00e5rsjubileet for den norske masseutvandringen til Amerika.\n<\/p>\n<p>\u2013 Det var helt fantastisk \u00e5 se hvordan han ble tatt imot i Midtvesten. De sto med flagg og ropte og ville m\u00f8te ham, det var 17. mai-stemning. Det var helt tydelig at de s\u00e5 p\u00e5 ham som sin, akkurat som de har sett p\u00e5 kong Harald som sin konge, sier Anniken Huitfeldt til NTB.\n<\/p>\n<p>USA var det fjerde landet i verden som anerkjente Norge diplomatisk i oktober 1905. Norges f\u00f8rste sendemann til utlandet dro til Washington.\n<\/p>\n<p>De sterke b\u00e5ndene mellom den norske kongefamilien og USA skyldes ikke minst at kronprinsesse M\u00e4rtha og hennes tre barn flyttet til USA etter utbruddet av andre verdenskrig. Etter dette s\u00e5 prins Harald, senere kronprins og konge, p\u00e5 USA og s\u00e6rlig Washington som sitt andre hjem.<\/p>\n<h2>Godt grunnlag<\/h2>\n<p>\nHuitfeldt mener kong Haakon har alle mulige forutsetninger for \u00e5 videref\u00f8re det gode forholdet til USA, og ikke minst bety mye for amerikanere som f\u00f8ler seg norske.\n<\/p>\n<p>\u2013 Han kjenner USA veldig godt, han har bodd og studert her. Han forst\u00e5r samfunnet veldig godt, har venner her og viser dette personlige engasjementet. Han har bes\u00f8kt USA b\u00e5de p\u00e5 jobb og privat, sier Huitfeldt.\n<\/p>\n<p>Sist hun s\u00e5 ham var i Miami, der han var for \u00e5 se den historiske VM-kvartfinalen mellom Norge og England.\n<\/p>\n<p>\u2013 Det er helt tydelig at her f\u00f8ler han seg hjemme.\n<\/p>\n<p>Hun ble mektig imponert over den dav\u00e6rende kronprinsen da han bes\u00f8kte St. Olaf College i Minneapolis i fjor.<\/p>\n<p>\u2013 Han satt i uformell samtale med studenter p\u00e5 scenen og delte erfaringer fra sin tid som student i USA. Han ga av seg selv med stort engasjement, sier ambassad\u00f8ren og sier hun s\u00e5 det samme i New York ogs\u00e5.\n<\/p>\n<p>\u2013 Det er alltid fint \u00e5 komme hit. Vi f\u00f8ler oss veldig velkomne hit som norske, sa den dav\u00e6rende kronprinsen da han var i USA i fjor h\u00f8st.\n<\/p>\n<h2>Str\u00f8mmer p\u00e5 med hilsener<\/h2>\n<p>\nEtter kong Haralds bortgang str\u00f8mmer det p\u00e5 med hilsener til ambassaden i Washington D.C, der det er lagt fram kondolanseprotokoll.\n<\/p>\n<p>\u2013 Folk her, og s\u00e6rlig i Midtvesten, f\u00f8lte at han var deres konge, sier Huitfeldt.\n<\/p>\n<p>Hun sier folk er r\u00f8rende opptatt av kongefamilien, men s\u00e5 blir de ogs\u00e5 m\u00f8tt p\u00e5 en m\u00e5te som gj\u00f8r at det f\u00f8les helt spesielt og n\u00e6rt n\u00e5r de norske kongelige er p\u00e5 bes\u00f8k.<\/p>\n<p>Hun har forel\u00f8pig ingen id\u00e9 om hvem som kan dukke opp som representanter fra USA i gravferden neste uke.\n<\/p>\n<p>\u2013 Det har vi ikke f\u00e5tt noen informasjon om.\n<\/p>\n<h2>Fryktet hun hadde smittet kongen<\/h2>\n<p>\nSelv er Huitfeldt veldig takknemlig for alt kong Harald har betydd for Norge og for henne personlig. Hun deler ett av de sterkeste minnene hun har om kong Harald.\n<\/p>\n<p>\u2013 Jeg hadde v\u00e6rt p\u00e5 audiens som utenriksminister, da jeg fikk p\u00e5vist covid like etterp\u00e5, og ble veldig redd for at jeg skulle ha smittet kongen.\n<\/p>\n<p>Den neste tiden holdt dav\u00e6rende kronprins Haakon henne oppdatert etter hver covid-test kong Harald tok.<\/p>\n<p>\u2013 Det var veldig r\u00f8rende og omsorgsfullt, og jeg f\u00f8lte meg tatt vare p\u00e5 av dem begge. Neste gang jeg skulle i audiens stilte jeg med munnbind, og da var han veldig avslappet og sa: \u00abDu kan ta av deg masken, Anniken\u00bb.\n<\/p>\n<p>Hun mener det er betegnende for slik kong Harald var, en som fikk folk til \u00e5 f\u00f8le seg trygge.\n<\/p>\n<p>(\u00a9NTB)\n<\/p>\n<\/p><\/div>\n<p><script async defer crossorigin=\"anonymous\" data-lazy=\"w3tc\" data-src=\"https:\/\/connect.facebook.net\/nb_NO\/sdk.js#xfbml=1&#038;version=v18.0\"><\/script><br \/>\n<br \/><br \/>\n<br \/><a href=\"https:\/\/radioh.no\/usa-ambassador-huitfeldt-kong-haakon-vil-viderefore-arven-i-usa\/\">Kilde <\/a><\/p>","protected":false},"excerpt":{"rendered":"<p>Det norske Amerika s\u00e5 kong Harald som \u00absin\u00bb. Ambassad\u00f8r Anniken Huitfeldt tror de ogs\u00e5 vil f\u00f8le at kong Haakon er \u00abderes\u00bb konge. Innenriks: Det norsk-amerikanske forholdet g\u00e5r langt tilbake i tid. Den norske ambassad\u00f8ren til USA var sammen med dav\u00e6rende kronprins Haakon p\u00e5 et fire dager langt bes\u00f8k i fjor, der bakteppet var 200-\u00e5rsjubileet for [&hellip;]<\/p>","protected":false},"author":1,"featured_media":20118,"comment_status":"","ping_status":"","sticky":false,"template":"","format":"standard","meta":{"footnotes":""},"categories":[107],"tags":[],"tmauthors":[],"class_list":["post-20117","post","type-post","status-publish","format-standard","has-post-thumbnail","category-nyheter"],"_links":{"self":[{"href":"https:\/\/radiostavanger.no\/index.php?rest_route=\/wp\/v2\/posts\/20117","targetHints":{"allow":["GET"]}}],"collection":[{"href":"https:\/\/radiostavanger.no\/index.php?rest_route=\/wp\/v2\/posts"}],"about":[{"href":"https:\/\/radiostavanger.no\/index.php?rest_route=\/wp\/v2\/types\/post"}],"author":[{"embeddable":true,"href":"https:\/\/radiostavanger.no\/index.php?rest_route=\/wp\/v2\/users\/1"}],"replies":[{"embeddable":true,"href":"https:\/\/radiostavanger.no\/index.php?rest_route=%2Fwp%2Fv2%2Fcomments&post=20117"}],"version-history":[{"count":0,"href":"https:\/\/radiostavanger.no\/index.php?rest_route=\/wp\/v2\/posts\/20117\/revisions"}],"wp:featuredmedia":[{"embeddable":true,"href":"https:\/\/radiostavanger.no\/index.php?rest_route=\/wp\/v2\/media\/20118"}],"wp:attachment":[{"href":"https:\/\/radiostavanger.no\/index.php?rest_route=%2Fwp%2Fv2%2Fmedia&parent=20117"}],"wp:term":[{"taxonomy":"category","embeddable":true,"href":"https:\/\/radiostavanger.no\/index.php?rest_route=%2Fwp%2Fv2%2Fcategories&post=20117"},{"taxonomy":"post_tag","embeddable":true,"href":"https:\/\/radiostavanger.no\/index.php?rest_route=%2Fwp%2Fv2%2Ftags&post=20117"},{"taxonomy":"tmauthors","embeddable":true,"href":"https:\/\/radiostavanger.no\/index.php?rest_route=%2Fwp%2Fv2%2Ftmauthors&post=20117"}],"curies":[{"name":"wp","href":"https:\/\/api.w.org\/{rel}","templated":true}]}}