{"id":20119,"date":"2026-09-01T04:43:47","date_gmt":"2026-09-01T04:43:47","guid":{"rendered":"https:\/\/radiostavanger.no\/?p=20119"},"modified":"2026-09-01T04:43:47","modified_gmt":"2026-09-01T04:43:47","slug":"i-dag-avlegger-kong-haakon-sin-ed-i-stortinget-radio-stavanger","status":"publish","type":"post","link":"https:\/\/radiostavanger.no\/?p=20119","title":{"rendered":"I dag avlegger kong Haakon sin ed i Stortinget \u2013 Radio Stavanger"},"content":{"rendered":"<p><br \/>\n<\/p>\n<div id=\"mvp-content-main\">\n<p class=\"radioh-ingress\"><strong>Klokken 13 tirsdag trer kong Haakon inn i stortingssalen for \u00e5 avlegge sitt l\u00f8fte om \u00e5 f\u00f8lge Grunnloven.<\/strong>\n<\/p>\n<p><strong>Innenriks<\/strong>: Han ledsages av dronning Mette-Marit og kronprinsesse Ingrid Alexandra.\n<\/p>\n<p>N\u00e5r en konge d\u00f8r, overtar den f\u00f8rste i arverekken tronen med \u00e9n gang. Likevel sier Grunnloven at den nye kongen m\u00e5 m\u00f8te i Stortinget og avlegge en ed. Her lover den nye monarken formelt \u00e5 styre og regjere landet etter Norges lover.\n<\/p>\n<p>Den nye kongen tas imot av Stortingets fem visepresidenter, som f\u00f8lger kongen inn i stortingssalen.\n<\/p>\n<p>Dronning Sonja og prins Sverre Magnus vil ikke g\u00e5 inn sammen med kong Haakon, men biv\u00e5ne edsavleggelsen fra stortingssalen.<\/p>\n<h2>Motstykke til enevelde<\/h2>\n<p>\nSeremonien ledes av stortingspresident Masud Gharahkhani (Ap), som starter med \u00e5 lese opp en melding fra statsministeren om at kong Harald er d\u00f8d, og at tronskiftet er i gang.\n<\/p>\n<p>Kong Haakon skal s\u00e5 avlegge eden og holde en kort tale.\n<\/p>\n<p>Ordene kongen skal si, st\u00e5r i Grunnloven: \u00abJeg lover og sverger \u00e5 ville regjere kongeriket Norge i overensstemmelse med dets konstitusjon og lover, s\u00e5 sant hjelpe meg Gud den allmektige og allvitende!\u00bb.\n<\/p>\n<p>Eden understreker at Norge er et konstitusjonelt monarki der kongens makt er begrenset av loven.\n<\/p>\n<p>Deretter holder stortingspresidenten en minnetale over kong Harald, med ett minutts stillhet, og en tale til den nye kongen. Det hele avsluttes med kongesangen.<\/p>\n<h2>Stengt for publikum<\/h2>\n<p>\nSeremonien gjennomf\u00f8res p\u00e5 samme m\u00e5te som da kong Harald avla sin ed etter kong Olavs d\u00f8d i 1991, og seansen er ventet \u00e5 vare i underkant av 30 minutter.\n<\/p>\n<p>Kronprinsesse Ingrid Alexandra skal ogs\u00e5 avlegge ed til Stortinget, men dette gj\u00f8res skriftlig og p\u00e5 Slottet senere tirsdag.\n<\/p>\n<p>I f\u00f8rste p\u00e5f\u00f8lgende statsr\u00e5d informerer den nye kongen om at eden er undertegnet og sendt til Stortinget.\n<\/p>\n<p>Publikum kan f\u00f8r og etter seremonien se den nye kongen kj\u00f8re til og fra Stortinget i bilkortesje langs Karl Johans gate.\n<\/p>\n<p>Selve stortingsbygningen er stengt for publikum denne dagen, men folk kan f\u00f8lge med fra en storskjerm p\u00e5 Eidsvolls plass utenfor Stortinget. Hendelsen blir ogs\u00e5 sendt direkte p\u00e5 NRK og Stortingets nett-TV.<\/p>\n<h2>200 \u00e5r lang tradisjon<\/h2>\n<p>\nAlle Norges konger har avlagt ed siden 1814, men p\u00e5 ulikt vis.\n<\/p>\n<p>Da Christian Frederik ble konge i 1814, avla han l\u00f8ftet til Riksforsamlingen p\u00e5 Eidsvoll. Senere avla svensk-norske konger som Carl XIII og Carl Johan eden p\u00e5 fransk eller svensk, eller leverte den skriftlig i statsr\u00e5d fordi Stortinget ikke var samlet.\n<\/p>\n<p>Det var f\u00f8rst da kong Haakon VII ble konge i 1905 at eden ble avlagt direkte i Stortinget. Da kong Olav V overtok i 1957, avla han eden i statsr\u00e5d og gjentok den \u00e5ret etter i Stortinget.\n<\/p>\n<p>I 1991 avla kong Harald V sin ed direkte for Stortinget fire dager etter sin fars d\u00f8d \u2013 en praksis som kong Haakon VIII n\u00e5 f\u00f8lger.\n<\/p>\n<p>(\u00a9NTB)<\/p>\n<\/p><\/div>\n<p><script async defer crossorigin=\"anonymous\" data-lazy=\"w3tc\" data-src=\"https:\/\/connect.facebook.net\/nb_NO\/sdk.js#xfbml=1&#038;version=v18.0\"><\/script><br \/>\n<br \/><br \/>\n<br \/><a href=\"https:\/\/radioh.no\/i-dag-avlegger-kong-haakon-sin-ed-i-stortinget\/\">Kilde <\/a><\/p>","protected":false},"excerpt":{"rendered":"<p>Klokken 13 tirsdag trer kong Haakon inn i stortingssalen for \u00e5 avlegge sitt l\u00f8fte om \u00e5 f\u00f8lge Grunnloven. Innenriks: Han ledsages av dronning Mette-Marit og kronprinsesse Ingrid Alexandra. N\u00e5r en konge d\u00f8r, overtar den f\u00f8rste i arverekken tronen med \u00e9n gang. Likevel sier Grunnloven at den nye kongen m\u00e5 m\u00f8te i Stortinget og avlegge en [&hellip;]<\/p>","protected":false},"author":1,"featured_media":20120,"comment_status":"","ping_status":"","sticky":false,"template":"","format":"standard","meta":{"footnotes":""},"categories":[107],"tags":[],"tmauthors":[],"class_list":["post-20119","post","type-post","status-publish","format-standard","has-post-thumbnail","category-nyheter"],"_links":{"self":[{"href":"https:\/\/radiostavanger.no\/index.php?rest_route=\/wp\/v2\/posts\/20119","targetHints":{"allow":["GET"]}}],"collection":[{"href":"https:\/\/radiostavanger.no\/index.php?rest_route=\/wp\/v2\/posts"}],"about":[{"href":"https:\/\/radiostavanger.no\/index.php?rest_route=\/wp\/v2\/types\/post"}],"author":[{"embeddable":true,"href":"https:\/\/radiostavanger.no\/index.php?rest_route=\/wp\/v2\/users\/1"}],"replies":[{"embeddable":true,"href":"https:\/\/radiostavanger.no\/index.php?rest_route=%2Fwp%2Fv2%2Fcomments&post=20119"}],"version-history":[{"count":0,"href":"https:\/\/radiostavanger.no\/index.php?rest_route=\/wp\/v2\/posts\/20119\/revisions"}],"wp:featuredmedia":[{"embeddable":true,"href":"https:\/\/radiostavanger.no\/index.php?rest_route=\/wp\/v2\/media\/20120"}],"wp:attachment":[{"href":"https:\/\/radiostavanger.no\/index.php?rest_route=%2Fwp%2Fv2%2Fmedia&parent=20119"}],"wp:term":[{"taxonomy":"category","embeddable":true,"href":"https:\/\/radiostavanger.no\/index.php?rest_route=%2Fwp%2Fv2%2Fcategories&post=20119"},{"taxonomy":"post_tag","embeddable":true,"href":"https:\/\/radiostavanger.no\/index.php?rest_route=%2Fwp%2Fv2%2Ftags&post=20119"},{"taxonomy":"tmauthors","embeddable":true,"href":"https:\/\/radiostavanger.no\/index.php?rest_route=%2Fwp%2Fv2%2Ftmauthors&post=20119"}],"curies":[{"name":"wp","href":"https:\/\/api.w.org\/{rel}","templated":true}]}}