{"id":20139,"date":"2026-09-01T06:37:06","date_gmt":"2026-09-01T06:37:06","guid":{"rendered":"https:\/\/radiostavanger.no\/?p=20139"},"modified":"2026-09-01T06:37:06","modified_gmt":"2026-09-01T06:37:06","slug":"trafikk-klepp-politiet-no-6","status":"publish","type":"post","link":"https:\/\/radiostavanger.no\/?p=20139","title":{"rendered":"Trafikk: Klepp &#8211; Politiet.no"},"content":{"rendered":"<p><br \/> <\/p> <div id=\"\"> <p><span class=\"text-[1rem] leading-[1rem]\"><time datetime=\"2026-09-01T06:31:56.189Z\"><span class=\"font-bold\">08:31<\/span>\u00a0<\/time><\/span><sds-text class=\"my-3\" size=\"md\">Krimteknisk er p\u00e5 vei til stedet for \u00e5 gjennomf\u00f8re unders\u00f8kelser p\u00e5 stedet. Veien vil bli stengt flere timer fremover. Vegtrafikksentralen er informert og vil s\u00f8rge for omskilting. Politiet avh\u00f8rer vitner p\u00e5 stedet.<\/sds-text><\/p> <\/div> <div id=\"\"> <p><span class=\"text-[1rem] leading-[1rem]\"><time datetime=\"2026-09-01T06:19:54.154Z\"><span class=\"font-bold\">08:19<\/span>\u00a0<\/time><\/span><sds-text class=\"my-3\" size=\"md\">F\u00f8rere av to involverte kj\u00f8ret\u00f8y blir fraktet til SUS. Ukjent skadeomfang. F\u00f8rer en en tredje bil blir tilsett av helse p\u00e5 stedet og fremst\u00e5r som lettere skadet.<\/sds-text><\/p> <\/div> <div id=\"\"> <p><span class=\"text-[1rem] leading-[1rem]\"><time datetime=\"2026-09-01T05:58:17.766Z\"><span class=\"font-bold\">07:58<\/span>\u00a0<\/time><\/span><sds-text class=\"my-3\" size=\"md\">Politiet fremme p\u00e5 stedet. Fremst\u00e5r som en alvorlig ulykke.<\/sds-text><\/p> <\/div> <div id=\"\"> <p><span class=\"text-[1rem] leading-[1rem]\"><time datetime=\"2026-09-01T05:53:37.478Z\"><span class=\"font-bold\">07:53<\/span>\u00a0<\/time><\/span><sds-text class=\"my-3\" size=\"md\">Meldt om at det skal v\u00e6re tre biler involvert i ulykken, uvisst hvor mange personer. Skal v\u00e6re store materielle skader.<\/sds-text><\/p> <\/div> <div id=\"\"> <p><span class=\"text-[1rem] leading-[1rem]\"><time datetime=\"2026-09-01T05:50:39.573Z\"><span class=\"font-bold\">07:50<\/span>\u00a0<\/time><\/span><sds-text class=\"my-3\" size=\"md\">Trafikken st\u00e5r stille p\u00e5 stedet.<\/sds-text><\/p> <\/div> <div id=\"\"> <p><span class=\"text-[1rem] leading-[1rem]\"><time datetime=\"2026-09-01T05:50:18.471Z\"><span class=\"font-bold\">07:50<\/span>\u00a0<\/time><\/span><sds-text class=\"my-3\" size=\"md\">Politi og n\u00f8detater rykker ut til Solavegen p\u00e5 Voll i Klepp etter melding om en trafikkulykke. Skal v\u00e6re flere biler involvert, uvisst skadeomfang.<\/sds-text><\/p> <\/div> <p><br \/> <br \/><a href=\"https:\/\/www.politiet.no\/politiloggen\/hendelse\/26mwdw\/5\">Source link <\/a><\/p>","protected":false},"excerpt":{"rendered":"<p>08:31\u00a0Krimteknisk er p\u00e5 vei til stedet for \u00e5 gjennomf\u00f8re unders\u00f8kelser p\u00e5 stedet. Veien vil bli stengt flere timer fremover. Vegtrafikksentralen er informert og vil s\u00f8rge for omskilting. Politiet avh\u00f8rer vitner p\u00e5 stedet. 08:19\u00a0F\u00f8rere av to involverte kj\u00f8ret\u00f8y blir fraktet til SUS. Ukjent skadeomfang. F\u00f8rer en en tredje bil blir tilsett av helse p\u00e5 stedet og [&hellip;]<\/p>","protected":false},"author":1,"featured_media":14858,"comment_status":"","ping_status":"","sticky":false,"template":"","format":"standard","meta":{"footnotes":""},"categories":[113],"tags":[],"tmauthors":[],"class_list":["post-20139","post","type-post","status-publish","format-standard","has-post-thumbnail","category-politilogg"],"_links":{"self":[{"href":"https:\/\/radiostavanger.no\/index.php?rest_route=\/wp\/v2\/posts\/20139","targetHints":{"allow":["GET"]}}],"collection":[{"href":"https:\/\/radiostavanger.no\/index.php?rest_route=\/wp\/v2\/posts"}],"about":[{"href":"https:\/\/radiostavanger.no\/index.php?rest_route=\/wp\/v2\/types\/post"}],"author":[{"embeddable":true,"href":"https:\/\/radiostavanger.no\/index.php?rest_route=\/wp\/v2\/users\/1"}],"replies":[{"embeddable":true,"href":"https:\/\/radiostavanger.no\/index.php?rest_route=%2Fwp%2Fv2%2Fcomments&post=20139"}],"version-history":[{"count":0,"href":"https:\/\/radiostavanger.no\/index.php?rest_route=\/wp\/v2\/posts\/20139\/revisions"}],"wp:featuredmedia":[{"embeddable":true,"href":"https:\/\/radiostavanger.no\/index.php?rest_route=\/wp\/v2\/media\/14858"}],"wp:attachment":[{"href":"https:\/\/radiostavanger.no\/index.php?rest_route=%2Fwp%2Fv2%2Fmedia&parent=20139"}],"wp:term":[{"taxonomy":"category","embeddable":true,"href":"https:\/\/radiostavanger.no\/index.php?rest_route=%2Fwp%2Fv2%2Fcategories&post=20139"},{"taxonomy":"post_tag","embeddable":true,"href":"https:\/\/radiostavanger.no\/index.php?rest_route=%2Fwp%2Fv2%2Ftags&post=20139"},{"taxonomy":"tmauthors","embeddable":true,"href":"https:\/\/radiostavanger.no\/index.php?rest_route=%2Fwp%2Fv2%2Ftmauthors&post=20139"}],"curies":[{"name":"wp","href":"https:\/\/api.w.org\/{rel}","templated":true}]}}