{"id":20142,"date":"2026-09-01T07:13:37","date_gmt":"2026-09-01T07:13:37","guid":{"rendered":"https:\/\/radiostavanger.no\/?p=20142"},"modified":"2026-09-01T07:13:37","modified_gmt":"2026-09-01T07:13:37","slug":"full-effekt-radio-stavanger","status":"publish","type":"post","link":"https:\/\/radiostavanger.no\/?p=20142","title":{"rendered":"\u2013 Full effekt \u2013 Radio Stavanger"},"content":{"rendered":"<p><br \/>\n<\/p>\n<div id=\"mvp-content-main\">\n<p class=\"radioh-ingress\"><strong>Kuttet i matmomsen i Sverige har hatt full effekt p\u00e5 matvareprisene, sier den svenske finansministeren.<\/strong>\n<\/p>\n<p><strong>Utenriks<\/strong>: Tirsdag ble den f\u00f8rste delrapporten lagt frem av det svenske Konsumentverket, som har sett n\u00e6rmere p\u00e5 prisutviklingen.\n<\/p>\n<p>P\u00e5 pressekonferansen var ogs\u00e5 Sveriges finansminister Elisabeth Svantesson og sivilminister Erik Slottner.\n<\/p>\n<p>\u2013 I den f\u00f8rste rapporten ser vi at det har f\u00e5tt fullt gjennomslag p\u00e5 prisene, sa Svantesson.\n<\/p>\n<p>Da momsen ble halvert, falt matprisene med 5,5 prosent, if\u00f8lge Konsumentverkets delrapport. De lavere prisene har deretter holdt seg i tiden som har g\u00e5tt.<\/p>\n<p>For et dr\u00f8yt \u00e5r siden besluttet den svenske regjeringen \u00e5 halvere matmomsen fra 12 til 6 prosent. Tiltaket tr\u00e5dte i kraft 1. april i \u00e5r.\n<\/p>\n<p>(\u00a9NTB)\n<\/p>\n<\/p><\/div>\n<p><script async defer crossorigin=\"anonymous\" data-lazy=\"w3tc\" data-src=\"https:\/\/connect.facebook.net\/nb_NO\/sdk.js#xfbml=1&#038;version=v18.0\"><\/script><br \/>\n<br \/><br \/>\n<br \/><a href=\"https:\/\/radioh.no\/matmomskuttet-i-sverige-full-effekt\/\">Kilde <\/a><\/p>","protected":false},"excerpt":{"rendered":"<p>Kuttet i matmomsen i Sverige har hatt full effekt p\u00e5 matvareprisene, sier den svenske finansministeren. Utenriks: Tirsdag ble den f\u00f8rste delrapporten lagt frem av det svenske Konsumentverket, som har sett n\u00e6rmere p\u00e5 prisutviklingen. P\u00e5 pressekonferansen var ogs\u00e5 Sveriges finansminister Elisabeth Svantesson og sivilminister Erik Slottner. \u2013 I den f\u00f8rste rapporten ser vi at det har [&hellip;]<\/p>","protected":false},"author":1,"featured_media":20143,"comment_status":"","ping_status":"","sticky":false,"template":"","format":"standard","meta":{"footnotes":""},"categories":[107],"tags":[],"tmauthors":[],"class_list":["post-20142","post","type-post","status-publish","format-standard","has-post-thumbnail","category-nyheter"],"_links":{"self":[{"href":"https:\/\/radiostavanger.no\/index.php?rest_route=\/wp\/v2\/posts\/20142","targetHints":{"allow":["GET"]}}],"collection":[{"href":"https:\/\/radiostavanger.no\/index.php?rest_route=\/wp\/v2\/posts"}],"about":[{"href":"https:\/\/radiostavanger.no\/index.php?rest_route=\/wp\/v2\/types\/post"}],"author":[{"embeddable":true,"href":"https:\/\/radiostavanger.no\/index.php?rest_route=\/wp\/v2\/users\/1"}],"replies":[{"embeddable":true,"href":"https:\/\/radiostavanger.no\/index.php?rest_route=%2Fwp%2Fv2%2Fcomments&post=20142"}],"version-history":[{"count":0,"href":"https:\/\/radiostavanger.no\/index.php?rest_route=\/wp\/v2\/posts\/20142\/revisions"}],"wp:featuredmedia":[{"embeddable":true,"href":"https:\/\/radiostavanger.no\/index.php?rest_route=\/wp\/v2\/media\/20143"}],"wp:attachment":[{"href":"https:\/\/radiostavanger.no\/index.php?rest_route=%2Fwp%2Fv2%2Fmedia&parent=20142"}],"wp:term":[{"taxonomy":"category","embeddable":true,"href":"https:\/\/radiostavanger.no\/index.php?rest_route=%2Fwp%2Fv2%2Fcategories&post=20142"},{"taxonomy":"post_tag","embeddable":true,"href":"https:\/\/radiostavanger.no\/index.php?rest_route=%2Fwp%2Fv2%2Ftags&post=20142"},{"taxonomy":"tmauthors","embeddable":true,"href":"https:\/\/radiostavanger.no\/index.php?rest_route=%2Fwp%2Fv2%2Ftmauthors&post=20142"}],"curies":[{"name":"wp","href":"https:\/\/api.w.org\/{rel}","templated":true}]}}