{"id":20148,"date":"2026-09-01T07:43:55","date_gmt":"2026-09-01T07:43:55","guid":{"rendered":"https:\/\/radiostavanger.no\/?p=20148"},"modified":"2026-09-01T07:43:55","modified_gmt":"2026-09-01T07:43:55","slug":"oslo-kommune-ma-ta-millionregning-etter-vm-festen-radio-stavanger","status":"publish","type":"post","link":"https:\/\/radiostavanger.no\/?p=20148","title":{"rendered":"Oslo kommune m\u00e5 ta millionregning etter VM-festen \u2013 Radio Stavanger"},"content":{"rendered":"<p><br \/>\n<\/p>\n<div id=\"mvp-content-main\">\n<p class=\"radioh-ingress\"><strong>Sponsorer dekket bare halvparten av Oslo kommunes kostnader p\u00e5 12,2 millioner kroner etter sommerens VM-fest, melder Nettavisen.<\/strong>\n<\/p>\n<p><strong>Sport<\/strong>: Det viser regnskapet avisen har f\u00e5tt innsyn i. Hovedstaden m\u00e5tte selv ta restregningen p\u00e5 6,2 millioner kroner for folkefesten under fotball-VM.\n<\/p>\n<p>Utfallet er ikke i stil med det Oslo-byr\u00e5den for kultur og n\u00e6ring uttalte i sommer.\n<\/p>\n<p>\u2013 Jeg har sagt at vi ikke kan bruke skattebetalernes penger p\u00e5 dette, sa Mehmet Kaan Inan (H) til Nettavisen.\n<\/p>\n<p>Utspillet kom etter at han ble kritisert for m\u00e5ten han snudde p\u00e5 og likevel satte opp et VM-arrangement med gratis inngang p\u00e5 R\u00e5dhusplassen.<\/p>\n<p>To m\u00e5neder senere forsvarer han pengebruken.\n<\/p>\n<p>\u2013 Jeg tror alle vi som bor i Oslo kommer til \u00e5 huske stemningen, gleden og samholdet vi f\u00f8lte under fotball-VM i sommer. Jeg mener at verdien av fotballfesten overg\u00e5r regningen kommunen sitter igjen med. Vi var s\u00e5 heldige \u00e5 f\u00e5 bidrag fra n\u00e6ringslivet til \u00e5 arrangere dette, og det viser hva vi f\u00e5r til n\u00e5r alle gode krefter g\u00e5r sammen, sier Inan.\n<\/p>\n<p>Han har ikke ville svare p\u00e5 Nettavisens sp\u00f8rsm\u00e5l om hvorfor han at Oslo kommune ikke skulle betale noe.\n<\/p>\n<p>(\u00a9NTB)\n<\/p>\n<\/p><\/div>\n<p><script async defer crossorigin=\"anonymous\" data-lazy=\"w3tc\" data-src=\"https:\/\/connect.facebook.net\/nb_NO\/sdk.js#xfbml=1&#038;version=v18.0\"><\/script><br \/>\n<br \/><br \/>\n<br \/><a href=\"https:\/\/radioh.no\/oslo-kommune-ma-ta-millionregning-etter-vm-festen\/\">Kilde <\/a><\/p>","protected":false},"excerpt":{"rendered":"<p>Sponsorer dekket bare halvparten av Oslo kommunes kostnader p\u00e5 12,2 millioner kroner etter sommerens VM-fest, melder Nettavisen. Sport: Det viser regnskapet avisen har f\u00e5tt innsyn i. Hovedstaden m\u00e5tte selv ta restregningen p\u00e5 6,2 millioner kroner for folkefesten under fotball-VM. Utfallet er ikke i stil med det Oslo-byr\u00e5den for kultur og n\u00e6ring uttalte i sommer. \u2013 [&hellip;]<\/p>","protected":false},"author":1,"featured_media":20149,"comment_status":"","ping_status":"","sticky":false,"template":"","format":"standard","meta":{"footnotes":""},"categories":[107],"tags":[],"tmauthors":[],"class_list":["post-20148","post","type-post","status-publish","format-standard","has-post-thumbnail","category-nyheter"],"_links":{"self":[{"href":"https:\/\/radiostavanger.no\/index.php?rest_route=\/wp\/v2\/posts\/20148","targetHints":{"allow":["GET"]}}],"collection":[{"href":"https:\/\/radiostavanger.no\/index.php?rest_route=\/wp\/v2\/posts"}],"about":[{"href":"https:\/\/radiostavanger.no\/index.php?rest_route=\/wp\/v2\/types\/post"}],"author":[{"embeddable":true,"href":"https:\/\/radiostavanger.no\/index.php?rest_route=\/wp\/v2\/users\/1"}],"replies":[{"embeddable":true,"href":"https:\/\/radiostavanger.no\/index.php?rest_route=%2Fwp%2Fv2%2Fcomments&post=20148"}],"version-history":[{"count":0,"href":"https:\/\/radiostavanger.no\/index.php?rest_route=\/wp\/v2\/posts\/20148\/revisions"}],"wp:featuredmedia":[{"embeddable":true,"href":"https:\/\/radiostavanger.no\/index.php?rest_route=\/wp\/v2\/media\/20149"}],"wp:attachment":[{"href":"https:\/\/radiostavanger.no\/index.php?rest_route=%2Fwp%2Fv2%2Fmedia&parent=20148"}],"wp:term":[{"taxonomy":"category","embeddable":true,"href":"https:\/\/radiostavanger.no\/index.php?rest_route=%2Fwp%2Fv2%2Fcategories&post=20148"},{"taxonomy":"post_tag","embeddable":true,"href":"https:\/\/radiostavanger.no\/index.php?rest_route=%2Fwp%2Fv2%2Ftags&post=20148"},{"taxonomy":"tmauthors","embeddable":true,"href":"https:\/\/radiostavanger.no\/index.php?rest_route=%2Fwp%2Fv2%2Ftmauthors&post=20148"}],"curies":[{"name":"wp","href":"https:\/\/api.w.org\/{rel}","templated":true}]}}