{"id":20158,"date":"2026-09-01T08:19:55","date_gmt":"2026-09-01T08:19:55","guid":{"rendered":"https:\/\/radiostavanger.no\/?p=20158"},"modified":"2026-09-01T08:19:55","modified_gmt":"2026-09-01T08:19:55","slug":"hydrogenlekkasje-forte-til-brann-pa-mongstad-radio-stavanger","status":"publish","type":"post","link":"https:\/\/radiostavanger.no\/?p=20158","title":{"rendered":"Hydrogenlekkasje f\u00f8rte til brann p\u00e5 Mongstad \u2013 Radio Stavanger"},"content":{"rendered":"<p><br \/>\n<\/p>\n<div id=\"mvp-content-main\">\n<p class=\"radioh-ingress\"><strong>Mandag f\u00f8rte en hydrogenlekkasje til en mindre brann inne p\u00e5 raffineriet p\u00e5 Mongstad. \u2013 Vi tar det veldig alvorlig, sier brannvesenet til BA.<\/strong>\n<\/p>\n<p><strong>Innenriks<\/strong>: Politiet skal ha f\u00e5tt melding om brannen mandag klokken 12.15.\n<\/p>\n<p>\u2013 Vi tar det veldig alvorlig n\u00e5r det brenner inne p\u00e5 et oljeraffineri. Der skal det ikke v\u00e6re \u00e5pne flammer, for \u00e5 si det s\u00e5nn, sier politioverbetjent Ivar Holmaas ved Nordhordland politistasjon til Bergensavisen.\n<\/p>\n<p>Mongstad raffineri er Norges st\u00f8rste oljeraffineri og tilh\u00f8rer Equinor.\n<\/p>\n<p>Holmaas opplyser overfor avisen at brannen oppsto i forbindelse med en hydrogenlekkasje, og at den raskt ble slukket av industribrannvernet p\u00e5 Mongstad.<\/p>\n<p>\u00c5rsaken til lekkasjen og brannen er ukjent. Politiet oppretter sak p\u00e5 hendelsen.\n<\/p>\n<p>(\u00a9NTB)\n<\/p>\n<\/p><\/div>\n<p><script async defer crossorigin=\"anonymous\" data-lazy=\"w3tc\" data-src=\"https:\/\/connect.facebook.net\/nb_NO\/sdk.js#xfbml=1&#038;version=v18.0\"><\/script><br \/>\n<br \/><br \/>\n<br \/><a href=\"https:\/\/radioh.no\/hydrogenlekkasje-forte-til-brann-pa-mongstad\/\">Kilde <\/a><\/p>","protected":false},"excerpt":{"rendered":"<p>Mandag f\u00f8rte en hydrogenlekkasje til en mindre brann inne p\u00e5 raffineriet p\u00e5 Mongstad. \u2013 Vi tar det veldig alvorlig, sier brannvesenet til BA. Innenriks: Politiet skal ha f\u00e5tt melding om brannen mandag klokken 12.15. \u2013 Vi tar det veldig alvorlig n\u00e5r det brenner inne p\u00e5 et oljeraffineri. Der skal det ikke v\u00e6re \u00e5pne flammer, for [&hellip;]<\/p>","protected":false},"author":1,"featured_media":20159,"comment_status":"","ping_status":"","sticky":false,"template":"","format":"standard","meta":{"footnotes":""},"categories":[107],"tags":[],"tmauthors":[],"class_list":["post-20158","post","type-post","status-publish","format-standard","has-post-thumbnail","category-nyheter"],"_links":{"self":[{"href":"https:\/\/radiostavanger.no\/index.php?rest_route=\/wp\/v2\/posts\/20158","targetHints":{"allow":["GET"]}}],"collection":[{"href":"https:\/\/radiostavanger.no\/index.php?rest_route=\/wp\/v2\/posts"}],"about":[{"href":"https:\/\/radiostavanger.no\/index.php?rest_route=\/wp\/v2\/types\/post"}],"author":[{"embeddable":true,"href":"https:\/\/radiostavanger.no\/index.php?rest_route=\/wp\/v2\/users\/1"}],"replies":[{"embeddable":true,"href":"https:\/\/radiostavanger.no\/index.php?rest_route=%2Fwp%2Fv2%2Fcomments&post=20158"}],"version-history":[{"count":0,"href":"https:\/\/radiostavanger.no\/index.php?rest_route=\/wp\/v2\/posts\/20158\/revisions"}],"wp:featuredmedia":[{"embeddable":true,"href":"https:\/\/radiostavanger.no\/index.php?rest_route=\/wp\/v2\/media\/20159"}],"wp:attachment":[{"href":"https:\/\/radiostavanger.no\/index.php?rest_route=%2Fwp%2Fv2%2Fmedia&parent=20158"}],"wp:term":[{"taxonomy":"category","embeddable":true,"href":"https:\/\/radiostavanger.no\/index.php?rest_route=%2Fwp%2Fv2%2Fcategories&post=20158"},{"taxonomy":"post_tag","embeddable":true,"href":"https:\/\/radiostavanger.no\/index.php?rest_route=%2Fwp%2Fv2%2Ftags&post=20158"},{"taxonomy":"tmauthors","embeddable":true,"href":"https:\/\/radiostavanger.no\/index.php?rest_route=%2Fwp%2Fv2%2Ftmauthors&post=20158"}],"curies":[{"name":"wp","href":"https:\/\/api.w.org\/{rel}","templated":true}]}}