{"id":20160,"date":"2026-09-01T08:25:53","date_gmt":"2026-09-01T08:25:53","guid":{"rendered":"https:\/\/radiostavanger.no\/?p=20160"},"modified":"2026-09-01T08:25:53","modified_gmt":"2026-09-01T08:25:53","slug":"trafikkulykke-pa-solavegen-pa-voll-i-klepp-kommune-nrk-rogaland-lokale-nyheter-tv-og-radio","status":"publish","type":"post","link":"https:\/\/radiostavanger.no\/?p=20160","title":{"rendered":"Trafikkulykke p\u00e5 Solavegen p\u00e5 Voll i Klepp kommune \u2013 NRK Rogaland \u2013 Lokale nyheter, TV og radio"},"content":{"rendered":"<p><br \/>\n<\/p>\n<div data-main-content=\"\" data-ec-list=\"article_body\" data-ec-name=\"br\u00f8dtekst\">\n<p>Politi og n\u00f8detater rykket like f\u00f8r klokken 08.00, tirsdag morgon, ut til Klepp kommune etter melding om en alvorlig trafikkulykke.<\/p>\n<p>Ulykken skjedde p\u00e5 Solavegen p\u00e5 Voll i Klepp kommune.<\/p>\n<p>To sj\u00e5f\u00f8rer ble s\u00e5 alvorlig skadet at de ble fraktet til Stavanger Universitetssjukehus.<\/p>\n<p>If\u00f8lge politiet var sj\u00e5f\u00f8rene fastklemt inne i bilene sine.<\/p>\n<div id=\"1.18010006.8a06fc78\" class=\"g100 col fc s10 sl12 sl18 sg6 sg9 image-reference image-reference--F169\"><!-- include: \/serum\/render?id=1.18010006&size=10&perspective=RICH&alignment=CENTER&caption=Stort+oppbud+av+biler+og+personell+fra+n%C3%B8detatene+p%C3%A5+ulykkesstedet&type=image&aspect=F169&parentSize=10 --><!-- START: \/templates\/image\/image-rich.jsp --><\/p>\n<figure class=\"image widget rich\">\n<div class=\"responsive-img F169\"><img decoding=\"async\" sizes=\"(min-width:1180px) 639px, (min-width:720px) 56vw, 100vw\" srcset=\"https:\/\/gfx.nrk.no\/pvSx8CjGTPxK5NgZw3pIvAZdxQtH41FY8b6r6Y6fLzFA.jpg 80w, https:\/\/gfx.nrk.no\/pvSx8CjGTPxK5NgZw3pIvAkayHKjMP1wob6r6Y6fLzFA.jpg 160w, https:\/\/gfx.nrk.no\/pvSx8CjGTPxK5NgZw3pIvAWxGT6atN95Yb6r6Y6fLzFA.jpg 350w, https:\/\/gfx.nrk.no\/pvSx8CjGTPxK5NgZw3pIvA0wTp82mpXRQb6r6Y6fLzFA.jpg 450w, https:\/\/gfx.nrk.no\/pvSx8CjGTPxK5NgZw3pIvA2sY1xcvmG4Ib6r6Y6fLzFA.jpg 650w, https:\/\/gfx.nrk.no\/pvSx8CjGTPxK5NgZw3pIvA44gbf88UZX8b6r6Y6fLzFA.jpg 1000w, https:\/\/gfx.nrk.no\/pvSx8CjGTPxK5NgZw3pIvAwT2NYtDN90Eb6r6Y6fLzFA.jpg 1200w, https:\/\/gfx.nrk.no\/pvSx8CjGTPxK5NgZw3pIvAV1wK3_RaDSsb6r6Y6fLzFA.jpg 1600w, https:\/\/gfx.nrk.no\/pvSx8CjGTPxK5NgZw3pIvApJjx-2FrXWUb6r6Y6fLzFA.jpg 2000w\" src=\"data:image\/gif;base64,R0lGODlhAQABAIAAAAAAAP\/\/\/yH5BAEAAAAALAAAAAABAAEAAAIBRAA7\" loading=\"eager\" alt=\"Trafikkulykke Solavegen, Voll i Klepp kommune med n\u00f8detatbiler\" title=\"Foto: Heidi Karin Gilje Skog \/ NRK\"\/><\/div><figcaption>\n<p class=\"\">Stort oppbud av biler og personell fra n\u00f8detatene p\u00e5 ulykkesstedet<\/p>\n<p><small>Foto: Heidi Karin Gilje Skog \/ NRK<\/small><br \/>\n<\/figcaption><\/figure>\n<p><!-- END: \/templates\/image\/image-rich.jsp -->\n<\/div>\n<p>Det er tilsammen tre personbiler involvert, og det er store materielle skader p\u00e5 bilene.<\/p>\n<p>En tredje sj\u00e5f\u00f8r blir tatt h\u00e5nd om av helse p\u00e5 stedet og fremst\u00e5r som lettere skadet.<\/p>\n<p>Veien ble stengt, og vil v\u00e6re det i flere timer framover. Vegtrafikksentralen er informert og vil s\u00f8rge for omskilting.<\/p>\n<p>Politiet avh\u00f8rer vitner p\u00e5 stedet.<\/p>\n<p>Kriminalteknisk gruppe er sendt til stedet for \u00e5 gjennomf\u00f8re unders\u00f8kelser.<\/p>\n<\/div>\n<p>\n<span class=\"article-publish-date publish-date \"><br \/>\n<span class=\"article-dateline-annotation\">Publisert<\/span><br \/>\n<time class=\"datetime-absolute datePublished\" datetime=\"2026-09-01T10:16:14+02:00\"><br \/>\n01.09.2026, kl. 10.16<br \/>\n<\/time><br \/>\n<\/span>\n<\/p>\n<p><br \/>\n<br \/><a href=\"https:\/\/www.nrk.no\/rogaland\/trafikkulykke-pa-solavegen-pa-voll-i-klepp-kommune-1.18010044\">Kildelink <\/a><\/p>","protected":false},"excerpt":{"rendered":"<p>Politi og n\u00f8detater rykket like f\u00f8r klokken 08.00, tirsdag morgon, ut til Klepp kommune etter melding om en alvorlig trafikkulykke. Ulykken skjedde p\u00e5 Solavegen p\u00e5 Voll i Klepp kommune. To sj\u00e5f\u00f8rer ble s\u00e5 alvorlig skadet at de ble fraktet til Stavanger Universitetssjukehus. If\u00f8lge politiet var sj\u00e5f\u00f8rene fastklemt inne i bilene sine. Stort oppbud av biler [&hellip;]<\/p>","protected":false},"author":1,"featured_media":20161,"comment_status":"","ping_status":"","sticky":false,"template":"","format":"standard","meta":{"footnotes":""},"categories":[108],"tags":[],"tmauthors":[],"class_list":["post-20160","post","type-post","status-publish","format-standard","has-post-thumbnail","category-lokalnyheter"],"_links":{"self":[{"href":"https:\/\/radiostavanger.no\/index.php?rest_route=\/wp\/v2\/posts\/20160","targetHints":{"allow":["GET"]}}],"collection":[{"href":"https:\/\/radiostavanger.no\/index.php?rest_route=\/wp\/v2\/posts"}],"about":[{"href":"https:\/\/radiostavanger.no\/index.php?rest_route=\/wp\/v2\/types\/post"}],"author":[{"embeddable":true,"href":"https:\/\/radiostavanger.no\/index.php?rest_route=\/wp\/v2\/users\/1"}],"replies":[{"embeddable":true,"href":"https:\/\/radiostavanger.no\/index.php?rest_route=%2Fwp%2Fv2%2Fcomments&post=20160"}],"version-history":[{"count":0,"href":"https:\/\/radiostavanger.no\/index.php?rest_route=\/wp\/v2\/posts\/20160\/revisions"}],"wp:featuredmedia":[{"embeddable":true,"href":"https:\/\/radiostavanger.no\/index.php?rest_route=\/wp\/v2\/media\/20161"}],"wp:attachment":[{"href":"https:\/\/radiostavanger.no\/index.php?rest_route=%2Fwp%2Fv2%2Fmedia&parent=20160"}],"wp:term":[{"taxonomy":"category","embeddable":true,"href":"https:\/\/radiostavanger.no\/index.php?rest_route=%2Fwp%2Fv2%2Fcategories&post=20160"},{"taxonomy":"post_tag","embeddable":true,"href":"https:\/\/radiostavanger.no\/index.php?rest_route=%2Fwp%2Fv2%2Ftags&post=20160"},{"taxonomy":"tmauthors","embeddable":true,"href":"https:\/\/radiostavanger.no\/index.php?rest_route=%2Fwp%2Fv2%2Ftmauthors&post=20160"}],"curies":[{"name":"wp","href":"https:\/\/api.w.org\/{rel}","templated":true}]}}