{"id":20162,"date":"2026-09-01T08:57:57","date_gmt":"2026-09-01T08:57:57","guid":{"rendered":"https:\/\/radiostavanger.no\/?p=20162"},"modified":"2026-09-01T08:57:57","modified_gmt":"2026-09-01T08:57:57","slug":"bhatti-nektet-straffskyld-for-terror-da-ankesaken-startet-radio-stavanger","status":"publish","type":"post","link":"https:\/\/radiostavanger.no\/?p=20162","title":{"rendered":"Bhatti nektet straffskyld for terror da ankesaken startet \u2013 Radio Stavanger"},"content":{"rendered":"<p><br \/>\n<\/p>\n<div id=\"mvp-content-main\">\n<p class=\"radioh-ingress\"><strong>Arfan Bhatti nektet straffskyld etter tiltalen om medvirkning til terror for angrepene under pride-feiringen i Oslo 25. juni 2022 da ankesaken startet i Borgarting lagmannsrett.<\/strong>\n<\/p>\n<p><strong>Innenriks<\/strong>: \u2013 Nei, svarte Bhatti da lagmann Arne-Martin H. S\u00f8rli spurte den tiltalte 49-\u00e5ringen om han erkjente straffskyld etter at statsadvokat Sturla Henriksb\u00f8 hadde lest opp tiltalen.\n<\/p>\n<p>Bhatti ble i januar d\u00f8mt til 30 \u00e5rs forvaring med en minstetid p\u00e5 20 \u00e5r da Oslo tingrett fant ham skyldig i medvirkning til skyteangrepet Zaniar Matapour rettet mot utestedene Per p\u00e5 Hj\u00f8rnet og London Pub midt under pride-feiringen natt til 25. juni 2022.\n<\/p>\n<p>To personer ble vilk\u00e5rlig drept og ni skadet da Matapour skj\u00f8t mot folkemengden. Han er rettskraftig d\u00f8mt for \u00e5 ha beg\u00e5tt en terrorhandling.\n<\/p>\n<h2>Foreslo flere terrorhandlinger<\/h2>\n<p>\nBhatti befant seg i Pakistan p\u00e5 det tidspunktet angrepet skjedde, men p\u00e5talemyndigheten mener likevel han var helt sentral i planleggingen og med \u00e5 fors\u00f8ke \u00e5 f\u00e5 terrorgruppen IS til \u00e5 ta p\u00e5 seg ansvaret etterp\u00e5.<\/p>\n<p>Han er ogs\u00e5 tiltalt for fors\u00f8k p\u00e5 \u00e5 inng\u00e5 forbund om \u00e5 beg\u00e5 terrorhandlinger med en person som han trodde var medlem av terrorgruppen IS.\n<\/p>\n<p>Han skal blant annet ha foresl\u00e5tt angrep mot den norske ambassaden i Islamabad, mot familien til Jens Stoltenberg, og at de kunne kidnappe norske journalister som ville intervjue ham i Pakistan.\n<\/p>\n<p>Heller ikke dette erkjente Bhatti straffskyld for da ankesaken startet.\n<\/p>\n<h2>Sm\u00e5 detaljer<\/h2>\n<p>\n\u2013 N\u00e5r vi i denne saken vier en del oppmerksomhet til det som skjedde i Oslo natt til 25. juni 2022, s\u00e5 er det to grunner til det. For det f\u00f8rste s\u00e5 finnes det viktige spor av Arfan Bhattis medvirkning i det hendelsesforl\u00f8pet. Og de sporene, de ligger i de sm\u00e5 detaljene. For det andre s\u00e5 er det viktig at vi tar innover oss konsekvensene av det Bhatti har gjort, sa statsadvokat Aud Kinsarvik da hun \u00e5pnet aktoratets innledningsforedrag.\n<\/p>\n<p>Rettssaken mot 49-\u00e5ringen startet med en forsinkelse p\u00e5 20 minutter i sal 250 i tinghuset i Oslo tirsdag morgen. Bhatti hadde ikke noe imot at pressen fotograferte ham da han ankom retten.<\/p>\n<p>Det er satt av \u00e5tte uker til behandlingen av ankesaken.\n<\/p>\n<p>(\u00a9NTB)\n<\/p>\n<\/p><\/div>\n<p><script async defer crossorigin=\"anonymous\" data-lazy=\"w3tc\" data-src=\"https:\/\/connect.facebook.net\/nb_NO\/sdk.js#xfbml=1&#038;version=v18.0\"><\/script><br \/>\n<br \/><br \/>\n<br \/><a href=\"https:\/\/radioh.no\/bhatti-nektet-straffskyld-for-terror-da-ankesaken-startet\/\">Kilde <\/a><\/p>","protected":false},"excerpt":{"rendered":"<p>Arfan Bhatti nektet straffskyld etter tiltalen om medvirkning til terror for angrepene under pride-feiringen i Oslo 25. juni 2022 da ankesaken startet i Borgarting lagmannsrett. Innenriks: \u2013 Nei, svarte Bhatti da lagmann Arne-Martin H. S\u00f8rli spurte den tiltalte 49-\u00e5ringen om han erkjente straffskyld etter at statsadvokat Sturla Henriksb\u00f8 hadde lest opp tiltalen. Bhatti ble i [&hellip;]<\/p>","protected":false},"author":1,"featured_media":20163,"comment_status":"","ping_status":"","sticky":false,"template":"","format":"standard","meta":{"footnotes":""},"categories":[107],"tags":[],"tmauthors":[],"class_list":["post-20162","post","type-post","status-publish","format-standard","has-post-thumbnail","category-nyheter"],"_links":{"self":[{"href":"https:\/\/radiostavanger.no\/index.php?rest_route=\/wp\/v2\/posts\/20162","targetHints":{"allow":["GET"]}}],"collection":[{"href":"https:\/\/radiostavanger.no\/index.php?rest_route=\/wp\/v2\/posts"}],"about":[{"href":"https:\/\/radiostavanger.no\/index.php?rest_route=\/wp\/v2\/types\/post"}],"author":[{"embeddable":true,"href":"https:\/\/radiostavanger.no\/index.php?rest_route=\/wp\/v2\/users\/1"}],"replies":[{"embeddable":true,"href":"https:\/\/radiostavanger.no\/index.php?rest_route=%2Fwp%2Fv2%2Fcomments&post=20162"}],"version-history":[{"count":0,"href":"https:\/\/radiostavanger.no\/index.php?rest_route=\/wp\/v2\/posts\/20162\/revisions"}],"wp:featuredmedia":[{"embeddable":true,"href":"https:\/\/radiostavanger.no\/index.php?rest_route=\/wp\/v2\/media\/20163"}],"wp:attachment":[{"href":"https:\/\/radiostavanger.no\/index.php?rest_route=%2Fwp%2Fv2%2Fmedia&parent=20162"}],"wp:term":[{"taxonomy":"category","embeddable":true,"href":"https:\/\/radiostavanger.no\/index.php?rest_route=%2Fwp%2Fv2%2Fcategories&post=20162"},{"taxonomy":"post_tag","embeddable":true,"href":"https:\/\/radiostavanger.no\/index.php?rest_route=%2Fwp%2Fv2%2Ftags&post=20162"},{"taxonomy":"tmauthors","embeddable":true,"href":"https:\/\/radiostavanger.no\/index.php?rest_route=%2Fwp%2Fv2%2Ftmauthors&post=20162"}],"curies":[{"name":"wp","href":"https:\/\/api.w.org\/{rel}","templated":true}]}}