{"id":20176,"date":"2026-09-01T10:05:56","date_gmt":"2026-09-01T10:05:56","guid":{"rendered":"https:\/\/radiostavanger.no\/?p=20176"},"modified":"2026-09-01T10:05:56","modified_gmt":"2026-09-01T10:05:56","slug":"tok-nattoget-fra-bergen-radio-stavanger","status":"publish","type":"post","link":"https:\/\/radiostavanger.no\/?p=20176","title":{"rendered":"\u2013 Tok nattoget fra Bergen \u2013 Radio Stavanger"},"content":{"rendered":"<p><br \/>\n<\/p>\n<div id=\"mvp-content-main\">\n<p class=\"radioh-ingress\"><strong>Folk m\u00f8tte opp tidlig utenfor Slottet tirsdag morgen for \u00e5 ta et siste farvel ved kongens b\u00e5re. S\u00f8lvi Neu (54) st\u00e5r helt frem og tok nattoget fra Bergen.<\/strong>\n<\/p>\n<p><strong>Innenriks<\/strong>: \u2013 Jeg kom med nattoget fra Bergen for anledningen. S\u00e5 reiser jeg tilbake i dag for \u00e5 v\u00e6re p\u00e5 jobb igjen i morgen, sier 54-\u00e5ringen til NTB.\n<\/p>\n<p>Hun st\u00e5r blant de aller fremste i k\u00f8en som startet allerede i 7-tiden tirsdag morgen.\n<\/p>\n<p>Alle som \u00f8nsker det, kan g\u00e5 forbi kong Haralds b\u00e5re for \u00e5 ta et farvel. B\u00e5ren st\u00e5r i Slottskapellet frem til gravferdsdagen. Tirsdag \u00e5pner det klokken 14, og det ventes lange k\u00f8er.\n<\/p>\n<p>Neu fra Bergen har alltid hatt et n\u00e6rt forhold til kongefamilien og ble sterkt ber\u00f8rt av kongens bortgang fredag.<\/p>\n<p>\u2013 Jeg kan nesten ikke snakke om det uten \u00e5 begynne \u00e5 gr\u00e5te. Det er veldig s\u00e5rt. Jeg er veldig glad i hele kongefamilien, sier hun med blanke \u00f8yne.\n<\/p>\n<h2>\u2013 Som om et familiemedlem har g\u00e5tt bort<\/h2>\n<p>\nOgs\u00e5 Katinka Arnljot (42) fra Oslo stelte seg opp tidlig tirsdag for \u00e5 f\u00e5 tatt farvel med en konge hun var glad i.\n<\/p>\n<p>\u2013 Jeg har alltid likt kongefamilien godt, og s\u00e6rlig kong Harald. Jeg tok med s\u00f8nnen min hit p\u00e5 fredag da vi fikk h\u00f8re nyheten, sier hun til NTB.\n<\/p>\n<p>Hun sier det f\u00f8les ut som et familiemedlem har g\u00e5tt bort.\n<\/p>\n<p>\u2013 Det er tunge dager, men det er samtidig fint \u00e5 f\u00e5 v\u00e6re her, sier Arnljot.<\/p>\n<h2>\u2013 Drar alltid innom Slottet<\/h2>\n<p>\nNeu husker godt forrige troneskifte i 1991 og januardagene som var preget av landesorg.\n<\/p>\n<p>\u2013 Jeg fikk ikke dratt til Oslo den gangen, men det var veldig sterkt og det preget meg i lang tid. S\u00e5 derfor var det viktig for meg \u00e5 komme hit i dag, sier hun.\n<\/p>\n<p>\u2013 Jeg drar faktisk alltid innom Slottet hver gang jeg er i Oslo, sier hun.\n<\/p>\n<p>Slottskapellet er \u00e5pent for publikum hver dag frem til tirsdag 8. september, dagen f\u00f8r gravferdsdagen. \u00c5pningstidene er klokken 10-18.\n<\/p>\n<p>(\u00a9NTB)<\/p>\n<\/p><\/div>\n<p><script async defer crossorigin=\"anonymous\" data-lazy=\"w3tc\" data-src=\"https:\/\/connect.facebook.net\/nb_NO\/sdk.js#xfbml=1&#038;version=v18.0\"><\/script><br \/>\n<br \/><br \/>\n<br \/><a href=\"https:\/\/radioh.no\/ko-for-et-siste-farvel-til-kong-harald-tok-nattoget-fra-bergen\/\">Kilde <\/a><\/p>","protected":false},"excerpt":{"rendered":"<p>Folk m\u00f8tte opp tidlig utenfor Slottet tirsdag morgen for \u00e5 ta et siste farvel ved kongens b\u00e5re. S\u00f8lvi Neu (54) st\u00e5r helt frem og tok nattoget fra Bergen. Innenriks: \u2013 Jeg kom med nattoget fra Bergen for anledningen. S\u00e5 reiser jeg tilbake i dag for \u00e5 v\u00e6re p\u00e5 jobb igjen i morgen, sier 54-\u00e5ringen til [&hellip;]<\/p>","protected":false},"author":1,"featured_media":20177,"comment_status":"","ping_status":"","sticky":false,"template":"","format":"standard","meta":{"footnotes":""},"categories":[107],"tags":[],"tmauthors":[],"class_list":["post-20176","post","type-post","status-publish","format-standard","has-post-thumbnail","category-nyheter"],"_links":{"self":[{"href":"https:\/\/radiostavanger.no\/index.php?rest_route=\/wp\/v2\/posts\/20176","targetHints":{"allow":["GET"]}}],"collection":[{"href":"https:\/\/radiostavanger.no\/index.php?rest_route=\/wp\/v2\/posts"}],"about":[{"href":"https:\/\/radiostavanger.no\/index.php?rest_route=\/wp\/v2\/types\/post"}],"author":[{"embeddable":true,"href":"https:\/\/radiostavanger.no\/index.php?rest_route=\/wp\/v2\/users\/1"}],"replies":[{"embeddable":true,"href":"https:\/\/radiostavanger.no\/index.php?rest_route=%2Fwp%2Fv2%2Fcomments&post=20176"}],"version-history":[{"count":0,"href":"https:\/\/radiostavanger.no\/index.php?rest_route=\/wp\/v2\/posts\/20176\/revisions"}],"wp:featuredmedia":[{"embeddable":true,"href":"https:\/\/radiostavanger.no\/index.php?rest_route=\/wp\/v2\/media\/20177"}],"wp:attachment":[{"href":"https:\/\/radiostavanger.no\/index.php?rest_route=%2Fwp%2Fv2%2Fmedia&parent=20176"}],"wp:term":[{"taxonomy":"category","embeddable":true,"href":"https:\/\/radiostavanger.no\/index.php?rest_route=%2Fwp%2Fv2%2Fcategories&post=20176"},{"taxonomy":"post_tag","embeddable":true,"href":"https:\/\/radiostavanger.no\/index.php?rest_route=%2Fwp%2Fv2%2Ftags&post=20176"},{"taxonomy":"tmauthors","embeddable":true,"href":"https:\/\/radiostavanger.no\/index.php?rest_route=%2Fwp%2Fv2%2Ftmauthors&post=20176"}],"curies":[{"name":"wp","href":"https:\/\/api.w.org\/{rel}","templated":true}]}}