{"id":20181,"date":"2026-09-01T10:44:07","date_gmt":"2026-09-01T10:44:07","guid":{"rendered":"https:\/\/radiostavanger.no\/?p=20181"},"modified":"2026-09-01T10:44:07","modified_gmt":"2026-09-01T10:44:07","slug":"kong-haralds-gravferd-pavirker-oslo-maraton-radio-stavanger","status":"publish","type":"post","link":"https:\/\/radiostavanger.no\/?p=20181","title":{"rendered":"Kong Haralds gravferd p\u00e5virker Oslo maraton \u2013 Radio Stavanger"},"content":{"rendered":"<p><br \/>\n<\/p>\n<div id=\"mvp-content-main\">\n<p class=\"radioh-ingress\"><strong>De ekstraordin\u00e6re omstendighetene knyttet til kong Haralds bortgang f\u00f8rer til endring for deltakerne i Oslo maraton.<\/strong>\n<\/p>\n<p><strong>Sport<\/strong>: Gravferden 9. september gj\u00f8r at startnummerutdelingen flyttes fra R\u00e5dhusplassen til Sirkustomta p\u00e5 T\u00f8yen.\n<\/p>\n<p>Oslo kommune og politiet har i samr\u00e5d med arrang\u00f8ren kommet fram til en l\u00f8sning som de mener sikrer at maratonen kan gjennomf\u00f8res som planlagt 12. september, heter det i en pressemelding.\n<\/p>\n<p>Kong Harald gikk bort fredag 28. august, og gravferden finner sted i Oslo f\u00f8rstkommende onsdag. De omfattende forberedelsene og sikkerhetstiltakene i hovedstaden gj\u00f8r at Oslo maraton ikke f\u00e5r n\u00f8dvendig tilgang til R\u00e5dhusplassen i forkant av arrangementet.\n<\/p>\n<p>Det gj\u00f8r det umulig \u00e5 etablere det planlagte teltet for startnummerutdeling. Dette gj\u00f8res i stedet p\u00e5 T\u00f8yen ved det gamle Munchmuseet.<\/p>\n<p>\u2013 Dette er selvf\u00f8lgelig en helt ekstraordin\u00e6r situasjon. F\u00f8rst og fremst er dette en trist og historisk tid for Norge. Samtidig har vi et ansvar for \u00e5 finne gode l\u00f8sninger for de mange tusen menneskene som skal delta, sier l\u00f8psleder Edwin Ingebrigtsen.\n<\/p>\n<p>Rundt 30.000 deltakere er ventet \u00e5 delta i \u00e5rets Oslo maraton. Det er det st\u00f8rste antallet i arrangementets historie.\n<\/p>\n<p>(\u00a9NTB)\n<\/p>\n<\/p><\/div>\n<p><script async defer crossorigin=\"anonymous\" data-lazy=\"w3tc\" data-src=\"https:\/\/connect.facebook.net\/nb_NO\/sdk.js#xfbml=1&#038;version=v18.0\"><\/script><br \/>\n<br \/><br \/>\n<br \/><a href=\"https:\/\/radioh.no\/kong-haralds-gravferd-pavirker-oslo-maraton\/\">Kilde <\/a><\/p>","protected":false},"excerpt":{"rendered":"<p>De ekstraordin\u00e6re omstendighetene knyttet til kong Haralds bortgang f\u00f8rer til endring for deltakerne i Oslo maraton. Sport: Gravferden 9. september gj\u00f8r at startnummerutdelingen flyttes fra R\u00e5dhusplassen til Sirkustomta p\u00e5 T\u00f8yen. Oslo kommune og politiet har i samr\u00e5d med arrang\u00f8ren kommet fram til en l\u00f8sning som de mener sikrer at maratonen kan gjennomf\u00f8res som planlagt 12. [&hellip;]<\/p>","protected":false},"author":1,"featured_media":20182,"comment_status":"","ping_status":"","sticky":false,"template":"","format":"standard","meta":{"footnotes":""},"categories":[107],"tags":[],"tmauthors":[],"class_list":["post-20181","post","type-post","status-publish","format-standard","has-post-thumbnail","category-nyheter"],"_links":{"self":[{"href":"https:\/\/radiostavanger.no\/index.php?rest_route=\/wp\/v2\/posts\/20181","targetHints":{"allow":["GET"]}}],"collection":[{"href":"https:\/\/radiostavanger.no\/index.php?rest_route=\/wp\/v2\/posts"}],"about":[{"href":"https:\/\/radiostavanger.no\/index.php?rest_route=\/wp\/v2\/types\/post"}],"author":[{"embeddable":true,"href":"https:\/\/radiostavanger.no\/index.php?rest_route=\/wp\/v2\/users\/1"}],"replies":[{"embeddable":true,"href":"https:\/\/radiostavanger.no\/index.php?rest_route=%2Fwp%2Fv2%2Fcomments&post=20181"}],"version-history":[{"count":0,"href":"https:\/\/radiostavanger.no\/index.php?rest_route=\/wp\/v2\/posts\/20181\/revisions"}],"wp:featuredmedia":[{"embeddable":true,"href":"https:\/\/radiostavanger.no\/index.php?rest_route=\/wp\/v2\/media\/20182"}],"wp:attachment":[{"href":"https:\/\/radiostavanger.no\/index.php?rest_route=%2Fwp%2Fv2%2Fmedia&parent=20181"}],"wp:term":[{"taxonomy":"category","embeddable":true,"href":"https:\/\/radiostavanger.no\/index.php?rest_route=%2Fwp%2Fv2%2Fcategories&post=20181"},{"taxonomy":"post_tag","embeddable":true,"href":"https:\/\/radiostavanger.no\/index.php?rest_route=%2Fwp%2Fv2%2Ftags&post=20181"},{"taxonomy":"tmauthors","embeddable":true,"href":"https:\/\/radiostavanger.no\/index.php?rest_route=%2Fwp%2Fv2%2Ftmauthors&post=20181"}],"curies":[{"name":"wp","href":"https:\/\/api.w.org\/{rel}","templated":true}]}}