{"id":20194,"date":"2026-09-01T12:04:52","date_gmt":"2026-09-01T12:04:52","guid":{"rendered":"https:\/\/radiostavanger.no\/?p=20194"},"modified":"2026-09-01T12:04:52","modified_gmt":"2026-09-01T12:04:52","slug":"kongens-ed-og-erklaering-for-stortinget-i-sin-helhet-radio-stavanger","status":"publish","type":"post","link":"https:\/\/radiostavanger.no\/?p=20194","title":{"rendered":"Kongens ed og erkl\u00e6ring for Stortinget i sin helhet \u2013 Radio Stavanger"},"content":{"rendered":"<p><br \/>\n<\/p>\n<div id=\"mvp-content-main\">\n<p class=\"radioh-ingress\"><strong>Kong Haakon VIII avla 1. september sin ed p\u00e5 Stortinget. Dette sa han under seremonien:<\/strong>\n<\/p>\n<p><strong>Innenriks<\/strong>: Stortingspresident,\n<\/p>\n<p>Jeg lover og sverger \u00e5 ville regjere kongeriket Norge i overensstemmelse med dets konstitusjon og lover, s\u00e5 sant hjelpe meg Gud den allmektige og allvitende!\n<\/p>\n<p>Stortingspresident,\n<\/p>\n<p>Ved dette f\u00f8rste m\u00f8tet mellom folkets valgte representanter og meg som Norges konge, vil jeg uttrykke h\u00e5p om at det gode forholdet som har v\u00e6rt mellom Stortinget og faren min, Kong Harald, farfaren min, Kong Olav, og oldefaren min, Kong Haakon, kan opprettholdes og siden utvikles i tr\u00e5d med de oppgavene landet i framtiden vil st\u00e5 overfor.<\/p>\n<p>Dronningen og jeg vil bekrefte at vi stiller oss til disposisjon for \u00e5 utf\u00f8re v\u00e5r gjerning for land og folk. I denne tradisjonen har ogs\u00e5 jeg som Norges konge tatt valgspr\u00e5ket \u00abAlt for Norge\u00bb.\n<\/p>\n<p>(\u00a9NTB)\n<\/p>\n<\/p><\/div>\n<p><script async defer crossorigin=\"anonymous\" data-lazy=\"w3tc\" data-src=\"https:\/\/connect.facebook.net\/nb_NO\/sdk.js#xfbml=1&#038;version=v18.0\"><\/script><br \/>\n<br \/><br \/>\n<br \/><a href=\"https:\/\/radioh.no\/kongens-ed-og-erklaering-for-stortinget-i-sin-helhet\/\">Kilde <\/a><\/p>","protected":false},"excerpt":{"rendered":"<p>Kong Haakon VIII avla 1. september sin ed p\u00e5 Stortinget. Dette sa han under seremonien: Innenriks: Stortingspresident, Jeg lover og sverger \u00e5 ville regjere kongeriket Norge i overensstemmelse med dets konstitusjon og lover, s\u00e5 sant hjelpe meg Gud den allmektige og allvitende! Stortingspresident, Ved dette f\u00f8rste m\u00f8tet mellom folkets valgte representanter og meg som Norges [&hellip;]<\/p>","protected":false},"author":1,"featured_media":20195,"comment_status":"","ping_status":"","sticky":false,"template":"","format":"standard","meta":{"footnotes":""},"categories":[107],"tags":[],"tmauthors":[],"class_list":["post-20194","post","type-post","status-publish","format-standard","has-post-thumbnail","category-nyheter"],"_links":{"self":[{"href":"https:\/\/radiostavanger.no\/index.php?rest_route=\/wp\/v2\/posts\/20194","targetHints":{"allow":["GET"]}}],"collection":[{"href":"https:\/\/radiostavanger.no\/index.php?rest_route=\/wp\/v2\/posts"}],"about":[{"href":"https:\/\/radiostavanger.no\/index.php?rest_route=\/wp\/v2\/types\/post"}],"author":[{"embeddable":true,"href":"https:\/\/radiostavanger.no\/index.php?rest_route=\/wp\/v2\/users\/1"}],"replies":[{"embeddable":true,"href":"https:\/\/radiostavanger.no\/index.php?rest_route=%2Fwp%2Fv2%2Fcomments&post=20194"}],"version-history":[{"count":0,"href":"https:\/\/radiostavanger.no\/index.php?rest_route=\/wp\/v2\/posts\/20194\/revisions"}],"wp:featuredmedia":[{"embeddable":true,"href":"https:\/\/radiostavanger.no\/index.php?rest_route=\/wp\/v2\/media\/20195"}],"wp:attachment":[{"href":"https:\/\/radiostavanger.no\/index.php?rest_route=%2Fwp%2Fv2%2Fmedia&parent=20194"}],"wp:term":[{"taxonomy":"category","embeddable":true,"href":"https:\/\/radiostavanger.no\/index.php?rest_route=%2Fwp%2Fv2%2Fcategories&post=20194"},{"taxonomy":"post_tag","embeddable":true,"href":"https:\/\/radiostavanger.no\/index.php?rest_route=%2Fwp%2Fv2%2Ftags&post=20194"},{"taxonomy":"tmauthors","embeddable":true,"href":"https:\/\/radiostavanger.no\/index.php?rest_route=%2Fwp%2Fv2%2Ftmauthors&post=20194"}],"curies":[{"name":"wp","href":"https:\/\/api.w.org\/{rel}","templated":true}]}}