{"id":20205,"date":"2026-09-01T12:36:50","date_gmt":"2026-09-01T12:36:50","guid":{"rendered":"https:\/\/radiostavanger.no\/?p=20205"},"modified":"2026-09-01T12:36:50","modified_gmt":"2026-09-01T12:36:50","slug":"politiduo-tar-over-ledelsen-i-sor-vest-politidistrikt-radio-stavanger","status":"publish","type":"post","link":"https:\/\/radiostavanger.no\/?p=20205","title":{"rendered":"Politiduo tar over ledelsen i S\u00f8r-Vest politidistrikt \u2013 Radio Stavanger"},"content":{"rendered":"<p><br \/>\n<\/p>\n<div id=\"mvp-content-main\">\n<p class=\"radioh-ingress\"><strong>G\u00f8ril V\u00e5land blir konstituert politimester i S\u00f8r-Vest politidistrikt, mens Kristin Nord-Varhaug blir visepolitimester. De to har jobbet sammen i politiet i 25 \u00e5r.<\/strong>\n<\/p>\n<p><b>POLITI:<\/b> Endringene skjer n\u00e5r dagens politimester Hans Vik g\u00e5r over i stillingen som assisterende politidirekt\u00f8r h\u00f8sten 2026.\n<\/p>\n<p>G\u00f8ril V\u00e5land skal lede S\u00f8r-Vest politidistrikt som konstituert politimester, mens Kristin Nord-Varhaug trer inn som visepolitimester.\n<\/p>\n<p>V\u00e5land sier hun er glad for tilliten.\n<\/p>\n<p>\u2013 Selv om rollen er midlertidig, m\u00e5 vi opptre som permanente ledere og ta det fulle ansvaret som f\u00f8lger med stillingen, sier V\u00e5land til Politiforum.<\/p>\n<h4>Har jobbet sammen i 25 \u00e5r<\/h4>\n<p>Den nye lederduoen kjenner hverandre godt etter et langt samarbeid i politiet.\n<\/p>\n<p>\u2013 G\u00f8ril og jeg har jobbet sammen i politiet i 25 \u00e5r. Vi kan le sammen, diskutere og v\u00e6re uenige. Samtidig er vi enige om hovedutfordringene, sier Nord-Varhaug.\n<\/p>\n<p>De to trekker fram \u00e5pen kommunikasjon og involvering som viktige prinsipper for ledelsen av politidistriktet.\n<\/p>\n<p>\u2013 Vi er opptatt av \u00e5 lytte oss fram til beslutninger. Samtidig \u00f8nsker vi \u00e5 skape tillit gjennom \u00e5pen og \u00e6rlig kommunikasjon, sier V\u00e5land.\n<\/p>\n<h4>Skal se hele politidistriktet<\/h4>\n<p>Begge understreker at de skal ha et helhetlig perspektiv p\u00e5 S\u00f8r-Vest politidistrikt i de nye rollene.<\/p>\n<p>Nord-Varhaug mener ledergruppen m\u00e5 bruke ulike erfaringer og perspektiver for \u00e5 komme fram til best mulige beslutninger.\n<\/p>\n<p>\u2013 Vi som ledergruppe skal jobbe sammen og ta med oss ulike erfaringer og perspektiver slik at beslutningene blir best mulig for organisasjonen, sier hun.\n<\/p>\n<\/p><\/div>\n<p><script async defer crossorigin=\"anonymous\" data-lazy=\"w3tc\" data-src=\"https:\/\/connect.facebook.net\/nb_NO\/sdk.js#xfbml=1&#038;version=v18.0\"><\/script><br \/>\n<br \/><br \/>\n<br \/><a href=\"https:\/\/radioh.no\/politiduo-tar-over-ledelsen-i-sor-vest-politidistrikt\/\">Kilde <\/a><\/p>","protected":false},"excerpt":{"rendered":"<p>G\u00f8ril V\u00e5land blir konstituert politimester i S\u00f8r-Vest politidistrikt, mens Kristin Nord-Varhaug blir visepolitimester. De to har jobbet sammen i politiet i 25 \u00e5r. POLITI: Endringene skjer n\u00e5r dagens politimester Hans Vik g\u00e5r over i stillingen som assisterende politidirekt\u00f8r h\u00f8sten 2026. G\u00f8ril V\u00e5land skal lede S\u00f8r-Vest politidistrikt som konstituert politimester, mens Kristin Nord-Varhaug trer inn som [&hellip;]<\/p>","protected":false},"author":1,"featured_media":20206,"comment_status":"","ping_status":"","sticky":false,"template":"","format":"standard","meta":{"footnotes":""},"categories":[107],"tags":[],"tmauthors":[],"class_list":["post-20205","post","type-post","status-publish","format-standard","has-post-thumbnail","category-nyheter"],"_links":{"self":[{"href":"https:\/\/radiostavanger.no\/index.php?rest_route=\/wp\/v2\/posts\/20205","targetHints":{"allow":["GET"]}}],"collection":[{"href":"https:\/\/radiostavanger.no\/index.php?rest_route=\/wp\/v2\/posts"}],"about":[{"href":"https:\/\/radiostavanger.no\/index.php?rest_route=\/wp\/v2\/types\/post"}],"author":[{"embeddable":true,"href":"https:\/\/radiostavanger.no\/index.php?rest_route=\/wp\/v2\/users\/1"}],"replies":[{"embeddable":true,"href":"https:\/\/radiostavanger.no\/index.php?rest_route=%2Fwp%2Fv2%2Fcomments&post=20205"}],"version-history":[{"count":0,"href":"https:\/\/radiostavanger.no\/index.php?rest_route=\/wp\/v2\/posts\/20205\/revisions"}],"wp:featuredmedia":[{"embeddable":true,"href":"https:\/\/radiostavanger.no\/index.php?rest_route=\/wp\/v2\/media\/20206"}],"wp:attachment":[{"href":"https:\/\/radiostavanger.no\/index.php?rest_route=%2Fwp%2Fv2%2Fmedia&parent=20205"}],"wp:term":[{"taxonomy":"category","embeddable":true,"href":"https:\/\/radiostavanger.no\/index.php?rest_route=%2Fwp%2Fv2%2Fcategories&post=20205"},{"taxonomy":"post_tag","embeddable":true,"href":"https:\/\/radiostavanger.no\/index.php?rest_route=%2Fwp%2Fv2%2Ftags&post=20205"},{"taxonomy":"tmauthors","embeddable":true,"href":"https:\/\/radiostavanger.no\/index.php?rest_route=%2Fwp%2Fv2%2Ftmauthors&post=20205"}],"curies":[{"name":"wp","href":"https:\/\/api.w.org\/{rel}","templated":true}]}}