{"id":20207,"date":"2026-09-01T12:43:19","date_gmt":"2026-09-01T12:43:19","guid":{"rendered":"https:\/\/radiostavanger.no\/?p=20207"},"modified":"2026-09-01T12:43:19","modified_gmt":"2026-09-01T12:43:19","slug":"ikea-kutter-priser-i-europa-sier-de-vil-motarbeide-okte-levekostnader-radio-stavanger","status":"publish","type":"post","link":"https:\/\/radiostavanger.no\/?p=20207","title":{"rendered":"Ikea kutter priser i Europa \u2013 sier de vil motarbeide \u00f8kte levekostnader \u2013 Radio Stavanger"},"content":{"rendered":"<p><br \/>\n<\/p>\n<div id=\"mvp-content-main\">\n<p class=\"radioh-ingress\"><strong>M\u00f8belgiganten Ikea sier de kutter prisene p\u00e5 rundt 1500 produkter for \u00e5 lokke til seg kunder rammet av \u00f8kte levekostnader.<\/strong>\n<\/p>\n<p><strong>Utenriks<\/strong>: Prisene kuttes med opptil 28 prosent fra og med 1. september, opplyser selskapet tirsdag. Det gjelder ogs\u00e5 i Norge.\n<\/p>\n<p>\u2013 Det er en langsiktig forpliktelse om \u00e5 senke prisene for kundene v\u00e5re, sa Jakub Jankowski i et intervju med nyhetsbyr\u00e5et AFP.\n<\/p>\n<p>Han er administrerende direkt\u00f8r i Inter Ikea Group, som er konsernets viktigste holdingselskap.\n<\/p>\n<p>\u2013 Leverand\u00f8rene vil ikke oppleve noe kostnadspress p\u00e5 grunn av dette, understreket han, og p\u00e5pekte at produksjonen ogs\u00e5 kan bli positivt p\u00e5virket, dersom det blir en \u00f8kning i salget.<\/p>\n<p>Utvalget av produkter og omfanget av reduksjonene vil variere noe fra marked til marked, opplyser administrerende direkt\u00f8r i Ingka Group Juvencio Maeztu til AFP.\n<\/p>\n<p>Priskuttet vil if\u00f8lge Jankowski koste selskapet og konsernets \u00f8vrige europeiske franchiser rundt 1,2 milliarder euro, tilsvarende over 11 milliarder norske kroner. Til sammenligning omsatte Inter Ikea Group for 26,3 milliarder euro, som tilsvarer over 284 milliarder norske kroner, i regnskaps\u00e5ret 2025.\n<\/p>\n<p>(\u00a9NTB)\n<\/p>\n<\/p><\/div>\n<p><script async defer crossorigin=\"anonymous\" data-lazy=\"w3tc\" data-src=\"https:\/\/connect.facebook.net\/nb_NO\/sdk.js#xfbml=1&#038;version=v18.0\"><\/script><br \/>\n<br \/><br \/>\n<br \/><a href=\"https:\/\/radioh.no\/ikea-kutter-850-personer-ma-ga\/\">Kilde <\/a><\/p>","protected":false},"excerpt":{"rendered":"<p>M\u00f8belgiganten Ikea sier de kutter prisene p\u00e5 rundt 1500 produkter for \u00e5 lokke til seg kunder rammet av \u00f8kte levekostnader. Utenriks: Prisene kuttes med opptil 28 prosent fra og med 1. september, opplyser selskapet tirsdag. Det gjelder ogs\u00e5 i Norge. \u2013 Det er en langsiktig forpliktelse om \u00e5 senke prisene for kundene v\u00e5re, sa Jakub [&hellip;]<\/p>","protected":false},"author":1,"featured_media":20208,"comment_status":"","ping_status":"","sticky":false,"template":"","format":"standard","meta":{"footnotes":""},"categories":[107],"tags":[],"tmauthors":[],"class_list":["post-20207","post","type-post","status-publish","format-standard","has-post-thumbnail","category-nyheter"],"_links":{"self":[{"href":"https:\/\/radiostavanger.no\/index.php?rest_route=\/wp\/v2\/posts\/20207","targetHints":{"allow":["GET"]}}],"collection":[{"href":"https:\/\/radiostavanger.no\/index.php?rest_route=\/wp\/v2\/posts"}],"about":[{"href":"https:\/\/radiostavanger.no\/index.php?rest_route=\/wp\/v2\/types\/post"}],"author":[{"embeddable":true,"href":"https:\/\/radiostavanger.no\/index.php?rest_route=\/wp\/v2\/users\/1"}],"replies":[{"embeddable":true,"href":"https:\/\/radiostavanger.no\/index.php?rest_route=%2Fwp%2Fv2%2Fcomments&post=20207"}],"version-history":[{"count":0,"href":"https:\/\/radiostavanger.no\/index.php?rest_route=\/wp\/v2\/posts\/20207\/revisions"}],"wp:featuredmedia":[{"embeddable":true,"href":"https:\/\/radiostavanger.no\/index.php?rest_route=\/wp\/v2\/media\/20208"}],"wp:attachment":[{"href":"https:\/\/radiostavanger.no\/index.php?rest_route=%2Fwp%2Fv2%2Fmedia&parent=20207"}],"wp:term":[{"taxonomy":"category","embeddable":true,"href":"https:\/\/radiostavanger.no\/index.php?rest_route=%2Fwp%2Fv2%2Fcategories&post=20207"},{"taxonomy":"post_tag","embeddable":true,"href":"https:\/\/radiostavanger.no\/index.php?rest_route=%2Fwp%2Fv2%2Ftags&post=20207"},{"taxonomy":"tmauthors","embeddable":true,"href":"https:\/\/radiostavanger.no\/index.php?rest_route=%2Fwp%2Fv2%2Ftmauthors&post=20207"}],"curies":[{"name":"wp","href":"https:\/\/api.w.org\/{rel}","templated":true}]}}