{"id":20215,"date":"2026-09-01T13:14:23","date_gmt":"2026-09-01T13:14:23","guid":{"rendered":"https:\/\/radiostavanger.no\/?p=20215"},"modified":"2026-09-01T13:14:23","modified_gmt":"2026-09-01T13:14:23","slug":"hoytidelig-verdig-men-enkelt-radio-stavanger","status":"publish","type":"post","link":"https:\/\/radiostavanger.no\/?p=20215","title":{"rendered":"\u2013 H\u00f8ytidelig, verdig, men enkelt \u2013 Radio Stavanger"},"content":{"rendered":"<p><br \/>\n<\/p>\n<div id=\"mvp-content-main\">\n<p class=\"radioh-ingress\"><strong>Statsminister Jonas Gahr St\u00f8re (Ap) minner om at kongens edsavleggelse er en tradisjon som g\u00e5r helt tilbake til 1200-tallet.<\/strong>\n<\/p>\n<p><strong>Innenriks<\/strong>: \u2013 Det er veldig norsk. Det er h\u00f8ytidelig, verdig, men enkelt, sier statsministeren til NTB om kongens edsavleggelse.\n<\/p>\n<p>Han minner om at kongens edsavleggelse er en tradisjon som g\u00e5r helt tilbake til Magnus Lagab\u00f8te, som var konge i Norge fra 1263 til 1280.\n<\/p>\n<p>\u2013 Jeg tenkte p\u00e5 at her i 2026 er det en lang linje.\n<\/p>\n<p>Dronning Mette-Marit var ikke til stede da kong Haakon avla eden p\u00e5 grunn av komplikasjoner etter lungetransplantasjonen hun gjennomgikk i sommer.<\/p>\n<p>\u2013 Jeg tror folk forst\u00e5r det veldig godt. At hun m\u00e5 ta noen hensyn, som ogs\u00e5 p\u00e5 kort varsel kan bety at hun melder avbud. Det tror jeg folk har sympati for.\n<\/p>\n<p>Heller ikke Marius Borg H\u00f8iby var til stede under edsavleggelsen. Han fikk mandag tillatelse til \u00e5 forlate Skaugum, hvor han for tiden oppholder seg i varetekt med fotlenke, for \u00e5 b\u00e6re kong Haralds kiste til Slottskapellet.\n<\/p>\n<p>\u2013 Han hadde et n\u00e6rt forhold til den avd\u00f8de kongen, og det var det det handlet om, sier St\u00f8re.\n<\/p>\n<p>(\u00a9NTB)\n<\/p>\n<\/p><\/div>\n<p><script async defer crossorigin=\"anonymous\" data-lazy=\"w3tc\" data-src=\"https:\/\/connect.facebook.net\/nb_NO\/sdk.js#xfbml=1&#038;version=v18.0\"><\/script><br \/>\n<br \/><br \/>\n<br \/><a href=\"https:\/\/radioh.no\/store-hoytidelig-verdig-men-enkelt\/\">Kilde <\/a><\/p>","protected":false},"excerpt":{"rendered":"<p>Statsminister Jonas Gahr St\u00f8re (Ap) minner om at kongens edsavleggelse er en tradisjon som g\u00e5r helt tilbake til 1200-tallet. Innenriks: \u2013 Det er veldig norsk. Det er h\u00f8ytidelig, verdig, men enkelt, sier statsministeren til NTB om kongens edsavleggelse. Han minner om at kongens edsavleggelse er en tradisjon som g\u00e5r helt tilbake til Magnus Lagab\u00f8te, som [&hellip;]<\/p>","protected":false},"author":1,"featured_media":20216,"comment_status":"","ping_status":"","sticky":false,"template":"","format":"standard","meta":{"footnotes":""},"categories":[107],"tags":[],"tmauthors":[],"class_list":["post-20215","post","type-post","status-publish","format-standard","has-post-thumbnail","category-nyheter"],"_links":{"self":[{"href":"https:\/\/radiostavanger.no\/index.php?rest_route=\/wp\/v2\/posts\/20215","targetHints":{"allow":["GET"]}}],"collection":[{"href":"https:\/\/radiostavanger.no\/index.php?rest_route=\/wp\/v2\/posts"}],"about":[{"href":"https:\/\/radiostavanger.no\/index.php?rest_route=\/wp\/v2\/types\/post"}],"author":[{"embeddable":true,"href":"https:\/\/radiostavanger.no\/index.php?rest_route=\/wp\/v2\/users\/1"}],"replies":[{"embeddable":true,"href":"https:\/\/radiostavanger.no\/index.php?rest_route=%2Fwp%2Fv2%2Fcomments&post=20215"}],"version-history":[{"count":0,"href":"https:\/\/radiostavanger.no\/index.php?rest_route=\/wp\/v2\/posts\/20215\/revisions"}],"wp:featuredmedia":[{"embeddable":true,"href":"https:\/\/radiostavanger.no\/index.php?rest_route=\/wp\/v2\/media\/20216"}],"wp:attachment":[{"href":"https:\/\/radiostavanger.no\/index.php?rest_route=%2Fwp%2Fv2%2Fmedia&parent=20215"}],"wp:term":[{"taxonomy":"category","embeddable":true,"href":"https:\/\/radiostavanger.no\/index.php?rest_route=%2Fwp%2Fv2%2Fcategories&post=20215"},{"taxonomy":"post_tag","embeddable":true,"href":"https:\/\/radiostavanger.no\/index.php?rest_route=%2Fwp%2Fv2%2Ftags&post=20215"},{"taxonomy":"tmauthors","embeddable":true,"href":"https:\/\/radiostavanger.no\/index.php?rest_route=%2Fwp%2Fv2%2Ftmauthors&post=20215"}],"curies":[{"name":"wp","href":"https:\/\/api.w.org\/{rel}","templated":true}]}}