{"id":20221,"date":"2026-09-01T13:28:36","date_gmt":"2026-09-01T13:28:36","guid":{"rendered":"https:\/\/radiostavanger.no\/?p=20221"},"modified":"2026-09-01T13:28:36","modified_gmt":"2026-09-01T13:28:36","slug":"trafikk-karmoy-koppervik-politiet-no","status":"publish","type":"post","link":"https:\/\/radiostavanger.no\/?p=20221","title":{"rendered":"Trafikk: Karm\u00f8y, Koppervik &#8211; Politiet.no"},"content":{"rendered":"<p><br \/> <\/p> <div hidden=\"\" id=\"S:4\"> <header class=\"flex flex-col\"><sds-heading level=\"h1\" size=\"xl\" class=\"mt-4 mb-3\">Trafikk<!-- -->: <!-- -->Karm\u00f8y, Koppervik<\/sds-heading><sds-text size=\"md\"><!-- -->.\u00a0Saken\u00a0<!-- -->p\u00e5g\u00e5r.<\/sds-text><\/header> <section class=\"flex flex-col mt-10\"><sds-heading level=\"h2\" size=\"md\"><\/sds-heading><\/p> <p><sds-icon size=\"md\" name=\"info-material-filled\" aria-hidden=\"\" color=\"var(--sds-color-alert-info-action-active)\" label=\"\"\/><sds-text size=\"md\"><\/sds-text><\/p> <ol aria-busy=\"true\" class=\"p-0 mt-4\"> <li class=\"flex flex-row mb-2 gap-3 before:content-none group\"> <p><span class=\"text-[1rem] leading-[1rem]\"><time datetime=\"2026-09-01T13:27:28.427Z\"><span class=\"font-bold\">15:27<\/span>\u00a0<\/time><\/span><sds-text class=\"my-3\" size=\"md\">Ulykken har skjedd ved Vestre Karm\u00f8yvei ved krysset \u00d8vre Eidevegen. Det er trafikale problemer p\u00e5 stedet.<\/sds-text><\/p> <\/li> <li class=\"flex flex-row mb-2 gap-3 before:content-none group\"> <p><span class=\"text-[1rem] leading-[1rem]\"><time datetime=\"2026-09-01T13:25:45.608Z\"><span class=\"font-bold\">15:25<\/span>\u00a0<\/time><\/span><sds-text class=\"my-3\" size=\"md\">Melding om trafikkuhell, p\u00e5kj\u00f8rsel bakfra. Oppdateres.<\/sds-text><\/p> <\/li> <\/ol> <\/section> <\/div> <p><br \/> <br \/><a href=\"https:\/\/www.politiet.no\/politiloggen\/hendelse\/266g2w\/1\">Source link <\/a><\/p>","protected":false},"excerpt":{"rendered":"<p>Trafikk: Karm\u00f8y, Koppervik.\u00a0Saken\u00a0p\u00e5g\u00e5r. 15:27\u00a0Ulykken har skjedd ved Vestre Karm\u00f8yvei ved krysset \u00d8vre Eidevegen. Det er trafikale problemer p\u00e5 stedet. 15:25\u00a0Melding om trafikkuhell, p\u00e5kj\u00f8rsel bakfra. Oppdateres. Source link<\/p>","protected":false},"author":1,"featured_media":15813,"comment_status":"","ping_status":"","sticky":false,"template":"","format":"standard","meta":{"footnotes":""},"categories":[113],"tags":[],"tmauthors":[],"class_list":["post-20221","post","type-post","status-publish","format-standard","has-post-thumbnail","category-politilogg"],"_links":{"self":[{"href":"https:\/\/radiostavanger.no\/index.php?rest_route=\/wp\/v2\/posts\/20221","targetHints":{"allow":["GET"]}}],"collection":[{"href":"https:\/\/radiostavanger.no\/index.php?rest_route=\/wp\/v2\/posts"}],"about":[{"href":"https:\/\/radiostavanger.no\/index.php?rest_route=\/wp\/v2\/types\/post"}],"author":[{"embeddable":true,"href":"https:\/\/radiostavanger.no\/index.php?rest_route=\/wp\/v2\/users\/1"}],"replies":[{"embeddable":true,"href":"https:\/\/radiostavanger.no\/index.php?rest_route=%2Fwp%2Fv2%2Fcomments&post=20221"}],"version-history":[{"count":0,"href":"https:\/\/radiostavanger.no\/index.php?rest_route=\/wp\/v2\/posts\/20221\/revisions"}],"wp:featuredmedia":[{"embeddable":true,"href":"https:\/\/radiostavanger.no\/index.php?rest_route=\/wp\/v2\/media\/15813"}],"wp:attachment":[{"href":"https:\/\/radiostavanger.no\/index.php?rest_route=%2Fwp%2Fv2%2Fmedia&parent=20221"}],"wp:term":[{"taxonomy":"category","embeddable":true,"href":"https:\/\/radiostavanger.no\/index.php?rest_route=%2Fwp%2Fv2%2Fcategories&post=20221"},{"taxonomy":"post_tag","embeddable":true,"href":"https:\/\/radiostavanger.no\/index.php?rest_route=%2Fwp%2Fv2%2Ftags&post=20221"},{"taxonomy":"tmauthors","embeddable":true,"href":"https:\/\/radiostavanger.no\/index.php?rest_route=%2Fwp%2Fv2%2Ftmauthors&post=20221"}],"curies":[{"name":"wp","href":"https:\/\/api.w.org\/{rel}","templated":true}]}}