{"id":20259,"date":"2026-09-01T15:41:12","date_gmt":"2026-09-01T15:41:12","guid":{"rendered":"https:\/\/radiostavanger.no\/?p=20259"},"modified":"2026-09-01T15:41:12","modified_gmt":"2026-09-01T15:41:12","slug":"franskmann-strigrat-etter-sjokkseier-i-vueltaen-uno-x-rytter-knepent-slatt-radio-stavanger","status":"publish","type":"post","link":"https:\/\/radiostavanger.no\/?p=20259","title":{"rendered":"Franskmann strigr\u00e5t etter sjokkseier i Vueltaen \u2013 Uno-X-rytter knepent sl\u00e5tt \u2013 Radio Stavanger"},"content":{"rendered":"<p><br \/>\n<\/p>\n<div id=\"mvp-content-main\">\n<p class=\"radioh-ingress\"><strong>Den franske 24-\u00e5ringen Bastien Tronchon overlistet stjernene og sjokkvant tirsdagens 10. etappe i Vuelta a Espana. Uno-X-rytter Magnus Cort ble nummer to.<\/strong>\n<\/p>\n<p><strong>Sport<\/strong>: Den 184,7 kilometer lange etappen fra Alcaraz til Elche de la Sierra endte i en mildt sagt hektisk avslutning. Inn p\u00e5 de siste hundre meterne fikk relativt umeritterte Tronchon en liten luke og spurtet inn til seier.\n<\/p>\n<p>Bak kom Uno-X-dansken Magnus Cort fort, men m\u00e5tte n\u00f8ye seg med andreplassen foran de belgiske profilene Thibau Nys og Wout Van Aert.\n<\/p>\n<p>Etappevinner Tronchon sykler for det franske Groupama-FDJ-laget.\n<\/p>\n<p>\u2013 Groupama-FDJ sjokkerer alle sammen. Det er i hvert fall en ordentlig skrell i Vueltaen, sa Eurosport-kommentator Theis Magelssen.<\/p>\n<p>\u2013 Karrierens soleklart st\u00f8rste seier, la han til.\n<\/p>\n<p>Etter m\u00e5lgang hang Tronchon gr\u00e5tende over styret p\u00e5 egen sykkel.\n<\/p>\n<p>Tirsdagens etappe medf\u00f8rte ingen store endringer i sammendraget.\n<\/p>\n<p>Uno-X-rytter Fredrik Dversnes Lavik satt i tirsdagens brudd. Nordmannen var den siste av utbryterne som ble innhentet med kun f\u00e5 kilometer til m\u00e5l.\n<\/p>\n<p>(\u00a9NTB)<\/p>\n<\/p><\/div>\n<p><script async defer crossorigin=\"anonymous\" data-lazy=\"w3tc\" data-src=\"https:\/\/connect.facebook.net\/nb_NO\/sdk.js#xfbml=1&#038;version=v18.0\"><\/script><br \/>\n<br \/><br \/>\n<br \/><a href=\"https:\/\/radioh.no\/franskmann-strigrat-etter-sjokkseier-i-vueltaen-uno-x-rytter-knepent-slatt\/\">Kilde <\/a><\/p>","protected":false},"excerpt":{"rendered":"<p>Den franske 24-\u00e5ringen Bastien Tronchon overlistet stjernene og sjokkvant tirsdagens 10. etappe i Vuelta a Espana. Uno-X-rytter Magnus Cort ble nummer to. Sport: Den 184,7 kilometer lange etappen fra Alcaraz til Elche de la Sierra endte i en mildt sagt hektisk avslutning. Inn p\u00e5 de siste hundre meterne fikk relativt umeritterte Tronchon en liten luke [&hellip;]<\/p>","protected":false},"author":1,"featured_media":20260,"comment_status":"","ping_status":"","sticky":false,"template":"","format":"standard","meta":{"footnotes":""},"categories":[107],"tags":[],"tmauthors":[],"class_list":["post-20259","post","type-post","status-publish","format-standard","has-post-thumbnail","category-nyheter"],"_links":{"self":[{"href":"https:\/\/radiostavanger.no\/index.php?rest_route=\/wp\/v2\/posts\/20259","targetHints":{"allow":["GET"]}}],"collection":[{"href":"https:\/\/radiostavanger.no\/index.php?rest_route=\/wp\/v2\/posts"}],"about":[{"href":"https:\/\/radiostavanger.no\/index.php?rest_route=\/wp\/v2\/types\/post"}],"author":[{"embeddable":true,"href":"https:\/\/radiostavanger.no\/index.php?rest_route=\/wp\/v2\/users\/1"}],"replies":[{"embeddable":true,"href":"https:\/\/radiostavanger.no\/index.php?rest_route=%2Fwp%2Fv2%2Fcomments&post=20259"}],"version-history":[{"count":0,"href":"https:\/\/radiostavanger.no\/index.php?rest_route=\/wp\/v2\/posts\/20259\/revisions"}],"wp:featuredmedia":[{"embeddable":true,"href":"https:\/\/radiostavanger.no\/index.php?rest_route=\/wp\/v2\/media\/20260"}],"wp:attachment":[{"href":"https:\/\/radiostavanger.no\/index.php?rest_route=%2Fwp%2Fv2%2Fmedia&parent=20259"}],"wp:term":[{"taxonomy":"category","embeddable":true,"href":"https:\/\/radiostavanger.no\/index.php?rest_route=%2Fwp%2Fv2%2Fcategories&post=20259"},{"taxonomy":"post_tag","embeddable":true,"href":"https:\/\/radiostavanger.no\/index.php?rest_route=%2Fwp%2Fv2%2Ftags&post=20259"},{"taxonomy":"tmauthors","embeddable":true,"href":"https:\/\/radiostavanger.no\/index.php?rest_route=%2Fwp%2Fv2%2Ftmauthors&post=20259"}],"curies":[{"name":"wp","href":"https:\/\/api.w.org\/{rel}","templated":true}]}}