{"id":20286,"date":"2026-09-01T17:49:20","date_gmt":"2026-09-01T17:49:20","guid":{"rendered":"https:\/\/radiostavanger.no\/?p=20286"},"modified":"2026-09-01T17:49:20","modified_gmt":"2026-09-01T17:49:20","slug":"islands-president-deltar-i-kong-haralds-gravferd-radio-stavanger","status":"publish","type":"post","link":"https:\/\/radiostavanger.no\/?p=20286","title":{"rendered":"Islands president deltar i kong Haralds gravferd \u2013 Radio Stavanger"},"content":{"rendered":"<p><br \/>\n<\/p>\n<div id=\"mvp-content-main\">\n<p class=\"radioh-ingress\"><strong>Islands president Halla T\u00f3masd\u00f3ttir og mannen Bj\u00f6rn Sk\u00falason deltar i kong Haralds gravferd, f\u00e5r NRK bekreftet av islandske myndigheter.<\/strong>\n<\/p>\n<p><strong>Innenriks<\/strong>: Gravferden finner sted i Oslo domkirke 9. september klokken 13.\n<\/p>\n<p>Det er ventet mange kongelige og statsledere fra en rekke land i Oslo den dagen. Under kong Olavs gravferd i 1991 var det et massivt sikkerhetsoppbud i forbindelse med prosesjonen gjennom Oslos gater. Ogs\u00e5 Olav ble stedt til hvile i Oslo domkirke.\n<\/p>\n<p>Kongens b\u00e5re skal bli fraktet i en stor prosesjon fra Slottet til domkirken. Familie, representanter fra det offentlige Norge og en rekke gjester fra inn- og utland deltar i prosesjonen.\n<\/p>\n<p>Langs ruten vil soldater fra alle forsvarsgrener st\u00e5 oppstilt.<\/p>\n<p>Kongen sovnet stille inn klokken 6.35 fredag 28. august. Han ble 89 \u00e5r gammel.\n<\/p>\n<p>(\u00a9NTB)\n<\/p>\n<\/p><\/div>\n<p><script async defer crossorigin=\"anonymous\" data-lazy=\"w3tc\" data-src=\"https:\/\/connect.facebook.net\/nb_NO\/sdk.js#xfbml=1&#038;version=v18.0\"><\/script><br \/>\n<br \/><br \/>\n<br \/><a href=\"https:\/\/radioh.no\/islands-president-deltar-i-kong-haralds-gravferd\/\">Kilde <\/a><\/p>","protected":false},"excerpt":{"rendered":"<p>Islands president Halla T\u00f3masd\u00f3ttir og mannen Bj\u00f6rn Sk\u00falason deltar i kong Haralds gravferd, f\u00e5r NRK bekreftet av islandske myndigheter. Innenriks: Gravferden finner sted i Oslo domkirke 9. september klokken 13. Det er ventet mange kongelige og statsledere fra en rekke land i Oslo den dagen. Under kong Olavs gravferd i 1991 var det et massivt [&hellip;]<\/p>","protected":false},"author":1,"featured_media":20287,"comment_status":"","ping_status":"","sticky":false,"template":"","format":"standard","meta":{"footnotes":""},"categories":[107],"tags":[],"tmauthors":[],"class_list":["post-20286","post","type-post","status-publish","format-standard","has-post-thumbnail","category-nyheter"],"_links":{"self":[{"href":"https:\/\/radiostavanger.no\/index.php?rest_route=\/wp\/v2\/posts\/20286","targetHints":{"allow":["GET"]}}],"collection":[{"href":"https:\/\/radiostavanger.no\/index.php?rest_route=\/wp\/v2\/posts"}],"about":[{"href":"https:\/\/radiostavanger.no\/index.php?rest_route=\/wp\/v2\/types\/post"}],"author":[{"embeddable":true,"href":"https:\/\/radiostavanger.no\/index.php?rest_route=\/wp\/v2\/users\/1"}],"replies":[{"embeddable":true,"href":"https:\/\/radiostavanger.no\/index.php?rest_route=%2Fwp%2Fv2%2Fcomments&post=20286"}],"version-history":[{"count":0,"href":"https:\/\/radiostavanger.no\/index.php?rest_route=\/wp\/v2\/posts\/20286\/revisions"}],"wp:featuredmedia":[{"embeddable":true,"href":"https:\/\/radiostavanger.no\/index.php?rest_route=\/wp\/v2\/media\/20287"}],"wp:attachment":[{"href":"https:\/\/radiostavanger.no\/index.php?rest_route=%2Fwp%2Fv2%2Fmedia&parent=20286"}],"wp:term":[{"taxonomy":"category","embeddable":true,"href":"https:\/\/radiostavanger.no\/index.php?rest_route=%2Fwp%2Fv2%2Fcategories&post=20286"},{"taxonomy":"post_tag","embeddable":true,"href":"https:\/\/radiostavanger.no\/index.php?rest_route=%2Fwp%2Fv2%2Ftags&post=20286"},{"taxonomy":"tmauthors","embeddable":true,"href":"https:\/\/radiostavanger.no\/index.php?rest_route=%2Fwp%2Fv2%2Ftmauthors&post=20286"}],"curies":[{"name":"wp","href":"https:\/\/api.w.org\/{rel}","templated":true}]}}