{"id":20299,"date":"2026-09-01T20:01:50","date_gmt":"2026-09-01T20:01:50","guid":{"rendered":"https:\/\/radiostavanger.no\/?p=20299"},"modified":"2026-09-01T20:01:50","modified_gmt":"2026-09-01T20:01:50","slug":"tono-arsmotet-stemte-for-uavhengig-gransking-radio-stavanger","status":"publish","type":"post","link":"https:\/\/radiostavanger.no\/?p=20299","title":{"rendered":"Tono-\u00e5rsm\u00f8tet stemte for uavhengig gransking \u2013 Radio Stavanger"},"content":{"rendered":"<p><br \/>\n<\/p>\n<div id=\"mvp-content-main\">\n<p class=\"radioh-ingress\"><strong>Et ekstraordin\u00e6rt \u00e5rsm\u00f8te i Tono stemte tirsdag kveld for en uavhengig gransking av virksomheten til norske artisters vederlagsbyr\u00e5.<\/strong>\n<\/p>\n<p><strong>Innenriks<\/strong>: Det f\u00e5r VG bekreftet av Tono, som melder om en dr\u00f8y dobling av antall m\u00f8tedeltakere mot hva de er vant til p\u00e5 sine \u00e5rsm\u00f8ter.\n<\/p>\n<p>M\u00f8tet fant sted etter dramatiske m\u00e5neder for Tono.\n<\/p>\n<p>Kritikken mot pengefordeling og styringsform har haglet, og innbringende klienter som Alan Walker og Roc Boyz har gitt beskjed om at de flytter sine l\u00e5tskriverrettigheter ut av landet \u2013 slik en rekke norske artister med internasjonal suksess har gjort f\u00f8r dem.\n<\/p>\n<p>I et nytt opprop advarer de mot konsekvensene dersom de st\u00f8rste inntektsbringerne forlater fellesskapet.<\/p>\n<p>Under overskriften \u00abSammen er vi sterkest\u00bb sl\u00e5r artister som Bj\u00f8rn Eidsv\u00e5g, Kaizers-vokalist Janove Ottesen, Eva Weel Skram, Stein Torleif Bjella og Frida \u00c5nnevik fast at de \u00f8nsker \u00e5 ta vare p\u00e5 Tono som en sterk fellesarena.\n<\/p>\n<p>Opphavsrettsorganisasjonen forvalter opphavsrett til musikk p\u00e5 vegne av komponister, tekstforfattere og musikkforlag og krever \u00e5rlig inn rundt 1,1 milliarder kroner i rettighetspenger.\n<\/p>\n<p>(\u00a9NTB)\n<\/p>\n<\/p><\/div>\n<p><script async defer crossorigin=\"anonymous\" data-lazy=\"w3tc\" data-src=\"https:\/\/connect.facebook.net\/nb_NO\/sdk.js#xfbml=1&#038;version=v18.0\"><\/script><br \/>\n<br \/><br \/>\n<br \/><a href=\"https:\/\/radioh.no\/tono-arsmotet-stemte-for-uavhengig-gransking\/\">Kilde <\/a><\/p>","protected":false},"excerpt":{"rendered":"<p>Et ekstraordin\u00e6rt \u00e5rsm\u00f8te i Tono stemte tirsdag kveld for en uavhengig gransking av virksomheten til norske artisters vederlagsbyr\u00e5. Innenriks: Det f\u00e5r VG bekreftet av Tono, som melder om en dr\u00f8y dobling av antall m\u00f8tedeltakere mot hva de er vant til p\u00e5 sine \u00e5rsm\u00f8ter. M\u00f8tet fant sted etter dramatiske m\u00e5neder for Tono. Kritikken mot pengefordeling og [&hellip;]<\/p>","protected":false},"author":1,"featured_media":20300,"comment_status":"","ping_status":"","sticky":false,"template":"","format":"standard","meta":{"footnotes":""},"categories":[107],"tags":[],"tmauthors":[],"class_list":["post-20299","post","type-post","status-publish","format-standard","has-post-thumbnail","category-nyheter"],"_links":{"self":[{"href":"https:\/\/radiostavanger.no\/index.php?rest_route=\/wp\/v2\/posts\/20299","targetHints":{"allow":["GET"]}}],"collection":[{"href":"https:\/\/radiostavanger.no\/index.php?rest_route=\/wp\/v2\/posts"}],"about":[{"href":"https:\/\/radiostavanger.no\/index.php?rest_route=\/wp\/v2\/types\/post"}],"author":[{"embeddable":true,"href":"https:\/\/radiostavanger.no\/index.php?rest_route=\/wp\/v2\/users\/1"}],"replies":[{"embeddable":true,"href":"https:\/\/radiostavanger.no\/index.php?rest_route=%2Fwp%2Fv2%2Fcomments&post=20299"}],"version-history":[{"count":0,"href":"https:\/\/radiostavanger.no\/index.php?rest_route=\/wp\/v2\/posts\/20299\/revisions"}],"wp:featuredmedia":[{"embeddable":true,"href":"https:\/\/radiostavanger.no\/index.php?rest_route=\/wp\/v2\/media\/20300"}],"wp:attachment":[{"href":"https:\/\/radiostavanger.no\/index.php?rest_route=%2Fwp%2Fv2%2Fmedia&parent=20299"}],"wp:term":[{"taxonomy":"category","embeddable":true,"href":"https:\/\/radiostavanger.no\/index.php?rest_route=%2Fwp%2Fv2%2Fcategories&post=20299"},{"taxonomy":"post_tag","embeddable":true,"href":"https:\/\/radiostavanger.no\/index.php?rest_route=%2Fwp%2Fv2%2Ftags&post=20299"},{"taxonomy":"tmauthors","embeddable":true,"href":"https:\/\/radiostavanger.no\/index.php?rest_route=%2Fwp%2Fv2%2Ftmauthors&post=20299"}],"curies":[{"name":"wp","href":"https:\/\/api.w.org\/{rel}","templated":true}]}}