{"id":20311,"date":"2026-09-01T21:02:56","date_gmt":"2026-09-01T21:02:56","guid":{"rendered":"https:\/\/radiostavanger.no\/?p=20311"},"modified":"2026-09-01T21:02:56","modified_gmt":"2026-09-01T21:02:56","slug":"dommer-avgjor-om-tyler-robinson-skal-stilles-for-retten-for-drapet-pa-charlie-kirk-radio-stavanger","status":"publish","type":"post","link":"https:\/\/radiostavanger.no\/?p=20311","title":{"rendered":"Dommer avgj\u00f8r om Tyler Robinson skal stilles for retten for drapet p\u00e5 Charlie Kirk \u2013 Radio Stavanger"},"content":{"rendered":"<p><br \/>\n<\/p>\n<div id=\"mvp-content-main\">\n<p class=\"radioh-ingress\"><strong>I Utah skal en dommer tirsdag avgj\u00f8re om det finnes nok bevis til \u00e5 stille mannen som er tiltalt for drapet p\u00e5 Charlie Kirk, for retten.<\/strong>\n<\/p>\n<p><strong>Utenriks<\/strong>: Rettsm\u00f8tet i delstatsretten i Utah kommer etter at p\u00e5talemyndigheten i juli brukte fem dager p\u00e5 \u00e5 legge fram det de omtalte som \u00aboverveldende\u00bb bevis for at Tyler Robinson drepte aktivisten Charlie Kirk mens han holdt en tale ved Utah Valley University i september i fjor.\n<\/p>\n<p>Blir 23 \u00e5r gamle Robinson d\u00f8mt for drapet p\u00e5 Kirk, risikerer han d\u00f8dsstraff.\n<\/p>\n<p>Robinson meldte seg til politiet dagen etter skytingen ved universitetet, men han har enn\u00e5 ikke erkjent straffskyld. Forsvarerne har konsentrert seg om \u00e5 hindre at saken g\u00e5r til retten og om \u00e5 f\u00e5 d\u00f8dsstraff tatt av bordet.\n<\/p>\n<p>Advokatene legger fram sluttargumentene tirsdag f\u00f8r dommer Tony Graf kunngj\u00f8r sin avgj\u00f8relse, opplyser domstolens talsperson Tania Mashburn. Argumentene vil trolig dreie seg om hvorvidt p\u00e5talemyndigheten i Utah County har tilstrekkelig bevis til \u00e5 underbygge tiltalen om overlagt drap.<\/p>\n<p>(\u00a9NTB)\n<\/p>\n<\/p><\/div>\n<p><script async defer crossorigin=\"anonymous\" data-lazy=\"w3tc\" data-src=\"https:\/\/connect.facebook.net\/nb_NO\/sdk.js#xfbml=1&#038;version=v18.0\"><\/script><br \/>\n<br \/><br \/>\n<br \/><a href=\"https:\/\/radioh.no\/dommer-avgjor-om-tyler-robinson-skal-stilles-for-retten-for-drapet-pa-charlie-kirk\/\">Kilde <\/a><\/p>","protected":false},"excerpt":{"rendered":"<p>I Utah skal en dommer tirsdag avgj\u00f8re om det finnes nok bevis til \u00e5 stille mannen som er tiltalt for drapet p\u00e5 Charlie Kirk, for retten. Utenriks: Rettsm\u00f8tet i delstatsretten i Utah kommer etter at p\u00e5talemyndigheten i juli brukte fem dager p\u00e5 \u00e5 legge fram det de omtalte som \u00aboverveldende\u00bb bevis for at Tyler Robinson [&hellip;]<\/p>","protected":false},"author":1,"featured_media":20312,"comment_status":"","ping_status":"","sticky":false,"template":"","format":"standard","meta":{"footnotes":""},"categories":[107],"tags":[],"tmauthors":[],"class_list":["post-20311","post","type-post","status-publish","format-standard","has-post-thumbnail","category-nyheter"],"_links":{"self":[{"href":"https:\/\/radiostavanger.no\/index.php?rest_route=\/wp\/v2\/posts\/20311","targetHints":{"allow":["GET"]}}],"collection":[{"href":"https:\/\/radiostavanger.no\/index.php?rest_route=\/wp\/v2\/posts"}],"about":[{"href":"https:\/\/radiostavanger.no\/index.php?rest_route=\/wp\/v2\/types\/post"}],"author":[{"embeddable":true,"href":"https:\/\/radiostavanger.no\/index.php?rest_route=\/wp\/v2\/users\/1"}],"replies":[{"embeddable":true,"href":"https:\/\/radiostavanger.no\/index.php?rest_route=%2Fwp%2Fv2%2Fcomments&post=20311"}],"version-history":[{"count":0,"href":"https:\/\/radiostavanger.no\/index.php?rest_route=\/wp\/v2\/posts\/20311\/revisions"}],"wp:featuredmedia":[{"embeddable":true,"href":"https:\/\/radiostavanger.no\/index.php?rest_route=\/wp\/v2\/media\/20312"}],"wp:attachment":[{"href":"https:\/\/radiostavanger.no\/index.php?rest_route=%2Fwp%2Fv2%2Fmedia&parent=20311"}],"wp:term":[{"taxonomy":"category","embeddable":true,"href":"https:\/\/radiostavanger.no\/index.php?rest_route=%2Fwp%2Fv2%2Fcategories&post=20311"},{"taxonomy":"post_tag","embeddable":true,"href":"https:\/\/radiostavanger.no\/index.php?rest_route=%2Fwp%2Fv2%2Ftags&post=20311"},{"taxonomy":"tmauthors","embeddable":true,"href":"https:\/\/radiostavanger.no\/index.php?rest_route=%2Fwp%2Fv2%2Ftmauthors&post=20311"}],"curies":[{"name":"wp","href":"https:\/\/api.w.org\/{rel}","templated":true}]}}